{"id":15255,"date":"2009-09-29T14:16:38","date_gmt":"2009-09-29T11:16:38","guid":{"rendered":"http:\/\/www.korhanyilmaz.com\/?p=15255"},"modified":"2009-09-29T14:16:38","modified_gmt":"2009-09-29T11:16:38","slug":"ayna-ve-demirtas-zorla-mahkemeye-getirilecek","status":"publish","type":"post","link":"http:\/\/www.korhanyilmaz.com\/?p=15255","title":{"rendered":"Ayna ve Demirta\u015f zorla mahkemeye getirilecek"},"content":{"rendered":"<p style=\"text-align: center;\"><a href=\"http:\/\/www.korhanyilmaz.com\/wp-content\/uploads\/2009\/09\/zorlagetirme.jpg\"  class=\"lightview\"><img loading=\"lazy\" decoding=\"async\" class=\"aligncenter size-full wp-image-15256\" src=\"http:\/\/www.korhanyilmaz.com\/wp-content\/uploads\/2009\/09\/zorlagetirme.jpg\" alt=\"\" width=\"307\" height=\"236\" \/><\/a><\/p>\n<p style=\"text-align: justify;\">DTP&#8217;lilerin mahkemedeki ifade krizi s\u00fcrecinde Mardin Milletvekili Emine Ayna ve Diyarbak\u0131r Milletvekili Selahattin Demirta\u015f mahkemeye zorla getirilecek, DTP Genel Ba\u015fkan\u0131 Ahmet T\u00fcrk&#8217;e ise yeni bir tebligat yap\u0131lacak.<\/p>\n<p style=\"text-align: justify;\">Ankara 11. A\u011f\u0131r Ceza Mahkemesi, DTP Grup Ba\u015fkanvekili ve Diyarbak\u0131r Milletvekili Selahattin Demirta\u015f ile Genel Ba\u015fkan Yard\u0131mc\u0131s\u0131 ve Mardin Milletvekili Emine Ayna&#8217;n\u0131n, talimatla ifadelerinin al\u0131nmas\u0131 i\u00e7in polis zoruyla mahkemeye getirilmesine karar verdi. <!--more--><\/p>\n<p style=\"text-align: justify;\">Milletvekilleri ve avukatlar\u0131, bug\u00fcn de duru\u015fmalara kat\u0131lmad\u0131lar. Cumhuriyet Savc\u0131s\u0131 Mustafa Bilgili, her iki duru\u015fmada da Demirta\u015f ve Ayna hakk\u0131nda &#8220;PKK ter\u00f6r \u00f6rg\u00fct\u00fcn\u00fcn propagandas\u0131n\u0131 yapmak&#8221; su\u00e7lamas\u0131yla ba\u015fka illerde dava a\u00e7\u0131ld\u0131\u011f\u0131n\u0131 an\u0131msatt\u0131.<\/p>\n<p style=\"text-align: justify;\">Bilgili, mahkemelerin, Demirta\u015f ve Ayna&#8217;n\u0131n sorgu ve savunmas\u0131n\u0131n al\u0131nmas\u0131 i\u00e7in Ankara 11. A\u011f\u0131r Ceza Mahkemesi&#8217;ne talimat yazd\u0131\u011f\u0131na i\u015faret etti.<\/p>\n<p style=\"text-align: justify;\">Bilgili, Yarg\u0131tay 9. Ceza Dairesi&#8217;nin 2007\/9370 esas, 2008\/617 karar ve 15 Ekim 2008 tarihli kararlar\u0131nda, 3713 say\u0131l\u0131 Ter\u00f6rle M\u00fccadele Yasas\u0131&#8217;n\u0131n 7\/2. maddesinde tan\u0131mlanan &#8220;ter\u00f6r \u00f6rg\u00fct\u00fcn\u00fcn propagandas\u0131n\u0131 yapmak&#8221; su\u00e7unun, T\u00fcrkiye Cumhuriyeti Anayasas\u0131&#8217;n\u0131n 14. maddesinde \u00f6ng\u00f6r\u00fclen &#8220;devletin \u00fclkesi ve milletiyle b\u00f6l\u00fcnmez b\u00fct\u00fcnl\u00fc\u011f\u00fcn\u00fc bozmaya y\u00f6nelik su\u00e7lardan oldu\u011fu&#8221; belirtildi\u011finden, usul\u00fcne uygun tebligat yap\u0131ld\u0131\u011f\u0131 halde duru\u015fmaya gelmeyen san\u0131k Demirta\u015f ve Ayna&#8217;n\u0131n, duru\u015fmada zorla haz\u0131r edilmesini talep etti.<\/p>\n<p style=\"text-align: justify;\"><strong><em>Zorla getirme m\u00fczekkeresi yaz\u0131lacak <\/em><\/strong><\/p>\n<p style=\"text-align: justify;\">Mahkeme heyeti, san\u0131klar hakk\u0131ndaki iddianame i\u00e7eri\u011fi ile Yarg\u0131tay 9. Ceza Dairesi&#8217;nin bu y\u00f6ndeki i\u00e7tihatlar\u0131 ve usulen yap\u0131lan tebli\u011fe ra\u011fmen duru\u015fmaya gelmemeleri kar\u015f\u0131s\u0131nda, Ceza Muhakemesi Kanunu&#8217;nun (CMK) 146. ve 199. maddeleri uyar\u0131nca Demirta\u015f ve Ayna&#8217;n\u0131n duru\u015fma g\u00fcn\u00fc savunmalar\u0131n\u0131n al\u0131nabilmesi amac\u0131yla haklar\u0131nda zorla getirme m\u00fczekkeresi d\u00fczenlenmesini kararla\u015ft\u0131rd\u0131.<\/p>\n<p style=\"text-align: justify;\">Mahkeme, bu i\u015flemlerin talimat mahkemesine bildirilmesine de karar vererek, duru\u015fmalar\u0131 29 Aral\u0131k 2009&#8217;a b\u0131rakt\u0131. &#8220;Ter\u00f6r \u00f6rg\u00fct\u00fcn\u00fcn propagandas\u0131n\u0131 yapt\u0131klar\u0131&#8221; iddias\u0131yla Demirta\u015f hakk\u0131nda Diyarbak\u0131r 5. A\u011f\u0131r Ceza Mahkemesinde, Ayna hakk\u0131nda ise Adana 8. A\u011f\u0131r Ceza Mahkemesinde dava a\u00e7\u0131lm\u0131\u015ft\u0131.<\/p>\n<p style=\"text-align: justify;\"><em><strong>T\u00fcrk&#8217;\u00fcn talimat duru\u015fmas\u0131 <\/strong><\/em><\/p>\n<p style=\"text-align: justify;\">Hakk\u0131nda \u0130stanbul 9. A\u011f\u0131r Ceza Mahkemesinde &#8220;PKK ter\u00f6r \u00f6rg\u00fct\u00fcn\u00fcn propagandas\u0131n\u0131 yapmak&#8221; su\u00e7undan dava a\u00e7\u0131lan DTP Genel Ba\u015fkan\u0131 Ahmet T\u00fcrk&#8217;\u00fcn talimat duru\u015fmas\u0131 da Ankara 11. A\u011f\u0131r Ceza Mahkemesi&#8217;nde g\u00f6r\u00fcld\u00fc.<\/p>\n<p style=\"text-align: justify;\">Cumhuriyet Savc\u0131s\u0131 Bilgili, \u0130stanbul 9. A\u011f\u0131r Ceza Mahkemesi&#8217;nin, T\u00fcrk&#8217;\u00fcn sorgu ve savunmas\u0131n\u0131n al\u0131nmas\u0131 i\u00e7in Ankara 11. A\u011f\u0131r Ceza Mahkemesi&#8217;ne talimat yazd\u0131\u011f\u0131n\u0131 belirterek, talimatta, san\u0131\u011f\u0131n davetiye tebli\u011fine ra\u011fmen gelmedi\u011fi takdirde zorla getirilip, sorgu ve savunmas\u0131n\u0131n istendi\u011fini ifade etti.<\/p>\n<p style=\"text-align: justify;\">Bilgili, T\u00fcrk&#8217;e, usul\u00fcne uygun tebligat yap\u0131lmas\u0131n\u0131, bu tebligata ra\u011fmen duru\u015fmaya gelmedi\u011fi takdirde duru\u015fmaya zorla getirilmesini istedi.<\/p>\n<p style=\"text-align: justify;\">Mahkeme heyeti, T\u00fcrk&#8217;e daha \u00f6nce \u00e7\u0131kar\u0131lan tebligat\u0131n, bildirilen ikamet adresinden ta\u015f\u0131nm\u0131\u015f olmas\u0131 sebebiyle iade edildi\u011fini dikkate alarak, TBMM&#8217;deki adresi ile genel ba\u015fkanl\u0131\u011f\u0131n\u0131 yapt\u0131\u011f\u0131 DTP Genel Merkezi&#8217;ne ayr\u0131 ayr\u0131 tebligat \u00e7\u0131kar\u0131lmas\u0131na, tebligatta duru\u015fma g\u00fcn ve saatinin belirtilmesine ve iddianamenin de eklenmesine karar verdi.<\/p>\n<p style=\"text-align: justify;\">Heyet, duru\u015fmay\u0131 29 Aral\u0131k 2009&#8217;a b\u0131rakt\u0131.<\/p>\n<p style=\"text-align: justify;\"><strong><em>DTP&#8217;liler hakk\u0131nda dava a\u00e7\u0131lm\u0131\u015ft\u0131 <\/em><\/strong><\/p>\n<p style=\"text-align: justify;\">&#8220;Ter\u00f6r \u00f6rg\u00fct\u00fcn\u00fcn propagandas\u0131n\u0131 yapt\u0131\u011f\u0131&#8221; iddias\u0131yla DTP Genel Ba\u015fkan\u0131 ve Mardin Milletvekili Ahmet T\u00fcrk hakk\u0131nda \u0130stanbul 9. A\u011f\u0131r Ceza Mahkemesi&#8217;nde, Mardin Milletvekili Emine Ayna hakk\u0131nda Adana 8. A\u011f\u0131r Ceza Mahkemesi&#8217;nde, Diyarbak\u0131r Milletvekili Selahattin Demirta\u015f hakk\u0131nda Diyarbak\u0131r 5. A\u011f\u0131r Ceza Mahkemesi&#8217;nde, Diyarbak\u0131r Milletvekili Aysel Tu\u011fluk hakk\u0131nda ise \u0130stanbul ve Diyarbak\u0131r a\u011f\u0131r ceza mahkemelerinde dava a\u00e7\u0131lm\u0131\u015ft\u0131.<\/p>\n<p style=\"text-align: justify;\">Mahkemeler milletvekillerinin ifadelerinin talimatla al\u0131nmas\u0131 i\u00e7in Ankara 11. A\u011f\u0131r Ceza Mahkemesi&#8217;ne m\u00fczekkere yazm\u0131\u015ft\u0131.<\/p>\n<p style=\"text-align: justify;\">DTP \u0130stanbul Milletvekili Sebahat Tuncel&#8217;in de aras\u0131nda bulundu\u011fu DTP Kad\u0131n Meclisi \u00dcyesi 23 ki\u015fi ile DTP Diyarbak\u0131r Milletvekili Aysel Tu\u011fluk hakk\u0131nda &#8220;su\u00e7u ve su\u00e7luyu \u00f6vd\u00fckleri&#8221; iddias\u0131yla Ankara 11. A\u011f\u0131r Ceza Mahkemesi&#8217;nde 2 ayr\u0131 dava daha a\u00e7\u0131lm\u0131\u015ft\u0131.<\/p>\n<p style=\"text-align: justify;\">Ankara 11. A\u011f\u0131r Ceza Mahkemesi, davalar\u0131n \u00f6nceki celselerinde, TBMM Ba\u015fkanl\u0131\u011f\u0131na yaz\u0131 yazarak milletvekillerini ifade vermeye \u00e7a\u011f\u0131rm\u0131\u015ft\u0131.<\/p>\n<p style=\"text-align: justify;\">TBMM&#8217;nin mahkemeye verdi\u011fi cevaplarda ise &#8220;milletvekillerinin sekreterlerine yaz\u0131n\u0131n ula\u015ft\u0131r\u0131ld\u0131\u011f\u0131, ancak milletvekillerinin \u00e7al\u0131\u015fmalar\u0131 dolay\u0131s\u0131yla s\u0131k s\u0131k Ankara d\u0131\u015f\u0131nda bulundu\u011fundan yaz\u0131n\u0131n kendilerine ula\u015ft\u0131r\u0131lamad\u0131\u011f\u0131&#8221; belirtilmi\u015f, gerekli i\u015flemler tamamland\u0131\u011f\u0131nda mahkemeye bilgi verilece\u011fi kaydedilmi\u015fti.<\/p>\n<p style=\"text-align: justify;\">Mahkeme, son celsede TBMM Ba\u015fkanl\u0131\u011f\u0131&#8217;na bir kez daha yaz\u0131 g\u00f6ndererek, m\u00fczekkerelerin ak\u0131betini sormu\u015ftu. Mahkeme, yaz\u0131ya, yeni duru\u015fma g\u00fcn\u00fc ve saatini de ekleyerek, duru\u015fmalar\u0131 ertelemi\u015fti.<\/p>\n<p style=\"text-align: justify;\">Edinilen bilgiye g\u00f6re, TBMM Ba\u015fkanl\u0131\u011f\u0131, Ankara 11. A\u011f\u0131r Ceza Mahkemesine, Emine Ayna&#8217;n\u0131n sekreterine \u00e7a\u011fr\u0131 ka\u011f\u0131d\u0131n\u0131n tebli\u011f edildi\u011fini, di\u011fer milletvekillerine ise tebli\u011f edilemedi\u011fini bildirdi.<\/p>\n<p style=\"text-align: justify;\"><strong><em>DTP vekillerinin ifade vermeyece\u011fini a\u00e7\u0131klam\u0131\u015ft\u0131<\/em><\/strong><\/p>\n<p style=\"text-align: justify;\">DTP&#8217;den, konuya ili\u015fkin olarak 17 May\u0131s 2009&#8217;da yap\u0131lan yaz\u0131l\u0131 a\u00e7\u0131klamada, &#8220;milletvekillerinin ifade vermeye gitmeyecekleri&#8221; belirtilmi\u015fti.<\/p>\n<p style=\"text-align: justify;\">TBMM \u00e7at\u0131s\u0131 alt\u0131nda, adli su\u00e7lar\u0131ndan dolay\u0131 vekil se\u00e7ilmeden \u00f6nce hakk\u0131nda dava a\u00e7\u0131lan \u00e7ok say\u0131da milletvekili bulundu\u011funa dikkat \u00e7ekilen a\u00e7\u0131klamada, &#8220;Adli su\u00e7lardan dolay\u0131 fezlekesi bulunan vekillere yap\u0131lmayan bir uygulaman\u0131n, sadece a\u00e7\u0131klamalar\u0131ndan dolay\u0131 yarg\u0131lanan DTP&#8217;lilere kar\u015f\u0131 hayata ge\u00e7irilmek istenilmesi d\u00fc\u015f\u00fcnd\u00fcr\u00fcc\u00fcd\u00fcr&#8221; g\u00f6r\u00fc\u015f\u00fcne yer verilmi\u015fti.<\/p>\n<p style=\"text-align: justify;\">A\u00e7\u0131klamada, &#8220;yasama dokunulmazl\u0131\u011f\u0131&#8221; ba\u015fl\u0131kl\u0131 Anayasa&#8217;n\u0131n 83. maddesi ile &#8220;temel hak ve h\u00fcrriyetlerin k\u00f6t\u00fcye kullan\u0131lamamas\u0131&#8221; ba\u015fl\u0131kl\u0131 14. maddelerin de\u011fi\u015ftirilmesi istenmi\u015fti.<\/p>\n<p style=\"text-align: justify;\"><span style=\"color: #888888;\">CNN T\u00dcRK<\/span><\/p>\n","protected":false},"excerpt":{"rendered":"<p style=\"text-align: center;\">\n<p style=\"text-align: justify;\">DTP&#8217;lilerin mahkemedeki ifade krizi s\u00fcrecinde Mardin Milletvekili Emine Ayna ve Diyarbak\u0131r Milletvekili Selahattin Demirta\u015f mahkemeye zorla getirilecek, DTP Genel Ba\u015fkan\u0131 Ahmet T\u00fcrk&#8217;e ise yeni bir tebligat yap\u0131lacak.<\/p>\n<p style=\"text-align: justify;\">Ankara 11. A\u011f\u0131r Ceza Mahkemesi, DTP Grup Ba\u015fkanvekili ve Diyarbak\u0131r Milletvekili Selahattin Demirta\u015f ile Genel Ba\u015fkan Yard\u0131mc\u0131s\u0131 ve Mardin Milletvekili Emine <\/p>\n","protected":false},"author":1,"featured_media":0,"comment_status":"open","ping_status":"closed","sticky":false,"template":"","format":"standard","meta":{"footnotes":""},"categories":[105],"tags":[],"class_list":["post-15255","post","type-post","status-publish","format-standard","hentry","category-gundem","odd"],"_links":{"self":[{"href":"http:\/\/www.korhanyilmaz.com\/index.php?rest_route=\/wp\/v2\/posts\/15255","targetHints":{"allow":["GET"]}}],"collection":[{"href":"http:\/\/www.korhanyilmaz.com\/index.php?rest_route=\/wp\/v2\/posts"}],"about":[{"href":"http:\/\/www.korhanyilmaz.com\/index.php?rest_route=\/wp\/v2\/types\/post"}],"author":[{"embeddable":true,"href":"http:\/\/www.korhanyilmaz.com\/index.php?rest_route=\/wp\/v2\/users\/1"}],"replies":[{"embeddable":true,"href":"http:\/\/www.korhanyilmaz.com\/index.php?rest_route=%2Fwp%2Fv2%2Fcomments&post=15255"}],"version-history":[{"count":0,"href":"http:\/\/www.korhanyilmaz.com\/index.php?rest_route=\/wp\/v2\/posts\/15255\/revisions"}],"wp:attachment":[{"href":"http:\/\/www.korhanyilmaz.com\/index.php?rest_route=%2Fwp%2Fv2%2Fmedia&parent=15255"}],"wp:term":[{"taxonomy":"category","embeddable":true,"href":"http:\/\/www.korhanyilmaz.com\/index.php?rest_route=%2Fwp%2Fv2%2Fcategories&post=15255"},{"taxonomy":"post_tag","embeddable":true,"href":"http:\/\/www.korhanyilmaz.com\/index.php?rest_route=%2Fwp%2Fv2%2Ftags&post=15255"}],"curies":[{"name":"wp","href":"https:\/\/api.w.org\/{rel}","templated":true}]}}