{"id":15246,"date":"2009-09-28T15:18:27","date_gmt":"2009-09-28T12:18:27","guid":{"rendered":"http:\/\/www.korhanyilmaz.com\/?p=15246"},"modified":"2009-09-28T15:18:27","modified_gmt":"2009-09-28T12:18:27","slug":"volkan-twente-yenilgisi-elektrik-kesintisi","status":"publish","type":"post","link":"http:\/\/www.korhanyilmaz.com\/?p=15246","title":{"rendered":"Volkan: &#8220;Twente yenilgisi, elektrik kesintisi&#8221;"},"content":{"rendered":"<p style=\"text-align: center;\"><a href=\"http:\/\/www.korhanyilmaz.com\/wp-content\/uploads\/2009\/09\/FB2.jpg\"  class=\"lightview\"><img loading=\"lazy\" decoding=\"async\" class=\"aligncenter size-full wp-image-15247\" src=\"http:\/\/www.korhanyilmaz.com\/wp-content\/uploads\/2009\/09\/FB2.jpg\" alt=\"\" width=\"410\" height=\"179\" \/><\/a><\/p>\n<p style=\"text-align: justify;\">Fenerbah\u00e7e kalecisi Volkan Demirel, Twente yenilgisi i\u00e7in &#8220;elektrik kesintisi&#8221; benzetmesini yapt\u0131 ve UEFA Avrupa Ligi&#8217;nde gruptan \u00e7\u0131kacaklar\u0131n\u0131 iddia etti.<\/p>\n<p style=\"text-align: justify;\">Volkan, Can Bartu tesislerindeki antrenmandan sonra gazetecilerin sorular\u0131n\u0131 yan\u0131tlad\u0131.<\/p>\n<p style=\"text-align: justify;\">\u00c7al\u0131\u015fmalar\u0131n\u0131n kar\u015f\u0131l\u0131\u011f\u0131n\u0131 ald\u0131klar\u0131n\u0131 ifade eden Volkan, &#8220;nas\u0131l ba\u015flarsan\u0131z \u00f6yle gider diye bir laf vard\u0131r. Ge\u00e7en y\u0131l k\u00f6t\u00fc ba\u015flam\u0131\u015ft\u0131k. Bu y\u0131l iyi gidiyoruz. Her hafta kazanmak, bize ayr\u0131 bir g\u00fcven ve motivasyon kazand\u0131r\u0131yor&#8221; dedi. <!--more--><\/p>\n<p style=\"text-align: justify;\">Volkan, ma\u00e7larda son dakikaya kadar m\u00fccadele ettiklerini belirterek, &#8220;tak\u0131m olarak her ma\u00e7\u0131 kazanaca\u011f\u0131m\u0131z\u0131 biliyoruz. 90. dakikalarda golleri bulmaya ba\u015flad\u0131k, oyundan kopmuyoruz, m\u00fccadele eden diri bir tak\u0131m\u0131m\u0131z var. Bu da tabii ki yap\u0131lan idmanlara dayan\u0131yor&#8221; diye konu\u015ftu.<\/p>\n<p style=\"text-align: justify;\">Galatasaray&#8217;\u0131n puan yitirmesiyle liderlik koltu\u011funa oturduklar\u0131n\u0131 ifade eden Fenerbah\u00e7eli kaleci, &#8220;bizi kendi yapt\u0131klar\u0131m\u0131z ilgilendiriyor. Sadece Galatasaray ma\u00e7\u0131na kadar de\u011fil, sezon sonuna kadar kazanabilece\u011fimiz b\u00fct\u00fcn ma\u00e7lar\u0131 kazanmak istiyoruz. Hedefler b\u00fcy\u00fck, \u015fampiyon olmak istiyoruz&#8221; dedi.<\/p>\n<p style=\"text-align: justify;\">Bu sezon, lig \u015fampiyonlu\u011fu i\u00e7in Galatasaray&#8217;\u0131n favori g\u00f6sterildi\u011fi, bunun kendi \u00fczerlerindeki stresi azalt\u0131p azaltmad\u0131\u011f\u0131 sorulan Volkan Demirel, \u015f\u00f6yle konu\u015ftu:<\/p>\n<p style=\"text-align: justify;\">&#8220;Galatasaray d\u00fcne kadar hep farkl\u0131 kazand\u0131\u011f\u0131, bizim ma\u00e7lar\u0131m\u0131z birer farkl\u0131 bitti\u011fi i\u00e7in onlar avantajl\u0131 gibi g\u00f6sterilebilir, ama lig \u00e7ok uzun bir maraton. Neyin ne olaca\u011f\u0131 belli olmaz. \u0130lerleyen haftalarda yine puan kay\u0131plar\u0131 olacakt\u0131r. Sonu\u00e7ta 34 haftan\u0131n en \u00fcst s\u0131ras\u0131ndaki \u015fampiyon olacakt\u0131r.&#8221;<\/p>\n<p style=\"text-align: justify;\"><strong><em>&#8220;Daum ile aramda sorun olmad\u0131&#8221; <\/em><\/strong><\/p>\n<p style=\"text-align: justify;\">Volkan, sezon ba\u015f\u0131nda, Daum ile aralar\u0131nda ge\u00e7mi\u015ften gelen bir s\u0131k\u0131nt\u0131 oldu\u011fu \u015feklinde de\u011ferlendirmelerin yap\u0131ld\u0131\u011f\u0131 ifade edilerek, &#8220;sen buna oynad\u0131\u011f\u0131n futbolla bir \u015fekilde yan\u0131t verdin, bu konudaki d\u00fc\u015f\u00fcncelerin neler?&#8221; \u015feklindeki soruya \u015fu yan\u0131t\u0131 verdi:<\/p>\n<p style=\"text-align: justify;\">&#8220;Daum ile aramda hi\u00e7bir \u015fekilde sorun olmad\u0131. Sadece belki bas\u0131n farkl\u0131 yans\u0131tmak veya b\u00fcy\u00fctmek istedi. Ge\u00e7mi\u015fte ya\u015fananlar ge\u00e7mi\u015fte kalm\u0131\u015ft\u0131r. Tabii ki ge\u00e7mi\u015fime bak\u0131yorum, ama her zaman \u00f6n\u00fcme bakan biriyim. Bundan sonra hep \u00f6yle olacakt\u0131r. \u015eu an i\u015fimi en iyi \u015fekilde yap\u0131yorum ve yapmaya devam edece\u011fim.&#8221;<\/p>\n<p style=\"text-align: justify;\">&#8220;Sezona Daum ile ba\u015flamasayd\u0131n\u0131z 7&#8217;de 7 gelir miydi?&#8221; \u015feklindeki soruya Volkan, &#8220;onu kimse bilemez. Tabii ki Daum T\u00fcrkiye&#8217;yi \u00e7ok iyi tan\u0131yan bir insan. Onun olmas\u0131 bizim i\u00e7in daha fazla bir avantaj getiriyor. T\u00fcrk yemeklerini, \u00f6rf ve adetlerini bile bilen birisi. \u0130stiklal Mar\u015f\u0131&#8217;n\u0131 s\u00f6yleyebilen birisi. Gelmesi bizim i\u00e7in avantajd\u0131r diye d\u00fc\u015f\u00fcn\u00fcyorum&#8221; \u015feklinde yan\u0131t verdi.<\/p>\n<p style=\"text-align: justify;\"><strong><em>&#8220;Avrupa Ligi de \u00f6nemli&#8221; <\/em><\/strong><\/p>\n<p style=\"text-align: justify;\">Her Avrupa kupas\u0131 ma\u00e7\u0131 \u00f6ncesi Daum&#8217;un, S\u00fcper Lig&#8217;in kendileri i\u00e7in daha \u00f6nemli oldu\u011fu a\u00e7\u0131klamas\u0131n\u0131n ak\u0131llara geldi\u011fi hat\u0131rlat\u0131larak futbolcular\u0131n ne d\u00fc\u015f\u00fcnd\u00fc\u011f\u00fc sorulan Volkan, &#8220;T\u00fcrkiye Ligi \u015fampiyonlu\u011fu daha \u00f6nem kazanm\u0131\u015f gibi g\u00f6r\u00fcn\u00fcyor, \u00e7\u00fcnk\u00fc iki sezondur gelmeyen bir \u015fampiyonluk var. Bunu kazanmak istiyoruz. Belki bundan dolay\u0131 hocam\u0131z da b\u00f6yle bir a\u00e7\u0131klama yapm\u0131\u015ft\u0131r. Ama bizim i\u00e7in iki kulvar da \u00e7ok \u00f6nemli&#8221; dedi.<\/p>\n<p style=\"text-align: justify;\"><strong><em>&#8220;Twente yenilgisi, elektrik kesintisi&#8221; <\/em><\/strong><\/p>\n<p style=\"text-align: justify;\">Volkan, UEFA Avrupa Ligi&#8217;nde Kad\u0131k\u00f6y&#8217;de yapt\u0131klar\u0131 ilk ma\u00e7ta Twente&#8217;ye kar\u015f\u0131 ald\u0131klar\u0131 ma\u011flubiyeti &#8220;elektrik kesintisi&#8221; diye tan\u0131mlad\u0131.<\/p>\n<p style=\"text-align: justify;\">Sar\u0131-lacivertli futbolcu, &#8220;o ma\u00e7 arada bir elektrik kesintisi gibi oldu. 2-1 bize yak\u0131\u015fmad\u0131. Hep s\u00f6yl\u00fcyorum Fenerbah\u00e7e bu gruptan \u00e7\u0131kacakt\u0131r&#8221; dedi.<\/p>\n<p style=\"text-align: justify;\">Sheriff ma\u00e7\u0131yla g\u00fczel bir seriye ba\u015flamak istediklerini anlatan Volkan, &#8220;Fenerbah\u00e7e bu gruptan \u00e7\u0131kacakt\u0131r. Bundan kimsenin \u015f\u00fcphesi olmas\u0131n. \u0130lk ma\u00e7 k\u00f6t\u00fc bir sonu\u00e7tu ama in\u015fallah Sheriff ma\u00e7\u0131yla beraber orada g\u00fczel bir seriye ba\u015flayarak Avrupa Ligi&#8217;nde de kendimizden s\u00f6z ettirmek istiyoruz&#8221; \u015feklinde konu\u015ftu.<\/p>\n<p style=\"text-align: justify;\">Fenerbah\u00e7e ile sezon \u00f6ncesi yeni s\u00f6zle\u015fmeyi di\u011fer futbolculara g\u00f6re ge\u00e7 yapt\u0131\u011f\u0131 bu nedenle Fenerbah\u00e7e&#8217;den ayr\u0131lma korkusu ya\u015fay\u0131p ya\u015famad\u0131\u011f\u0131 sorulan Volkan, &#8220;ayr\u0131laca\u011f\u0131m\u0131 hi\u00e7 bir zaman d\u00fc\u015f\u00fcnmedim. D\u00fc\u015f\u00fcnseydim farkl\u0131 hareket ederdim. Onun i\u00e7in son ana kadar da bekledim&#8221; dedi.<\/p>\n<p style=\"text-align: justify;\"><strong><em>&#8220;T\u00fcrkiye&#8217;de yetenekli kaleciler var&#8221; <\/em><\/strong><\/p>\n<p style=\"text-align: justify;\">T\u00fcrkiye&#8217;de son y\u0131llarda kaleci yeti\u015fmedi\u011fi y\u00f6n\u00fcnde de\u011ferlendirme yap\u0131larak y\u00f6neltilen bir soru \u00fczerine de Volkan \u015funlar\u0131 kaydetti:<\/p>\n<p style=\"text-align: justify;\">&#8220;Bence \u00e7ok yetenekli T\u00fcrk arkada\u015flar var. Ama forma \u015fans\u0131 bulam\u0131yorlar. Be\u015fikta\u015f&#8217;ta Hakan bulmaya ba\u015flad\u0131. Galatasaray&#8217;da iki sezondur yabanc\u0131lar oynuyor. Aykut&#8217;u, Orkun&#8217;u iyi tan\u0131yorum. Yetenekli kaleciler var.<\/p>\n<p style=\"text-align: justify;\">&#8220;\u00d6yle 2-3 ma\u00e7 oynamakla kaleci olunmuyor. Fenerbah\u00e7e formas\u0131n\u0131 haz\u0131rl\u0131k ma\u00e7lar\u0131 dahil 200&#8217;\u00fc a\u015fk\u0131n kez giydim. Kendi kendime tam anlam\u0131yla haz\u0131r oldu\u011fumu veya kaleci oldu\u011fumu s\u00f6ylemedim. Kalecinin oynamas\u0131 laz\u0131m. T\u00fcrkiye&#8217;de malzeme var, ama \u015fans vermiyoruz. \u015eans verdi\u011fimiz taktirde iyi kaleciler yeti\u015fecektir.&#8221;<\/p>\n<p style=\"text-align: justify;\"><span style=\"color: #888888;\">CNN T\u00dcRK<\/span><\/p>\n","protected":false},"excerpt":{"rendered":"<p style=\"text-align: center;\">\n<p style=\"text-align: justify;\">Fenerbah\u00e7e kalecisi Volkan Demirel, Twente yenilgisi i\u00e7in &#8220;elektrik kesintisi&#8221; benzetmesini yapt\u0131 ve UEFA Avrupa Ligi&#8217;nde gruptan \u00e7\u0131kacaklar\u0131n\u0131 iddia etti.<\/p>\n<p style=\"text-align: justify;\">Volkan, Can Bartu tesislerindeki antrenmandan sonra gazetecilerin sorular\u0131n\u0131 yan\u0131tlad\u0131.<\/p>\n<p style=\"text-align: justify;\">\u00c7al\u0131\u015fmalar\u0131n\u0131n kar\u015f\u0131l\u0131\u011f\u0131n\u0131 ald\u0131klar\u0131n\u0131 ifade eden Volkan, &#8220;nas\u0131l ba\u015flarsan\u0131z \u00f6yle gider diye bir laf vard\u0131r. Ge\u00e7en y\u0131l k\u00f6t\u00fc ba\u015flam\u0131\u015ft\u0131k. <\/p>\n","protected":false},"author":1,"featured_media":0,"comment_status":"open","ping_status":"closed","sticky":false,"template":"","format":"standard","meta":{"footnotes":""},"categories":[42],"tags":[],"class_list":["post-15246","post","type-post","status-publish","format-standard","hentry","category-spor","odd"],"_links":{"self":[{"href":"http:\/\/www.korhanyilmaz.com\/index.php?rest_route=\/wp\/v2\/posts\/15246","targetHints":{"allow":["GET"]}}],"collection":[{"href":"http:\/\/www.korhanyilmaz.com\/index.php?rest_route=\/wp\/v2\/posts"}],"about":[{"href":"http:\/\/www.korhanyilmaz.com\/index.php?rest_route=\/wp\/v2\/types\/post"}],"author":[{"embeddable":true,"href":"http:\/\/www.korhanyilmaz.com\/index.php?rest_route=\/wp\/v2\/users\/1"}],"replies":[{"embeddable":true,"href":"http:\/\/www.korhanyilmaz.com\/index.php?rest_route=%2Fwp%2Fv2%2Fcomments&post=15246"}],"version-history":[{"count":0,"href":"http:\/\/www.korhanyilmaz.com\/index.php?rest_route=\/wp\/v2\/posts\/15246\/revisions"}],"wp:attachment":[{"href":"http:\/\/www.korhanyilmaz.com\/index.php?rest_route=%2Fwp%2Fv2%2Fmedia&parent=15246"}],"wp:term":[{"taxonomy":"category","embeddable":true,"href":"http:\/\/www.korhanyilmaz.com\/index.php?rest_route=%2Fwp%2Fv2%2Fcategories&post=15246"},{"taxonomy":"post_tag","embeddable":true,"href":"http:\/\/www.korhanyilmaz.com\/index.php?rest_route=%2Fwp%2Fv2%2Ftags&post=15246"}],"curies":[{"name":"wp","href":"https:\/\/api.w.org\/{rel}","templated":true}]}}