{"id":15243,"date":"2009-09-28T14:58:53","date_gmt":"2009-09-28T11:58:53","guid":{"rendered":"http:\/\/www.korhanyilmaz.com\/?p=15243"},"modified":"2009-09-28T14:58:53","modified_gmt":"2009-09-28T11:58:53","slug":"diyarbakirspor-hicbir-siyasi-uzantimiz-yok","status":"publish","type":"post","link":"http:\/\/www.korhanyilmaz.com\/?p=15243","title":{"rendered":"Diyarbak\u0131rspor: &#8220;Hi\u00e7bir siyasi uzant\u0131m\u0131z yok&#8221;"},"content":{"rendered":"<p style=\"text-align: center;\"><a href=\"http:\/\/www.korhanyilmaz.com\/wp-content\/uploads\/2009\/09\/D\u0130YARBAKIR.jpg\"  class=\"lightview\"><img loading=\"lazy\" decoding=\"async\" class=\"aligncenter size-full wp-image-15244\" src=\"http:\/\/www.korhanyilmaz.com\/wp-content\/uploads\/2009\/09\/D\u0130YARBAKIR.jpg\" alt=\"\" width=\"410\" height=\"179\" \/><\/a><\/p>\n<p style=\"text-align: justify;\">Diyarbak\u0131rspor ba\u015fkan\u0131 \u00c7etin S\u00fcmer, Bursaspor ma\u00e7\u0131nda at\u0131lan siyasi sloganlardan duyduklar\u0131 rahats\u0131zl\u0131\u011f\u0131 TFF ba\u015fkan\u0131 Mahmut \u00d6zgener&#8217;e iletti.<\/p>\n<p style=\"text-align: justify;\">Kul\u00fcb\u00fcn bas\u0131n s\u00f6zc\u00fcs\u00fc Suat \u00d6nen, cumartesi g\u00fcn\u00fc oynanan Bursaspor ma\u00e7\u0131nda ya\u015fanan olaylardan b\u00fcy\u00fck s\u0131k\u0131nt\u0131 duyduklar\u0131n\u0131 belirtti.<\/p>\n<p style=\"text-align: justify;\">\u00d6nen, konuyla ilgili duyduklar\u0131 rahats\u0131zl\u0131\u011f\u0131, kul\u00fcp ba\u015fkan\u0131 \u00c7etin S\u00fcmer&#8217;in \u0130stanbul&#8217;da TFF Ba\u015fkan\u0131 \u00d6zgener ve TFF y\u00f6netim kurulu \u00fcyelerine aktard\u0131\u011f\u0131n\u0131 s\u00f6yledi. <!--more--><\/p>\n<p style=\"text-align: justify;\">Diyarbak\u0131rspor&#8217;un hi\u00e7bir siyasi uzant\u0131s\u0131 bulunmad\u0131\u011f\u0131n\u0131, futbolun amac\u0131n\u0131n bar\u0131\u015f ve karde\u015fli\u011fe katk\u0131 sunmak oldu\u011funu kaydeden \u00d6nen \u015f\u00f6yle konu\u015ftu:<\/p>\n<p style=\"text-align: justify;\">&#8220;Diyarbak\u0131rspor sadece kentin de\u011fil b\u00f6lgenin tak\u0131m\u0131d\u0131r. D\u00fc\u015f\u00fcncesi ne olursa olsun b\u00fct\u00fcn Diyarbak\u0131rspor taraftar\u0131n\u0131 tek \u00e7at\u0131 alt\u0131nda bar\u0131nd\u0131r\u0131yor. Siyasi sloganlardan b\u00fcy\u00fck s\u0131k\u0131nt\u0131 duyuyoruz. Bu hem kul\u00fcbe hem de Diyarbak\u0131r&#8217;a b\u00fcy\u00fck zarar veriyor.<\/p>\n<p style=\"text-align: justify;\">&#8220;Siyasi sloganlardan duydu\u011fumuz rahats\u0131zl\u0131\u011f\u0131 Ba\u015fkan \u00d6zgener&#8217;e ve di\u011fer y\u00f6neticilere ilettik. Kendileri gerekli \u00f6nlemleri alacaklar\u0131n\u0131 belirttiler. Ya\u015fanan olaylardan b\u00fcy\u00fck \u00fcz\u00fcnt\u00fc duyduklar\u0131n\u0131 bildirdiler. Derdimiz Bursaspor&#8217;un ceza almas\u0131 de\u011fil. Ceza ile bunun \u00f6nleminin al\u0131nmas\u0131d\u0131r. Al\u0131nmazsa gelecek ma\u00e7larda ayn\u0131 \u015feyler ya\u015fanacak.<\/p>\n<p style=\"text-align: justify;\">&#8220;Bursaspor ma\u00e7\u0131nda seyircimiz ta\u015fl\u0131 sald\u0131r\u0131ya maruz kald\u0131. \u00c7ok say\u0131da taraftar\u0131m\u0131z at\u0131lan ta\u015flardan dolay\u0131 yaraland\u0131. \u015eiddeti nerede olursa olsun do\u011fru bulmuyoruz. Stadyumlar keyifle ma\u00e7 izlenecek mekanlar olmal\u0131. Biz saham\u0131zda \u00e7\u0131kan olaylarda ceza ald\u0131k. Biz bundan gerekli dersi \u00e7\u0131kard\u0131k. Saham\u0131zda olan olaylardan sonra y\u00f6netim olarak \u00e7\u0131k\u0131p ya\u015fananlar\u0131 k\u0131nad\u0131k. Bunu di\u011fer kul\u00fcp y\u00f6neticileri de yapmal\u0131d\u0131r.<\/p>\n<p style=\"text-align: justify;\">&#8220;T\u00fcrkiye&#8217;nin neresinde olursa olun \u015fiddet yanl\u0131\u015ft\u0131r. Gereken tepkiyi almal\u0131d\u0131r. Maalesef son iki g\u00fcn i\u00e7erisinde bu olaya yeterince tepki duyulmam\u0131\u015ft\u0131r. Bu Diyarbak\u0131rspor camias\u0131n\u0131 rahats\u0131z etmi\u015ftir.&#8221;<\/p>\n<p style=\"text-align: justify;\"><span style=\"color: #888888;\">CNN T\u00dcRK<\/span><\/p>\n","protected":false},"excerpt":{"rendered":"<p style=\"text-align: center;\">\n<p style=\"text-align: justify;\">Diyarbak\u0131rspor ba\u015fkan\u0131 \u00c7etin S\u00fcmer, Bursaspor ma\u00e7\u0131nda at\u0131lan siyasi sloganlardan duyduklar\u0131 rahats\u0131zl\u0131\u011f\u0131 TFF ba\u015fkan\u0131 Mahmut \u00d6zgener&#8217;e iletti.<\/p>\n<p style=\"text-align: justify;\">Kul\u00fcb\u00fcn bas\u0131n s\u00f6zc\u00fcs\u00fc Suat \u00d6nen, cumartesi g\u00fcn\u00fc oynanan Bursaspor ma\u00e7\u0131nda ya\u015fanan olaylardan b\u00fcy\u00fck s\u0131k\u0131nt\u0131 duyduklar\u0131n\u0131 belirtti.<\/p>\n<p style=\"text-align: justify;\">\u00d6nen, konuyla ilgili duyduklar\u0131 rahats\u0131zl\u0131\u011f\u0131, kul\u00fcp ba\u015fkan\u0131 \u00c7etin S\u00fcmer&#8217;in \u0130stanbul&#8217;da TFF Ba\u015fkan\u0131 \u00d6zgener ve <\/p>\n","protected":false},"author":1,"featured_media":0,"comment_status":"open","ping_status":"closed","sticky":false,"template":"","format":"standard","meta":{"footnotes":""},"categories":[42],"tags":[],"class_list":["post-15243","post","type-post","status-publish","format-standard","hentry","category-spor","odd"],"_links":{"self":[{"href":"http:\/\/www.korhanyilmaz.com\/index.php?rest_route=\/wp\/v2\/posts\/15243","targetHints":{"allow":["GET"]}}],"collection":[{"href":"http:\/\/www.korhanyilmaz.com\/index.php?rest_route=\/wp\/v2\/posts"}],"about":[{"href":"http:\/\/www.korhanyilmaz.com\/index.php?rest_route=\/wp\/v2\/types\/post"}],"author":[{"embeddable":true,"href":"http:\/\/www.korhanyilmaz.com\/index.php?rest_route=\/wp\/v2\/users\/1"}],"replies":[{"embeddable":true,"href":"http:\/\/www.korhanyilmaz.com\/index.php?rest_route=%2Fwp%2Fv2%2Fcomments&post=15243"}],"version-history":[{"count":0,"href":"http:\/\/www.korhanyilmaz.com\/index.php?rest_route=\/wp\/v2\/posts\/15243\/revisions"}],"wp:attachment":[{"href":"http:\/\/www.korhanyilmaz.com\/index.php?rest_route=%2Fwp%2Fv2%2Fmedia&parent=15243"}],"wp:term":[{"taxonomy":"category","embeddable":true,"href":"http:\/\/www.korhanyilmaz.com\/index.php?rest_route=%2Fwp%2Fv2%2Fcategories&post=15243"},{"taxonomy":"post_tag","embeddable":true,"href":"http:\/\/www.korhanyilmaz.com\/index.php?rest_route=%2Fwp%2Fv2%2Ftags&post=15243"}],"curies":[{"name":"wp","href":"https:\/\/api.w.org\/{rel}","templated":true}]}}