{"id":15235,"date":"2009-09-29T00:06:46","date_gmt":"2009-09-28T21:06:46","guid":{"rendered":"http:\/\/www.korhanyilmaz.com\/?p=15235"},"modified":"2009-09-29T00:06:46","modified_gmt":"2009-09-28T21:06:46","slug":"dtpli-vekiller-bugunku-durusmaya-gitmiyor","status":"publish","type":"post","link":"http:\/\/www.korhanyilmaz.com\/?p=15235","title":{"rendered":"DTP&#039;li vekiller bug\u00fcnk\u00fc duru\u015fmaya gitmiyor"},"content":{"rendered":"<p><a href=\"http:\/\/www.korhanyilmaz.com\/wp-content\/uploads\/2009\/09\/emine.jpg\"  class=\"lightview\"><img loading=\"lazy\" decoding=\"async\" class=\"aligncenter size-full wp-image-15236\" src=\"http:\/\/www.korhanyilmaz.com\/wp-content\/uploads\/2009\/09\/emine.jpg\" alt=\"\" width=\"292\" height=\"203\" \/><\/a><\/p>\n<p style=\"text-align: justify;\">DTP&#8217;liler bug\u00fcn g\u00f6r\u00fclecek olan Ankara 11&#8217;inci A\u011f\u0131r Ceza Mahkemesi&#8217;ndeki duru\u015fmaya ifade vermeye gitmeyeceklerini bildirdi.<\/p>\n<p style=\"text-align: justify;\">TBMM ile Ankara 11&#8217;inci A\u011f\u0131r Ceza Mahkemesi aras\u0131nda krize neden olan ve bir ara polis zoruyla getirilmeleri bile g\u00fcndemde olan DTP Genel Ba\u015fkan\u0131 Ahmet T\u00fcrk, Genel Ba\u015fkan Yard\u0131mc\u0131s\u0131 Emine Ayna ve DTP Grup Ba\u015fkan Vekili Selahattin Demirta\u015f&#8217;\u0131n 11&#8217;inci A\u011f\u0131r Ceza Mahkemesi&#8217;ndeki yarg\u0131lanmalar\u0131na bug\u00fcn devam edilecek.<\/p>\n<p style=\"text-align: justify;\">DTP Grup Ba\u015fkan Vekili Selahattin Demirta\u015f, daha \u00f6nce parti olarak ald\u0131klar\u0131 karar gerek\u00e7esiyle ifade vermeye gitmeyeceklerini s\u00f6yledi.<\/p>\n<p style=\"text-align: justify;\">Demirta\u015f, &#8220;Bize yar\u0131nki (bug\u00fcnk\u00fc) duru\u015fma i\u00e7in tebligat gelmedi. Gelmedi\u011fine g\u00f6re de mahkemeye geri gitmi\u015ftir diye d\u00fc\u015f\u00fcn\u00fcyorum. Gidip ifade verme niyetimiz ve d\u00fc\u015f\u00fcncemiz yoktur&#8221; dedi. <!--more--><\/p>\n<p style=\"text-align: justify;\">Hakk\u0131nda dava a\u00e7\u0131lan ve yarg\u0131lanmas\u0131 s\u00fcren DTP Diyarbak\u0131r Milletvekili Aysel Tu\u011fluk ise, ald\u0131klar\u0131 karar do\u011frultusunda mahkemeye ifade vermeye gitmeyeceklerini, bug\u00fcn yap\u0131lacak olan duru\u015fma i\u00e7in tebligat\u0131 teslim almad\u0131klar\u0131n\u0131 s\u00f6yledi.<\/p>\n<p style=\"text-align: justify;\"><em><strong>DTP&#8217;liler hakk\u0131nda dava a\u00e7\u0131lm\u0131\u015ft\u0131 <\/strong><\/em><\/p>\n<p style=\"text-align: justify;\">&#8220;Ter\u00f6r \u00f6rg\u00fct\u00fcn\u00fcn propagandas\u0131n\u0131 yapt\u0131\u011f\u0131&#8221; iddias\u0131yla DTP Genel Ba\u015fkan\u0131 ve Mardin Milletvekili Ahmet T\u00fcrk hakk\u0131nda \u0130stanbul 9. A\u011f\u0131r Ceza Mahkemesi&#8217;nde, Mardin Milletvekili Emine Ayna hakk\u0131nda Adana 8. A\u011f\u0131r Ceza Mahkemesi&#8217;nde, Diyarbak\u0131r Milletvekili Selahattin Demirta\u015f hakk\u0131nda Diyarbak\u0131r 5. A\u011f\u0131r Ceza Mahkemesi&#8217;nde, Diyarbak\u0131r Milletvekili Aysel Tu\u011fluk hakk\u0131nda ise \u0130stanbul ve Diyarbak\u0131r a\u011f\u0131r ceza mahkemelerinde dava a\u00e7\u0131lm\u0131\u015ft\u0131.<\/p>\n<p style=\"text-align: justify;\">Mahkemeler milletvekillerinin ifadelerinin talimatla al\u0131nmas\u0131 i\u00e7in Ankara 11. A\u011f\u0131r Ceza Mahkemesi&#8217;ne m\u00fczekkere yazm\u0131\u015ft\u0131.<\/p>\n<p style=\"text-align: justify;\">DTP \u0130stanbul Milletvekili Sebahat Tuncel&#8217;in de aras\u0131nda bulundu\u011fu DTP Kad\u0131n Meclisi \u00dcyesi 23 ki\u015fi ile DTP Diyarbak\u0131r Milletvekili Aysel Tu\u011fluk hakk\u0131nda &#8220;su\u00e7u ve su\u00e7luyu \u00f6vd\u00fckleri&#8221; iddias\u0131yla Ankara 11. A\u011f\u0131r Ceza Mahkemesi&#8217;nde 2 ayr\u0131 dava daha a\u00e7\u0131lm\u0131\u015ft\u0131.<\/p>\n<p style=\"text-align: justify;\">Ankara 11. A\u011f\u0131r Ceza Mahkemesi, davalar\u0131n \u00f6nceki celselerinde, TBMM Ba\u015fkanl\u0131\u011f\u0131na yaz\u0131 yazarak milletvekillerini ifade vermeye \u00e7a\u011f\u0131rm\u0131\u015ft\u0131.<\/p>\n<p style=\"text-align: justify;\">TBMM&#8217;nin mahkemeye verdi\u011fi cevaplarda ise &#8220;milletvekillerinin sekreterlerine yaz\u0131n\u0131n ula\u015ft\u0131r\u0131ld\u0131\u011f\u0131, ancak milletvekillerinin \u00e7al\u0131\u015fmalar\u0131 dolay\u0131s\u0131yla s\u0131k s\u0131k Ankara d\u0131\u015f\u0131nda bulundu\u011fundan yaz\u0131n\u0131n kendilerine ula\u015ft\u0131r\u0131lamad\u0131\u011f\u0131&#8221; belirtilmi\u015f, gerekli i\u015flemler tamamland\u0131\u011f\u0131nda mahkemeye bilgi verilece\u011fi kaydedilmi\u015fti.<\/p>\n<p style=\"text-align: justify;\">Mahkeme, son celsede TBMM Ba\u015fkanl\u0131\u011f\u0131&#8217;na bir kez daha yaz\u0131 g\u00f6ndererek, m\u00fczekkerelerin ak\u0131betini sormu\u015ftu. Mahkeme, yaz\u0131ya, yeni duru\u015fma g\u00fcn\u00fc ve saatini de ekleyerek, duru\u015fmalar\u0131 ertelemi\u015fti.<\/p>\n<p style=\"text-align: justify;\">Edinilen bilgiye g\u00f6re, TBMM Ba\u015fkanl\u0131\u011f\u0131, Ankara 11. A\u011f\u0131r Ceza Mahkemesine, Emine Ayna&#8217;n\u0131n sekreterine \u00e7a\u011fr\u0131 ka\u011f\u0131d\u0131n\u0131n tebli\u011f edildi\u011fini, di\u011fer milletvekillerine ise tebli\u011f edilemedi\u011fini bildirdi.<\/p>\n<p style=\"text-align: justify;\"><strong><em>DTP vekillerinin ifade vermeyece\u011fini a\u00e7\u0131klam\u0131\u015ft\u0131 <\/em><\/strong><\/p>\n<p style=\"text-align: justify;\">DTP&#8217;den, konuya ili\u015fkin olarak 17 May\u0131s 2009&#8217;da yap\u0131lan yaz\u0131l\u0131 a\u00e7\u0131klamada, &#8220;milletvekillerinin ifade vermeye gitmeyecekleri&#8221; belirtilmi\u015fti.<\/p>\n<p style=\"text-align: justify;\">TBMM \u00e7at\u0131s\u0131 alt\u0131nda, adli su\u00e7lar\u0131ndan dolay\u0131 vekil se\u00e7ilmeden \u00f6nce hakk\u0131nda dava a\u00e7\u0131lan \u00e7ok say\u0131da milletvekili bulundu\u011funa dikkat \u00e7ekilen a\u00e7\u0131klamada, &#8220;Adli su\u00e7lardan dolay\u0131 fezlekesi bulunan vekillere yap\u0131lmayan bir uygulaman\u0131n, sadece a\u00e7\u0131klamalar\u0131ndan dolay\u0131 yarg\u0131lanan DTP&#8217;lilere kar\u015f\u0131 hayata ge\u00e7irilmek istenilmesi d\u00fc\u015f\u00fcnd\u00fcr\u00fcc\u00fcd\u00fcr&#8221; g\u00f6r\u00fc\u015f\u00fcne yer verilmi\u015fti.<\/p>\n<p style=\"text-align: justify;\">A\u00e7\u0131klamada, &#8220;yasama dokunulmazl\u0131\u011f\u0131&#8221; ba\u015fl\u0131kl\u0131 Anayasa&#8217;n\u0131n 83. maddesi ile &#8220;temel hak ve h\u00fcrriyetlerin k\u00f6t\u00fcye kullan\u0131lamamas\u0131&#8221; ba\u015fl\u0131kl\u0131 14. maddelerin de\u011fi\u015ftirilmesi istenmi\u015fti.<\/p>\n<p style=\"text-align: justify;\"><strong><em>Mahkemenin karar\u0131 ne olacak? <\/em><\/strong><\/p>\n<p style=\"text-align: justify;\">Milletvekillerinin duru\u015fmalara kat\u0131lmamalar\u0131 halinde nas\u0131l bir yol izlenece\u011fine Ankara 11. A\u011f\u0131r Ceza Mahkemesi karar verecek. DTP Genel Ba\u015fkan\u0131 T\u00fcrk ile milletvekilleri Ayna ve Demirta\u015f&#8217;\u0131n talimatla ifadesinin al\u0131nmas\u0131 y\u00f6n\u00fcndeki duru\u015fma yar\u0131n g\u00f6r\u00fclecek.<\/p>\n<p style=\"text-align: justify;\">Tu\u011fluk hakk\u0131nda, &#8220;su\u00e7u ve su\u00e7luyu \u00f6vd\u00fc\u011f\u00fc&#8221; iddias\u0131yla a\u00e7\u0131lan davan\u0131n g\u00f6r\u00fclmesine de yar\u0131n devam edilecek. Tu\u011fluk hakk\u0131nda, \u0130stanbul ve Diyarbak\u0131r a\u011f\u0131r ceza mahkemelerinde a\u00e7\u0131lan davalarla ilgili talimat duru\u015fmalar\u0131 ise 30 Eyl\u00fcl \u00c7ar\u015famba g\u00fcn\u00fc g\u00f6r\u00fclecek.<\/p>\n<p style=\"text-align: justify;\">Mahkeme, DTP \u0130stanbul Milletvekili Tuncel&#8217;in de aras\u0131nda bulundu\u011fu DTP Kad\u0131n Meclisi \u00dcyesi 23 ki\u015finin yarg\u0131land\u0131\u011f\u0131 davan\u0131n g\u00f6r\u00fclmesi de ayn\u0131 g\u00fcn devam edecek.<\/p>\n<p style=\"text-align: justify;\"><span style=\"color: #888888;\">CNN T\u00dcRK<\/span><\/p>\n<p style=\"text-align: justify;\">\n","protected":false},"excerpt":{"rendered":"<\/p>\n<p style=\"text-align: justify;\">DTP&#8217;liler bug\u00fcn g\u00f6r\u00fclecek olan Ankara 11&#8217;inci A\u011f\u0131r Ceza Mahkemesi&#8217;ndeki duru\u015fmaya ifade vermeye gitmeyeceklerini bildirdi.<\/p>\n<p style=\"text-align: justify;\">TBMM ile Ankara 11&#8217;inci A\u011f\u0131r Ceza Mahkemesi aras\u0131nda krize neden olan ve bir ara polis zoruyla getirilmeleri bile g\u00fcndemde olan DTP Genel Ba\u015fkan\u0131 Ahmet T\u00fcrk, Genel Ba\u015fkan Yard\u0131mc\u0131s\u0131 Emine Ayna ve DTP Grup Ba\u015fkan Vekili Selahattin <\/p>\n","protected":false},"author":1,"featured_media":0,"comment_status":"open","ping_status":"closed","sticky":false,"template":"","format":"standard","meta":{"footnotes":""},"categories":[105],"tags":[],"class_list":["post-15235","post","type-post","status-publish","format-standard","hentry","category-gundem","odd"],"_links":{"self":[{"href":"http:\/\/www.korhanyilmaz.com\/index.php?rest_route=\/wp\/v2\/posts\/15235","targetHints":{"allow":["GET"]}}],"collection":[{"href":"http:\/\/www.korhanyilmaz.com\/index.php?rest_route=\/wp\/v2\/posts"}],"about":[{"href":"http:\/\/www.korhanyilmaz.com\/index.php?rest_route=\/wp\/v2\/types\/post"}],"author":[{"embeddable":true,"href":"http:\/\/www.korhanyilmaz.com\/index.php?rest_route=\/wp\/v2\/users\/1"}],"replies":[{"embeddable":true,"href":"http:\/\/www.korhanyilmaz.com\/index.php?rest_route=%2Fwp%2Fv2%2Fcomments&post=15235"}],"version-history":[{"count":0,"href":"http:\/\/www.korhanyilmaz.com\/index.php?rest_route=\/wp\/v2\/posts\/15235\/revisions"}],"wp:attachment":[{"href":"http:\/\/www.korhanyilmaz.com\/index.php?rest_route=%2Fwp%2Fv2%2Fmedia&parent=15235"}],"wp:term":[{"taxonomy":"category","embeddable":true,"href":"http:\/\/www.korhanyilmaz.com\/index.php?rest_route=%2Fwp%2Fv2%2Fcategories&post=15235"},{"taxonomy":"post_tag","embeddable":true,"href":"http:\/\/www.korhanyilmaz.com\/index.php?rest_route=%2Fwp%2Fv2%2Ftags&post=15235"}],"curies":[{"name":"wp","href":"https:\/\/api.w.org\/{rel}","templated":true}]}}