{"id":15231,"date":"2009-09-28T15:34:00","date_gmt":"2009-09-28T12:34:00","guid":{"rendered":"http:\/\/www.korhanyilmaz.com\/?p=15231"},"modified":"2009-09-28T15:34:00","modified_gmt":"2009-09-28T12:34:00","slug":"turk-vekilin-buyuk-azmi","status":"publish","type":"post","link":"http:\/\/www.korhanyilmaz.com\/?p=15231","title":{"rendered":"T\u00fcrk vekilin b\u00fcy\u00fck azmi"},"content":{"rendered":"<p style=\"text-align: center;\"><a href=\"http:\/\/www.korhanyilmaz.com\/wp-content\/uploads\/2009\/09\/290920090056134521313.jpg\"  class=\"lightview\"><img loading=\"lazy\" decoding=\"async\" class=\"aligncenter size-full wp-image-15232\" src=\"http:\/\/www.korhanyilmaz.com\/wp-content\/uploads\/2009\/09\/290920090056134521313.jpg\" alt=\"\" width=\"329\" height=\"210\" \/><\/a><\/p>\n<p style=\"text-align: justify;\">Tuvalet temizledi, garsonluk yapt\u0131 \u015fimdi milletvekili oldu<\/p>\n<p style=\"text-align: justify;\">Almanya\u2019da \u00f6nceki g\u00fcn yap\u0131lan genel se\u00e7imlerde 5 T\u00fcrk, milletvekili olmay\u0131 ba\u015fard\u0131. Bunlardan biri ise Sol Parti\u2019den Sevim Da\u011fdelen. Erzincanl\u0131 bir ailenin alt\u0131 \u00e7ocu\u011fundan biri olan Da\u011fdelen \u00fcniversiteyi garsonluk yaparak ve tuvalet temizleyerek bitirdi.<\/p>\n<p style=\"text-align: justify;\">Almanya\u2019da \u00f6nceki g\u00fcn yap\u0131lan se\u00e7imler sonucunda be\u015f T\u00fcrk as\u0131ll\u0131 aday milletvekili se\u00e7ildi. Ye\u015filler lideri Cem \u00d6zdemir ve y\u0131llard\u0131r Sosyal Demokrat Parti\u2019de \u00f6nemli roller \u00fcstlenen Lale Akg\u00fcn gibi a\u011f\u0131r toplar\u0131n bile Meclis\u2019e girmeyi ba\u015faramad\u0131\u011f\u0131 se\u00e7imde, sand\u0131ktan \u00e7\u0131kan T\u00fcrk as\u0131ll\u0131 adaylar aras\u0131nda bir ki\u015fi ilgin\u00e7 hayat hikayesiyle dikkat \u00e7ekiyor. Bu ki\u015fi Sol Parti\u2019den ikinci kez Meclis\u2019e giren 34 ya\u015f\u0131ndaki Sevim Da\u011fdelen&#8230; <!--more--><\/p>\n<p style=\"text-align: justify;\">Ge\u00e7en d\u00f6nem Meclis\u2019te partisinin g\u00f6\u00e7 ve uyum politikalar\u0131 s\u00f6zc\u00fcs\u00fc olarak g\u00f6rev yapan Duisburg do\u011fumlu Da\u011fdelen, gen\u00e7 ya\u015f\u0131na ra\u011fmen siyasette olduk\u00e7a tecr\u00fcbeli bir isim. K\u00f6ln \u00dcniversitesi ve Avustralya\u2019daki Adelaide \u00dcniversitesi\u2019nde hukuk e\u011fitimini tamamlayan Da\u011fdelen, Erzincan\u2019dan g\u00f6\u00e7 etmi\u015f bir ailenin alt\u0131 \u00e7ocu\u011fundan biri. Ailesinin durumu nedeniyle hem okula gidip hem de \u00e7al\u0131\u015fmak zorunda kalan Da\u011fdelen, 16 ya\u015f\u0131nda D\u00fcsseldorf Havaalan\u0131\u2019nda temizlik\u00e7i olarak \u00e7al\u0131\u015ft\u0131. Burada u\u00e7ak temizli\u011fi, tuvalet temizli\u011fi yapan Da\u011fdelen\u2019in siyasete at\u0131lmas\u0131nda b\u00fcy\u00fck etkisi olan sendika \u00fcyeli\u011fi de o ya\u015flarda ba\u015flad\u0131.<\/p>\n<p style=\"text-align: justify;\"><strong><em>\u0130ki d\u00f6nemdir Meclis\u2019te<\/em><\/strong><\/p>\n<p style=\"text-align: justify;\">Fuarlarda ve kafelerde garsonluk da yapan gen\u00e7 vekil, \u00fcniversite y\u0131llar\u0131nda ise bir s\u00fcre gazeteci ve \u00e7evirmen olarak \u00e7al\u0131\u015ft\u0131. Eyl\u00fcl 2005\u2019te yap\u0131lan se\u00e7imlerde Sol Parti\u2019den milletvekili se\u00e7ilen ba\u015far\u0131l\u0131 siyaset\u00e7i, Deniz Feneri e. V. ma\u011fdurlar\u0131 ve Almanya\u2019da \u0130slami holdinglere yat\u0131r\u0131m yapanlar\u0131n durumlar\u0131yla ilgili \u00f6nergeler sundu. Da\u011fdelen bir r\u00f6portaj\u0131nda \u201cTemizlikten milletvekilli\u011fine diye haber yap\u0131l\u0131yor. Bundan hi\u00e7bir zaman utanmad\u0131m, bunu saklamad\u0131m. Hi\u00e7bir zaman bir i\u015f\u00e7inin, emek\u00e7inin al\u0131nteriyle kazand\u0131\u011f\u0131 paray\u0131 ay\u0131plamam. Al\u0131n terimle para kazanarak, aileme y\u00fck olmamak i\u00e7in \u00e7al\u0131\u015ft\u0131m. Bir i\u015f\u00e7inin, emek\u00e7inin \u00e7al\u0131\u015fmas\u0131, para kazanmas\u0131 onurlu bir olay\u201d ifadelerini kulland\u0131.<\/p>\n<p style=\"text-align: justify;\"><strong><em>\u00dczerime D\u00fc\u015feni Yapaca\u011f\u0131m <\/em><\/strong><\/p>\n<p style=\"text-align: justify;\">Da\u011fdelen se\u00e7imden sonra yapt\u0131\u011f\u0131 a\u00e7\u0131klamada, \u201cYeni d\u00f6nemde daha g\u00fc\u00e7l\u00fc bir muhalefet gerekecek. \u00d6zellikle ekonomik krizin emek\u00e7ilerin s\u0131rt\u0131na y\u00fcklenmesine, sosyal e\u015fitsizli\u011fin derinle\u015ftirilmesine, yoksullu\u011fun artmas\u0131na, sava\u015f yanl\u0131s\u0131 politikalar, g\u00f6\u00e7menlere y\u00f6nelik d\u0131\u015flay\u0131c\u0131 politikalara kar\u015f\u0131 daha fazla m\u00fccadele etmemiz gerekecek. Ben bunun i\u00e7in \u00fczerime d\u00fc\u015feni yerine getirmeye devam edece\u011fim\u201d dedi.<\/p>\n<p style=\"text-align: justify;\"><strong><em>Tokatl\u0131 da var Fatsal\u0131 da <\/em><\/strong><\/p>\n<p style=\"text-align: justify;\"><em><strong>Ekin Delig\u00f6z :<\/strong><\/em> Ye\u015filler Partisi\u2019nin Bavyera listesinden se\u00e7ildi. 1971 Tokat do\u011fumlu Delig\u00f6z, sekiz ya\u015f\u0131nda ailesiyle birlikte Almanya\u2019ya g\u00f6\u00e7 etti. 11 y\u0131l \u00f6nce girdi\u011fi meclis\u2019te d\u00f6rt d\u00f6nemdir vekillik yap\u0131yor.<\/p>\n<p style=\"text-align: justify;\"><strong><em>Mehmet K\u0131l\u0131\u00e7 :<\/em><\/strong> 42 ya\u015f\u0131nda, avukatl\u0131k yap\u0131yor. Ye\u015filler milletvekili olan K\u0131l\u0131\u00e7, 2000\u2019den beri Federal Almanya Yabanc\u0131lar Meclisi Ba\u015fkanl\u0131\u011f\u0131\u2019n\u0131 y\u00fcr\u00fct\u00fcyor. T\u00fcrkiye\u2019de do\u011fan K\u0131l\u0131\u00e7, Ankara \u00dcniversitesi mezunu.<\/p>\n<p style=\"text-align: justify;\"><strong><em>Serkan T\u00f6ren : <\/em><\/strong>H\u00fcr Demokrat Parti\u2019nin ilk T\u00fcrk vekili. 1972\u2019de Fatsa\u2019da do\u011fdu. Hamburg\u2019da avukatl\u0131k yap\u0131yor. Hedefinin T\u00fcrklere f\u0131rsat e\u015fitli\u011fi sa\u011flamak oldu\u011funu s\u00f6yledi.<\/p>\n<p style=\"text-align: justify;\"><strong><em>Aydan \u00d6zo\u011fuz :<\/em><\/strong> Sosyal Demokrat Parti\u2019den se\u00e7ilerek, ilk kez Meclis\u2019e girdi. Hamburg do\u011fumlu<\/p>\n<p style=\"text-align: justify;\">42 ya\u015f\u0131ndaki \u00d6zo\u011fuz, 2001-2008 aras\u0131nda Hamburg Meclisi \u00fcyesiydi.<\/p>\n<p style=\"text-align: justify;\"><span style=\"color: #888888;\">Kaynak : Vatan<\/span><\/p>\n","protected":false},"excerpt":{"rendered":"<p style=\"text-align: center;\">\n<p style=\"text-align: justify;\">Tuvalet temizledi, garsonluk yapt\u0131 \u015fimdi milletvekili oldu<\/p>\n<p style=\"text-align: justify;\">Almanya\u2019da \u00f6nceki g\u00fcn yap\u0131lan genel se\u00e7imlerde 5 T\u00fcrk, milletvekili olmay\u0131 ba\u015fard\u0131. Bunlardan biri ise Sol Parti\u2019den Sevim Da\u011fdelen. Erzincanl\u0131 bir ailenin alt\u0131 \u00e7ocu\u011fundan biri olan Da\u011fdelen \u00fcniversiteyi garsonluk yaparak ve tuvalet temizleyerek bitirdi.<\/p>\n<p style=\"text-align: justify;\">Almanya\u2019da \u00f6nceki g\u00fcn yap\u0131lan se\u00e7imler sonucunda <\/p>\n","protected":false},"author":1,"featured_media":0,"comment_status":"open","ping_status":"closed","sticky":false,"template":"","format":"standard","meta":{"footnotes":""},"categories":[3],"tags":[],"class_list":["post-15231","post","type-post","status-publish","format-standard","hentry","category-dunya","odd"],"_links":{"self":[{"href":"http:\/\/www.korhanyilmaz.com\/index.php?rest_route=\/wp\/v2\/posts\/15231","targetHints":{"allow":["GET"]}}],"collection":[{"href":"http:\/\/www.korhanyilmaz.com\/index.php?rest_route=\/wp\/v2\/posts"}],"about":[{"href":"http:\/\/www.korhanyilmaz.com\/index.php?rest_route=\/wp\/v2\/types\/post"}],"author":[{"embeddable":true,"href":"http:\/\/www.korhanyilmaz.com\/index.php?rest_route=\/wp\/v2\/users\/1"}],"replies":[{"embeddable":true,"href":"http:\/\/www.korhanyilmaz.com\/index.php?rest_route=%2Fwp%2Fv2%2Fcomments&post=15231"}],"version-history":[{"count":0,"href":"http:\/\/www.korhanyilmaz.com\/index.php?rest_route=\/wp\/v2\/posts\/15231\/revisions"}],"wp:attachment":[{"href":"http:\/\/www.korhanyilmaz.com\/index.php?rest_route=%2Fwp%2Fv2%2Fmedia&parent=15231"}],"wp:term":[{"taxonomy":"category","embeddable":true,"href":"http:\/\/www.korhanyilmaz.com\/index.php?rest_route=%2Fwp%2Fv2%2Fcategories&post=15231"},{"taxonomy":"post_tag","embeddable":true,"href":"http:\/\/www.korhanyilmaz.com\/index.php?rest_route=%2Fwp%2Fv2%2Ftags&post=15231"}],"curies":[{"name":"wp","href":"https:\/\/api.w.org\/{rel}","templated":true}]}}