{"id":15225,"date":"2009-09-28T13:50:02","date_gmt":"2009-09-28T10:50:02","guid":{"rendered":"http:\/\/www.korhanyilmaz.com\/?p=15225"},"modified":"2009-09-28T13:50:02","modified_gmt":"2009-09-28T10:50:02","slug":"yoksul-guney%e2%80%99in-nato%e2%80%99su-geliyor","status":"publish","type":"post","link":"http:\/\/www.korhanyilmaz.com\/?p=15225","title":{"rendered":"YOKSUL G\u00dcNEY\u2019\u0130N NATO\u2019SU GEL\u0130YOR"},"content":{"rendered":"<p style=\"text-align: center;\"><a href=\"http:\/\/www.korhanyilmaz.com\/wp-content\/uploads\/2009\/09\/hugo.jpg\"  class=\"lightview\"><img loading=\"lazy\" decoding=\"async\" class=\"aligncenter size-full wp-image-15226\" src=\"http:\/\/www.korhanyilmaz.com\/wp-content\/uploads\/2009\/09\/hugo.jpg\" alt=\"\" width=\"270\" height=\"207\" \/><\/a><\/p>\n<p style=\"text-align: justify;\">G. Amerika ve Afrika \u00fclkelerinin olu\u015fturdu\u011fu &#8216;G\u00fcney Zirvesi&#8217; tamamland\u0131. Kaddafi \u201cG\u00fcney\u2019in NATO\u2019su\u201d olarak adland\u0131rd\u0131\u011f\u0131 bir savunma ittifak\u0131 kurulmas\u0131 teklifinde bulundu. Chavez ise k\u0131talararas\u0131 i\u015fbirli\u011fi \u00e7a\u011fr\u0131s\u0131 yapt\u0131<\/p>\n<p style=\"text-align: justify;\">Bu sene ikincisi d\u00fczenlenen G\u00fcney Amerika-Afrika Zirvesi (ASA) 26-27 Eyl\u00fcl tarihleri aras\u0131nda Venezuela&#8217;n\u0131n Margarita (Porlamar) kentinde ger\u00e7ekle\u015ftirildi.<!--more--><\/p>\n<p style=\"text-align: justify;\">\u0130kincisi d\u00fczenlenen zirveye Libya lideri Muammer Kaddafi damgas\u0131n\u0131 vurdu. G\u00fcney Amerika&#8217;y\u0131 ilk kez ziyaret eden Kaddafi, Afrika ile G. Amerika&#8217;ya siyasi ve ekonomik g\u00fc\u00e7 olmalar\u0131 \u00e7a\u011fr\u0131s\u0131nda bulunarak, &#8221;D\u00fcnyay\u0131 birlikte yeniden \u015fekillendirebiliriz&#8221; dedi. Kaddafi, G\u00fcney Amerika ile Afrika \u00fclkeleri aras\u0131nda &#8221;G\u00fcneyin NATO&#8217;su&#8221; olarak adland\u0131rd\u0131\u011f\u0131 bir savunma ittifak\u0131 kurulmas\u0131 teklifinde bulundu.<\/p>\n<p style=\"text-align: justify;\"><strong><em>\u2018YEN\u0130 B\u0130R D\u00dcNYA DO\u011eUYOR\u2019<\/em><\/strong><\/p>\n<p style=\"text-align: justify;\">Kaddafi ile Venezuela Devlet Ba\u015fkan\u0131 Hugo Chavez, 30&#8217;a yak\u0131n Afrika ve G\u00fcney Amerika liderine \u00e7a\u011fr\u0131da bulunarak, iki k\u0131tan\u0131n yeni bir k\u00fcresel g\u00fc\u00e7 haline getirilmesi amac\u0131yla k\u0131talararas\u0131 g\u00fc\u00e7l\u00fc ittifak kurulmas\u0131n\u0131 istedi.<\/p>\n<p style=\"text-align: justify;\">Chavez ise 2006 y\u0131l\u0131nda Nijerya&#8217;da ger\u00e7ekle\u015fen ilk zirveyle birlikte, bu iki k\u0131tada emperyalizme daha fazla yer olmad\u0131\u011f\u0131 ve halklar\u0131n geri kalm\u0131\u015fl\u0131ktan, sefaletten kurtulmak i\u00e7in \u00f6zg\u00fcrle\u015fti\u011fi yeni bir 21. yy d\u00fcnyas\u0131n\u0131n do\u011fdu\u011funu belirtti. &#8216;Yar\u0131ndan itibaren UNASUR ve Afrika Birli\u011fi aras\u0131nda yeni bir b\u00fct\u00fcnle\u015fme mekanizmas\u0131n\u0131 yaratmak i\u00e7in u\u011fra\u015faca\u011f\u0131z. Kuzey Amerika ve Avrupa emperyalistlerinin bizlere vurdu\u011fu azgeli\u015fmi\u015flik zincirlerinden kurtulabilmek i\u00e7in \u00e7ok kutuplu bu d\u00fcnyan\u0131n iki kutbunu birle\u015ftirece\u011fiz.&#8217; diyerek s\u00f6zlerini tamamlad\u0131.<\/p>\n<p style=\"text-align: justify;\">Afrika ve Latin Amerika \u00fclkelerinden \u00e7ok say\u0131da lider ve temsilci kat\u0131ld\u0131. Zirvede, kar\u015f\u0131l\u0131kl\u0131 ili\u015fkiler, bar\u0131\u015f meselesi, h\u00fck\u00fcmetlerin y\u00f6netebilirlik kapasitesinin geli\u015ftirilmesi, enerji, g\u0131da, ticaret, altyap\u0131, sa\u011fl\u0131k, i\u015f ve ileti\u015fim gibi konular ele al\u0131nd\u0131.<\/p>\n<p style=\"text-align: justify;\">26-30 Kas\u0131m 2006&#8217;da Nijerya&#8217;da birincisi yap\u0131lan bu zirvede, tar\u0131m ve tar\u0131m end\u00fcstrisi, k\u0131rsal geli\u015fim, ticaret ve yat\u0131r\u0131m, a\u00e7l\u0131\u011fa ve yoksullu\u011fa kar\u015f\u0131 m\u00fccadele, enerji ve madenler tart\u0131\u015f\u0131lm\u0131\u015ft\u0131. Bu toplant\u0131n\u0131n da ba\u015fl\u0131klar\u0131 temel olarak bu konular olmas\u0131na ra\u011fmen ikincisi yap\u0131lacak bu zirvede a\u011f\u0131rl\u0131kl\u0131 olarak somut eylem kararlar\u0131 al\u0131nacak ve planlamalar yap\u0131lacak.<\/p>\n<p style=\"text-align: justify;\"><span style=\"color: #888888;\">Kaynak :<a href=\"http:\/\/www.birgun.net\/world_index.php?news_code=1254134932&amp;year=2009&amp;month=09&amp;day=28\" target=\"_blank\"> BirG\u00fcn<\/a><\/span><\/p>\n","protected":false},"excerpt":{"rendered":"<p style=\"text-align: center;\">\n<p style=\"text-align: justify;\">G. Amerika ve Afrika \u00fclkelerinin olu\u015fturdu\u011fu &#8216;G\u00fcney Zirvesi&#8217; tamamland\u0131. Kaddafi \u201cG\u00fcney\u2019in NATO\u2019su\u201d olarak adland\u0131rd\u0131\u011f\u0131 bir savunma ittifak\u0131 kurulmas\u0131 teklifinde bulundu. Chavez ise k\u0131talararas\u0131 i\u015fbirli\u011fi \u00e7a\u011fr\u0131s\u0131 yapt\u0131<\/p>\n<p style=\"text-align: justify;\">Bu sene ikincisi d\u00fczenlenen G\u00fcney Amerika-Afrika Zirvesi (ASA) 26-27 Eyl\u00fcl tarihleri aras\u0131nda Venezuela&#8217;n\u0131n Margarita (Porlamar) kentinde ger\u00e7ekle\u015ftirildi.<\/p>\n","protected":false},"author":1,"featured_media":0,"comment_status":"open","ping_status":"closed","sticky":false,"template":"","format":"standard","meta":{"footnotes":""},"categories":[3],"tags":[],"class_list":["post-15225","post","type-post","status-publish","format-standard","hentry","category-dunya","odd"],"_links":{"self":[{"href":"http:\/\/www.korhanyilmaz.com\/index.php?rest_route=\/wp\/v2\/posts\/15225","targetHints":{"allow":["GET"]}}],"collection":[{"href":"http:\/\/www.korhanyilmaz.com\/index.php?rest_route=\/wp\/v2\/posts"}],"about":[{"href":"http:\/\/www.korhanyilmaz.com\/index.php?rest_route=\/wp\/v2\/types\/post"}],"author":[{"embeddable":true,"href":"http:\/\/www.korhanyilmaz.com\/index.php?rest_route=\/wp\/v2\/users\/1"}],"replies":[{"embeddable":true,"href":"http:\/\/www.korhanyilmaz.com\/index.php?rest_route=%2Fwp%2Fv2%2Fcomments&post=15225"}],"version-history":[{"count":0,"href":"http:\/\/www.korhanyilmaz.com\/index.php?rest_route=\/wp\/v2\/posts\/15225\/revisions"}],"wp:attachment":[{"href":"http:\/\/www.korhanyilmaz.com\/index.php?rest_route=%2Fwp%2Fv2%2Fmedia&parent=15225"}],"wp:term":[{"taxonomy":"category","embeddable":true,"href":"http:\/\/www.korhanyilmaz.com\/index.php?rest_route=%2Fwp%2Fv2%2Fcategories&post=15225"},{"taxonomy":"post_tag","embeddable":true,"href":"http:\/\/www.korhanyilmaz.com\/index.php?rest_route=%2Fwp%2Fv2%2Ftags&post=15225"}],"curies":[{"name":"wp","href":"https:\/\/api.w.org\/{rel}","templated":true}]}}