{"id":15216,"date":"2009-09-28T13:30:51","date_gmt":"2009-09-28T10:30:51","guid":{"rendered":"http:\/\/www.korhanyilmaz.com\/?p=15216"},"modified":"2009-09-28T13:30:51","modified_gmt":"2009-09-28T10:30:51","slug":"%e2%80%98acilim%e2%80%99-akp%e2%80%99nin-erken-secim-kozu%e2%80%98","status":"publish","type":"post","link":"http:\/\/www.korhanyilmaz.com\/?p=15216","title":{"rendered":"&#039;A\u00e7\u0131l\u0131m AKP\u2019nin Erken Se\u00e7im Kozu&#039;"},"content":{"rendered":"<p style=\"text-align: center;\"><a href=\"http:\/\/www.korhanyilmaz.com\/wp-content\/uploads\/2009\/09\/koz.jpg\"  class=\"lightview\"><img loading=\"lazy\" decoding=\"async\" class=\"aligncenter size-full wp-image-15217\" src=\"http:\/\/www.korhanyilmaz.com\/wp-content\/uploads\/2009\/09\/koz.jpg\" alt=\"\" width=\"324\" height=\"214\" \/><\/a><\/p>\n<p style=\"text-align: justify;\">Be\u015fir Atalay, bu parlamentoda anayasan\u0131n de\u011fi\u015femeyece\u011fini ileri s\u00fcrerek, AKP\u2019nin \u2018Demokratik A\u00e7\u0131l\u0131m\u0131\u2019 erken se\u00e7im kozu yapmay\u0131 planlad\u0131\u011f\u0131n\u0131n sinyalini verdi.<\/p>\n<p style=\"text-align: justify;\"><strong><em>\u00c7OK B\u00dcY\u00dcK ADIM ATILAMAZ <\/em><\/strong><\/p>\n<p style=\"text-align: justify;\">\u0130\u00e7i\u015fleri Bakan\u0131 Be\u015fir Atalay&#8217;\u0131n d\u00fcn yapt\u0131\u011f\u0131 konu\u015fmada \u201c\u015eu anda TBMM&#8217;de sivil bir anayasa zemininin bulunmad\u0131\u011f\u0131n\u0131, sivil anayasa \u00e7al\u0131\u015fmas\u0131n\u0131n bu parlamentoda olmayaca\u011f\u0131n\u0131 g\u00f6zlemledi\u011fini\u201d belirtti. Atalay, \u201cK\u00f6kl\u00fc de\u011fi\u015fiklik olarak bakt\u0131\u011f\u0131m\u0131z zaman Meclis i\u00e7inde anayasayla ilgili \u00e7al\u0131\u015fma zemini yok \u015fuanda. Benim \u015fahsen kendi g\u00f6zlemim o. O manada burada \u00e7ok b\u00fcy\u00fck ad\u0131mlar g\u00f6rmemek gerekiyor. Benim g\u00f6rd\u00fc\u011f\u00fcm art\u0131k bu d\u00f6nemde sivil bir anayasa \u00e7al\u0131\u015fmas\u0131 bu parlamentoda olmaz. Ama ne olur, 2011 se\u00e7imi&#8230; Herhalde 2011 se\u00e7imi olacaksa e\u011fer. Bunda da biliyorsunuz biraz itilafl\u0131 bir konu var. Bundan sonraki se\u00e7im b\u00fct\u00fcn partiler a\u00e7\u0131s\u0131ndan sivil bir anayasa se\u00e7imi olur art\u0131k\u201d diye konu\u015ftu. <!--more--><\/p>\n<p style=\"text-align: justify;\"><strong><em>ANAYASA OLMADAN A\u00c7ILIM OLUR MU? <\/em><\/strong><\/p>\n<p style=\"text-align: justify;\">Bakan Be\u015fir Atalay, \u2018A\u00e7\u0131l\u0131m\u2019 ile ilgili yapt\u0131\u011f\u0131 g\u00f6r\u00fc\u015fmelerde, demokratik \u00e7evrelerden anayasa de\u011fi\u015fmeden sorunun \u00e7\u00f6z\u00fclemeyece\u011fi mesaj\u0131n\u0131 alm\u0131\u015ft\u0131. Ancak Atalay bu s\u00f6zleriyle a\u00e7\u0131l\u0131m\u0131n da \u00f6n\u00fcn\u00fc t\u0131kam\u0131\u015f oldu. \u00d6te yandan se\u00e7imin bir t\u00fcr anayasa referandumu olaca\u011f\u0131n\u0131 da iddia eden Atalay, a\u00e7\u0131l\u0131m\u0131n ve sivil anayasan\u0131n bir se\u00e7im kozu olarak saklanaca\u011f\u0131 mesaj\u0131n\u0131 verdi. AKP se\u00e7im sonras\u0131 Anayasa\u2019y\u0131 tek ba\u015f\u0131na de\u011fi\u015ftirecek bir \u00e7o\u011funlu\u011fu ula\u015fmay\u0131 planl\u0131yor. AKP bu planla t\u00fcrban gibi kendi politik hesaplar\u0131 i\u00e7erisindeki konular\u0131 da daha rahat \u00e7\u00f6zebilecek. Kimi uzmanlara g\u00f6re, AKP, K\u00fcrt A\u00e7\u0131l\u0131m\u0131 ve anayasa de\u011fi\u015fikli\u011fi konular\u0131nda su\u00e7u muhalefete atarak se\u00e7imi erkene \u00e7ekmeye de \u00e7al\u0131\u015fabilir.<\/p>\n<p style=\"text-align: justify;\">A\u00e7\u0131l\u0131m el\u00e7isi olarak bilinen \u0130\u00e7i\u015fleri Bakan\u0131 Atalay, \u201cArt\u0131k sivil bir anayasa \u00e7al\u0131\u015fmas\u0131 bu parlamentoda olmaz. Bundan sonraki se\u00e7im b\u00fct\u00fcn partiler a\u00e7\u0131s\u0131ndan sivil bir anayasa se\u00e7imi olur\u201d diye konu\u015ftu<\/p>\n<p style=\"text-align: justify;\">\u0130\u00e7i\u015fleri Bakan\u0131 Be\u015fir Atalay&#8217;\u0131n \u00f6nceki g\u00fcn yapt\u0131\u011f\u0131 a\u00e7\u0131klama \u2018K\u00fcrt A\u00e7\u0131l\u0131m\u0131\u2019n\u0131n AKP\u2019nin se\u00e7im kozu oldu\u011fu y\u00f6n\u00fcndeki g\u00f6r\u00fc\u015fleri g\u00fc\u00e7lendirdi. Atalay,  &#8220;\u015eu anda TBMM&#8217;de sivil bir anayasa zemininin bulunmad\u0131\u011f\u0131n\u0131, sivil anayasa \u00e7al\u0131\u015fmas\u0131n\u0131n bu parlamentoda olmayaca\u011f\u0131n\u0131 g\u00f6zlemledi\u011fini&#8221; belirtti.<\/p>\n<p style=\"text-align: justify;\">T\u00fcrkiye&#8217;nin sivil bir anayasaya kavu\u015fmas\u0131n\u0131n \u00f6nemli oldu\u011funu, ancak \u015fu anda TBMM&#8217;de bunun zeminini bulunmad\u0131\u011f\u0131n\u0131 s\u00f6yleyen Atalay, \u015funlar\u0131 kaydetti:<\/p>\n<p style=\"text-align: justify;\">&#8220;K\u00f6kl\u00fc de\u011fi\u015fiklik olarak bakt\u0131\u011f\u0131m\u0131z zaman Meclis i\u00e7inde anayasayla ilgili \u00e7al\u0131\u015fma zemini yok \u015fuanda. Benim \u015fahsen kendi g\u00f6zlemim o. O manada burada \u00e7ok b\u00fcy\u00fck ad\u0131mlar g\u00f6rmemek gerekiyor. Benim g\u00f6rd\u00fc\u011f\u00fcm art\u0131k bu d\u00f6nemde sivil bir anayasa \u00e7al\u0131\u015fmas\u0131 bu parlamentoda olmaz. Ama ne olur, 2011 se\u00e7imi&#8230; Herhalde 2011 se\u00e7imi olacaksa e\u011fer. Bunda da biliyorsunuz biraz itilafl\u0131 bir konu var. Bundan sonraki se\u00e7im b\u00fct\u00fcn partiler a\u00e7\u0131s\u0131ndan sivil bir anayasa se\u00e7imi olur art\u0131k. Bundan sonraki d\u00f6nemin en \u00f6nemli maddesi o olur diye d\u00fc\u015f\u00fcn\u00fcyorum.&#8221;<\/p>\n<p style=\"text-align: justify;\"><strong><em>\u2018GEM\u0130N\u0130N ROTASI BELL\u0130!\u2019<\/em><\/strong><\/p>\n<p style=\"text-align: justify;\">&#8216;K\u00fcrt A\u00e7\u0131l\u0131m\u0131&#8217; \u00e7al\u0131\u015fmalar\u0131n\u0131n  &#8220;T\u00fcrkiye&#8217;nin maliyeti \u00e7ok y\u00fcksek bir sorununun \u00e7\u00f6z\u00fcm\u00fcn\u00fc hedefledi\u011fini&#8221; belirten Atalay, bu kadar b\u00fcy\u00fck bedeli olan bir konunun milletin temsilcilerinden olu\u015fan TBMM&#8217;de g\u00fcndeme gelmesinin do\u011fal oldu\u011funu belirtti.<\/p>\n<p style=\"text-align: justify;\">CHP ve MHP&#8217;nin g\u00f6r\u00fc\u015fme taleplerini kabul etmemesine ili\u015fkin soruyu da yan\u0131tlayan Atalay, &#8220;Biz bilgilendirmek istedik ama kabul etmediler. Ben ilk g\u00f6r\u00fc\u015fmemi onlarla yapacakt\u0131m&#8221; dedi.<\/p>\n<p style=\"text-align: justify;\">CHP Genel Ba\u015fkan\u0131 Deniz Baykal&#8217;\u0131n A\u00e7\u0131l\u0131m \u00e7al\u0131\u015fmalar\u0131na ili\u015fkin s\u00f6yledi\u011fi &#8220;rotas\u0131 belli olmayan gemi&#8221; s\u00f6z\u00fcn\u00fcn hat\u0131rlat\u0131lmas\u0131 \u00fczerine Atalay, &#8220;Geminin rotas\u0131 \u00e7ok belli. Belli olmayan nedir ki? Bu \u00e7al\u0131\u015fman\u0131n iki amac\u0131 var; biri ter\u00f6r\u00fc \u015fiddeti \u00f6nlemek, ikincisi T\u00fcrkiye&#8217;nin demokrasi \u00e7er\u00e7evesini geli\u015ftirmek, standard\u0131n\u0131 y\u00fckseltmek, derinle\u015ftirmek. Biz ziyaret etti\u011fimiz her siyasi partiyle, her sivil toplu \u00f6rg\u00fct\u00fcyle bunlar\u0131 g\u00f6r\u00fc\u015ft\u00fck&#8221; diye konu\u015ftu.<\/p>\n<p style=\"text-align: justify;\">Atalay, dolayl\u0131 af ve etkin pi\u015fmanl\u0131k yasas\u0131 gibi d\u00fczenlemelerin g\u00fcndeme gelip gelmeyece\u011fiyle ilgili soruyu &#8220;Bu alanda bir\u00e7ok alternatif bulundu\u011funu, ancak kendilerinin bug\u00fcne kadar af kavram\u0131n\u0131 zikretmediklerini&#8221; dile getirerek yan\u0131tlad\u0131.<\/p>\n<p style=\"text-align: justify;\"><strong><em>\u2018AV\u015eAR SORU\u015eTURMASI DO\u011eRU DE\u011e\u0130L\u2019<\/em><\/strong><\/p>\n<p style=\"text-align: justify;\">Atalay, konuya ili\u015fkin TBMM&#8217;de kapal\u0131 oturum yap\u0131lmas\u0131na ili\u015fkin s\u00f6zlerin de yanl\u0131\u015f de\u011ferlendirildi\u011fini kaydetti. AKP&#8217;nin her zaman \u015feffafl\u0131ktan yana oldu\u011funu iddia eden Atalay, &#8220;milletten bir \u015fey saklaman\u0131n asla s\u00f6z konusu olmayaca\u011f\u0131n\u0131&#8221; s\u00f6yledi.<\/p>\n<p style=\"text-align: justify;\">Atalay, konunun g\u00fcnl\u00fck siyasetin \u00f6tesinde oldu\u011funu ifade ederek, kapal\u0131 oturum s\u00f6zlerinin bu kapsamda de\u011ferlendirilmesi gerekti\u011fini anlatt\u0131.<\/p>\n<p style=\"text-align: justify;\">&#8220;\u0130mral\u0131&#8217;dan size gelen bir metin var m\u0131?&#8221; sorunu &#8220;Hay\u0131r&#8221; diyerek yan\u0131tlayan Atalay, H\u00fclya Av\u015far hakk\u0131nda bir gazetede yer alan r\u00f6portaj\u0131ndaki s\u00f6zleri nedeniyle soru\u015fturma a\u00e7\u0131lmas\u0131n\u0131 do\u011fru bulmad\u0131klar\u0131n\u0131 kaydetti.<\/p>\n<p style=\"text-align: justify;\"><span style=\"color: #888888;\">Kaynak : BirG\u00fcn<\/span><\/p>\n","protected":false},"excerpt":{"rendered":"<p style=\"text-align: center;\">\n<p style=\"text-align: justify;\">Be\u015fir Atalay, bu parlamentoda anayasan\u0131n de\u011fi\u015femeyece\u011fini ileri s\u00fcrerek, AKP\u2019nin \u2018Demokratik A\u00e7\u0131l\u0131m\u0131\u2019 erken se\u00e7im kozu yapmay\u0131 planlad\u0131\u011f\u0131n\u0131n sinyalini verdi.<\/p>\n<p style=\"text-align: justify;\">\u00c7OK B\u00dcY\u00dcK ADIM ATILAMAZ <\/p>\n<p style=\"text-align: justify;\">\u0130\u00e7i\u015fleri Bakan\u0131 Be\u015fir Atalay&#8217;\u0131n d\u00fcn yapt\u0131\u011f\u0131 konu\u015fmada \u201c\u015eu anda TBMM&#8217;de sivil bir anayasa zemininin bulunmad\u0131\u011f\u0131n\u0131, sivil anayasa \u00e7al\u0131\u015fmas\u0131n\u0131n bu parlamentoda olmayaca\u011f\u0131n\u0131 g\u00f6zlemledi\u011fini\u201d belirtti. <\/p>\n","protected":false},"author":1,"featured_media":0,"comment_status":"open","ping_status":"closed","sticky":false,"template":"","format":"standard","meta":{"footnotes":""},"categories":[105],"tags":[],"class_list":["post-15216","post","type-post","status-publish","format-standard","hentry","category-gundem","odd"],"_links":{"self":[{"href":"http:\/\/www.korhanyilmaz.com\/index.php?rest_route=\/wp\/v2\/posts\/15216","targetHints":{"allow":["GET"]}}],"collection":[{"href":"http:\/\/www.korhanyilmaz.com\/index.php?rest_route=\/wp\/v2\/posts"}],"about":[{"href":"http:\/\/www.korhanyilmaz.com\/index.php?rest_route=\/wp\/v2\/types\/post"}],"author":[{"embeddable":true,"href":"http:\/\/www.korhanyilmaz.com\/index.php?rest_route=\/wp\/v2\/users\/1"}],"replies":[{"embeddable":true,"href":"http:\/\/www.korhanyilmaz.com\/index.php?rest_route=%2Fwp%2Fv2%2Fcomments&post=15216"}],"version-history":[{"count":0,"href":"http:\/\/www.korhanyilmaz.com\/index.php?rest_route=\/wp\/v2\/posts\/15216\/revisions"}],"wp:attachment":[{"href":"http:\/\/www.korhanyilmaz.com\/index.php?rest_route=%2Fwp%2Fv2%2Fmedia&parent=15216"}],"wp:term":[{"taxonomy":"category","embeddable":true,"href":"http:\/\/www.korhanyilmaz.com\/index.php?rest_route=%2Fwp%2Fv2%2Fcategories&post=15216"},{"taxonomy":"post_tag","embeddable":true,"href":"http:\/\/www.korhanyilmaz.com\/index.php?rest_route=%2Fwp%2Fv2%2Ftags&post=15216"}],"curies":[{"name":"wp","href":"https:\/\/api.w.org\/{rel}","templated":true}]}}