{"id":15211,"date":"2009-09-29T07:26:25","date_gmt":"2009-09-29T04:26:25","guid":{"rendered":"http:\/\/www.korhanyilmaz.com\/?p=15211"},"modified":"2009-09-29T07:26:25","modified_gmt":"2009-09-29T04:26:25","slug":"ismailaga-cemaati-neden-karisti","status":"publish","type":"post","link":"http:\/\/www.korhanyilmaz.com\/?p=15211","title":{"rendered":"\u0130smaila\u011fa Cemaati Neden Kar\u0131\u015ft\u0131"},"content":{"rendered":"<p><a href=\"http:\/\/www.korhanyilmaz.com\/wp-content\/uploads\/2009\/09\/2009-09-29_042608.jpg\"  class=\"lightview\"><img loading=\"lazy\" decoding=\"async\" class=\"aligncenter size-full wp-image-15212\" src=\"http:\/\/www.korhanyilmaz.com\/wp-content\/uploads\/2009\/09\/2009-09-29_042608.jpg\" alt=\"\" width=\"407\" height=\"211\" \/><\/a><\/p>\n<p style=\"text-align: justify;\">\u0130smaila\u011fa Cemaati i\u00e7inde ya\u015fanan tart\u0131\u015fmadan daha \u00f6nce s\u00f6z etmi\u015ftik. Cemaat i\u00e7erisinde C\u00fcppeli Ahmet Hoca olarak bilinen Ahmet Mahmut \u00dcnl\u00fc\u2019n\u00fcn temsil etti\u011fi \u00e7izgi ile sorunlu olan bir \u00e7evre vard\u0131. Bu \u00e7evre kendisini cemaatin lideri Mahmut Ustaosmano\u011flu\u2019nun ye\u011feni Saadet Ustaosmano\u011flu\u2019nun \u00e7\u0131kard\u0131\u011f\u0131 <strong>Furkan Dergisi <\/strong>ile temsil ediyordu. Cemaat i\u00e7erisinde Ergenekon Davas\u0131 s\u00fcrecinde beliren bu ayr\u0131l\u0131kta Furkan Dergisi Ergenekon Operasyonu\u2019nu desteklerken, <strong>Baran Dergisi <\/strong>ise Ergenekon Davas\u0131\u2019na \u00e7ok sert ele\u015ftirilerde bulunuyordu. Bu ayr\u0131\u015fmada C\u00fcppeli yak\u0131n zamanda b\u00fcrosuna bayrak ve Atat\u00fcrk foto\u011fraf\u0131 asmas\u0131 ile g\u00fcndeme geliyordu.<!--more--><\/p>\n<p style=\"text-align: justify;\">\u0130smaila\u011fa Cemaati i\u00e7erisinde ya\u015fanan bu ayr\u0131l\u0131k son g\u00fcnlerde yeni bir hareketlenmeye neden oldu. Bunun nedeni cemaatin i\u00e7inden \u00e7\u0131kan yeni bir yay\u0131n organ\u0131n\u0131n ba\u015flatt\u0131\u011f\u0131 tart\u0131\u015fma. <strong>\u011euraba<\/strong> ad\u0131yla yay\u0131n yapan ve hicri takvime g\u00f6re \u00e7\u0131kan yay\u0131n organ\u0131n\u0131n 12. say\u0131s\u0131nda Na\u015fir ba\u015fl\u0131\u011f\u0131 ile bir yaz\u0131 yay\u0131nland\u0131. Yaz\u0131da isim vermeden <strong>C\u00fcppeli Ahmet Hoca olarak bilinen Ahmet Mahmut \u00dcnl\u00fc <\/strong>ele\u015ftiriliyordu. Ele\u015ftirinin nedeni C\u00fcppeli\u2019nin <strong>\u201cintihar eylemi\u201dni g\u00fcnah sayan bir videosu<\/strong> idi. Yaz\u0131da C\u00fcppeli\u2019ye olduk\u00e7a sert bir dille cevap veriliyordu. \u0130smaila\u011fa\u2019n\u0131n ileri gelenlerinden bir ismin yazd\u0131\u011f\u0131 yaz\u0131da C\u00fcppeli hakk\u0131nda \u015funlar yaz\u0131yordu: \u201cBu gibi sorular\u0131n cevab\u0131n\u0131n, <strong>mantar bir kafa, incir \u00e7ekirde\u011fini doldurmayacak bir ak\u0131l, be\u015f para etmeyecek bir fir\u00e2set ve maskara edecek maksad<\/strong>, hedef ve bilgi m\u00fcktesebat\u0131 ile de\u011fil de, \u0130sl\u00e2m\u00ee \u00f6l\u00e7\u00fclerle, erbab-\u0131 sal\u00e2hiyet olan \u0130sl\u00e2m \u00e2limlerinin ifade ve izahlar\u0131yla a\u00e7\u0131kl\u0131k kazanmas\u0131 laz\u0131m, hatta elzemdir.\u201d \u011euraba Dergisi\u2019ni k\u0131zd\u0131ran nedenlerden biri video da iddia edilen intihar bombac\u0131lar\u0131n\u0131n<strong> hap kulland\u0131\u011f\u0131na<\/strong> dair s\u00f6zlerdi.<\/p>\n<p style=\"text-align: justify;\">\u011euraba\u2019n\u0131n konu \u00fczerine hassas oldu\u011fu bilinen bir ger\u00e7ek. Ge\u00e7ti\u011fimiz haftalarda \u011eureba grubu Hamas\u2019\u0131 ziyaret ederek \u0130smaila\u011fa cemaatinden toplanan yard\u0131mlar\u0131 iletmi\u015f, Hamas\u2019a \u0130smaila\u011fa ad\u0131na destek mesaj\u0131 vermi\u015fti. Bu nedenle \u011eureba\u2019n\u0131n C\u00fcppeli\u2019ye cevab\u0131 sert oldu.<\/p>\n<p style=\"text-align: justify;\">Ancak konuya <strong>Furkan Dergisi <\/strong>\u00e7evresi de dahil oldu. Furkan Dergisi \u011eureba\u2019n\u0131n C\u00fcppeli hakk\u0131ndaki s\u00f6zlerine destek verdi. \u00dcstelik C\u00fcppeli hakk\u0131nda olduk\u00e7a sert ifadeler kulland\u0131: \u201c\u00d6yle bir yaz\u0131 ki, \u015f\u00e2yet mezarda olsayd\u0131 yine de C\u00fcbbeli\u2019yi ters \u00e7evirmeye yeterdi\u2026 Fettullah G\u00fclen-C\u00fcbbeli zihniyetinin h\u00e2inliklerini bir kalemde silip s\u00fcm\u00fck bezine \u00e7eviren bu yaz\u0131&#8230;\u201d.<\/p>\n<p style=\"text-align: justify;\">Mahmut Ustaosmano\u011flu\u2019nun ye\u011feni olan Saadet Ustaosmano\u011flu C\u00fcppeli\u2019ye kar\u015f\u0131 uzun s\u00fcredir s\u00fcrd\u00fcrd\u00fc\u011f\u00fc tavr\u0131 bu yaz\u0131 ile devam ettirdi.<\/p>\n<p style=\"text-align: justify;\"><strong><em>Peki cemaat bu noktaya nas\u0131l geldi?<\/em><\/strong><\/p>\n<p style=\"text-align: justify;\">C\u00fcppeli ile ad\u0131 ge\u00e7en gruplar aras\u0131nda cemaat i\u00e7inde ya\u015fanan farkl\u0131l\u0131k bilinen bir ger\u00e7ekti. <strong>Ancak ipleri koparan durum C\u00fcppeli\u2019nin Habert\u00fcrk\u2019te Teke Tek program\u0131na \u00e7\u0131kmas\u0131 ile ya\u015fand\u0131. <\/strong>C\u00fcppeli\u2019nin burada yapt\u0131\u011f\u0131 konu\u015fmalar cemaat i\u00e7erisinde zaten C\u00fcppeli&#8217;den ho\u015fnutsuz olan Furkan\u2019\u0131n ba\u015f\u0131n\u0131 \u00e7ekti\u011fi grup taraf\u0131ndan tepki ile kar\u015f\u0131land\u0131.<\/p>\n<p style=\"text-align: justify;\">Ard\u0131ndan <strong>\u011euraba\u2019n\u0131n C\u00fcppeli hakk\u0131nda yaz\u0131s\u0131 da<\/strong> C\u00fcppeli\u2019ye kar\u015f\u0131 cemaat i\u00e7erisinde yeni bir kesimin oldu\u011funu g\u00f6steriyordu.<\/p>\n<p style=\"text-align: justify;\">\u0130\u015fte tam bu s\u0131rada enteresan bir olay ya\u015fand\u0131. C\u00fcppeli\u2019nin \u00e7\u0131kt\u0131\u011f\u0131 Habert\u00fcrk Grubu\u2019nun gazetesinde \u011euraba Grubu\u2019nun Hamas ziyareti foto\u011fraflar\u0131yla haber yap\u0131ld\u0131. Bu haberde \u011euraba Grubu\u2019nun yasad\u0131\u015f\u0131 yard\u0131m yapt\u0131\u011f\u0131 iddia edilerek ele\u015ftirildi. <strong>Habert\u00fcrk ilgin\u00e7 bir zamanlama ile C\u00fcppeli&#8217;yi ele\u015ftiren \u011euraba Grubu&#8217;nu k\u0131zd\u0131ran bir habere imza atm\u0131\u015ft\u0131.<\/strong><\/p>\n<p style=\"text-align: justify;\">\u0130\u015fte cemaat i\u00e7erisinde h\u0131zl\u0131 geli\u015fen bu olaylar\u0131n ard\u0131ndan \u011euraba Grubu bir bas\u0131n a\u00e7\u0131klamas\u0131 yapt\u0131. A\u00e7\u0131klamada cemaat i\u00e7erisine \u201cfitne\u201d sokmaya \u00e7al\u0131\u015f\u0131ld\u0131\u011f\u0131 ima edilerek, C\u00fcppeli hakk\u0131nda daha temkinli bir dil kullan\u0131larak tart\u0131\u015fman\u0131n ki\u015fiselle\u015fmemesi \u00e7a\u011fr\u0131s\u0131nda bulunuluyordu. <strong>Dikkat \u00e7ekici olan ise Habert\u00fcrk\u2019\u00fcn haberine konu olan baz\u0131 bilgilerin gazeteye nas\u0131l ula\u015ft\u0131\u011f\u0131 konusunda \u011euraba\u2019n\u0131n da bilgisi yoktu. <\/strong>Bu durum i\u015fleri iyice kar\u0131\u015ft\u0131rd\u0131.<\/p>\n<p style=\"text-align: justify;\">\u0130\u015fte \u0130smaila\u011fa Cemaati\u2019nde son 20 g\u00fcnde ya\u015fanan h\u0131zl\u0131 trafik ve kampla\u015fma bu \u015fekilde seyrediyor. Cemaati takip edenlerin g\u00f6z\u00fcnde \u00f6yle enteresan bir durum olu\u015ftu ki C\u00fcppeli\u2019nin Habert\u00fcrk ile muhabbeti cemaat i\u00e7erisinde kimi kesimleri rahats\u0131z etti ve yine <strong>C\u00fcppeli\u2019yi cemaatin tepkilerine kar\u015f\u0131 savunmak \u015fa\u015f\u0131rt\u0131c\u0131 \u015fekilde Habert\u00fcrk<\/strong>\u2019e d\u00fc\u015f\u00fcyordu. K\u0131sacas\u0131 <strong>Habert\u00fcrk \u0130smaila\u011fa kampla\u015fmas\u0131 i\u00e7erisinde bir anda taraf oldu.<\/strong><\/p>\n<p style=\"text-align: justify;\"><span style=\"color: #888888;\">Haber Kayna\u011f\u0131 : <a href=\"http:\/\/www.odatv.com\/Siyaset\/ismailaga_cemaati_neden_karisti-17828.html\" target=\"_blank\">Odatv.com<\/a> &#8211; 29 Eyl\u00fcl 2009<\/span><\/p>\n","protected":false},"excerpt":{"rendered":"<\/p>\n<p style=\"text-align: justify;\">\u0130smaila\u011fa Cemaati i\u00e7inde ya\u015fanan tart\u0131\u015fmadan daha \u00f6nce s\u00f6z etmi\u015ftik. Cemaat i\u00e7erisinde C\u00fcppeli Ahmet Hoca olarak bilinen Ahmet Mahmut \u00dcnl\u00fc\u2019n\u00fcn temsil etti\u011fi \u00e7izgi ile sorunlu olan bir \u00e7evre vard\u0131. Bu \u00e7evre kendisini cemaatin lideri Mahmut Ustaosmano\u011flu\u2019nun ye\u011feni Saadet Ustaosmano\u011flu\u2019nun \u00e7\u0131kard\u0131\u011f\u0131 Furkan Dergisi ile temsil ediyordu. Cemaat i\u00e7erisinde Ergenekon Davas\u0131 s\u00fcrecinde beliren bu ayr\u0131l\u0131kta <\/p>\n","protected":false},"author":1,"featured_media":0,"comment_status":"open","ping_status":"closed","sticky":false,"template":"","format":"standard","meta":{"footnotes":""},"categories":[105],"tags":[],"class_list":["post-15211","post","type-post","status-publish","format-standard","hentry","category-gundem","odd"],"_links":{"self":[{"href":"http:\/\/www.korhanyilmaz.com\/index.php?rest_route=\/wp\/v2\/posts\/15211","targetHints":{"allow":["GET"]}}],"collection":[{"href":"http:\/\/www.korhanyilmaz.com\/index.php?rest_route=\/wp\/v2\/posts"}],"about":[{"href":"http:\/\/www.korhanyilmaz.com\/index.php?rest_route=\/wp\/v2\/types\/post"}],"author":[{"embeddable":true,"href":"http:\/\/www.korhanyilmaz.com\/index.php?rest_route=\/wp\/v2\/users\/1"}],"replies":[{"embeddable":true,"href":"http:\/\/www.korhanyilmaz.com\/index.php?rest_route=%2Fwp%2Fv2%2Fcomments&post=15211"}],"version-history":[{"count":0,"href":"http:\/\/www.korhanyilmaz.com\/index.php?rest_route=\/wp\/v2\/posts\/15211\/revisions"}],"wp:attachment":[{"href":"http:\/\/www.korhanyilmaz.com\/index.php?rest_route=%2Fwp%2Fv2%2Fmedia&parent=15211"}],"wp:term":[{"taxonomy":"category","embeddable":true,"href":"http:\/\/www.korhanyilmaz.com\/index.php?rest_route=%2Fwp%2Fv2%2Fcategories&post=15211"},{"taxonomy":"post_tag","embeddable":true,"href":"http:\/\/www.korhanyilmaz.com\/index.php?rest_route=%2Fwp%2Fv2%2Ftags&post=15211"}],"curies":[{"name":"wp","href":"https:\/\/api.w.org\/{rel}","templated":true}]}}