{"id":15207,"date":"2009-09-24T20:44:33","date_gmt":"2009-09-24T17:44:33","guid":{"rendered":"http:\/\/www.korhanyilmaz.com\/?p=15207"},"modified":"2009-09-24T20:44:33","modified_gmt":"2009-09-24T17:44:33","slug":"kime-neyi-hazmettirecek","status":"publish","type":"post","link":"http:\/\/www.korhanyilmaz.com\/?p=15207","title":{"rendered":"Kime neyi hazmettirecek"},"content":{"rendered":"<p style=\"text-align: center;\"><a href=\"http:\/\/www.korhanyilmaz.com\/wp-content\/uploads\/2009\/09\/hazmettirme.jpg\"  class=\"lightview\"><img loading=\"lazy\" decoding=\"async\" class=\"aligncenter size-full wp-image-15208\" src=\"http:\/\/www.korhanyilmaz.com\/wp-content\/uploads\/2009\/09\/hazmettirme.jpg\" alt=\"\" width=\"450\" height=\"225\" \/><\/a><\/p>\n<p style=\"text-align: justify;\"><strong><em>Erdo\u011fan, a\u00e7\u0131l\u0131m plan\u0131n\u0131 Amerikal\u0131 dostlar\u0131na anlatt\u0131<\/em><\/strong><\/p>\n<p style=\"text-align: justify;\">NEW JERSEY\u2019deki Princeton \u00dcniversitesi\u2019nde sorular\u0131 cevaplayan Ba\u015fbakan, K\u00fcrt a\u00e7\u0131l\u0131m\u0131ndaki hesab\u0131n\u0131 \u015f\u00f6yle a\u00e7\u0131klad\u0131: K\u0131sa, orta ve uzun vadeli olarak b\u00fct\u00fcn bu a\u00e7\u0131l\u0131m s\u00fcrecini \u00e7al\u0131\u015ft\u0131rmay\u0131 hedefliyoruz. Hazmettire hazmettire bu s\u00fcreci devam ettirmemiz laz\u0131m.<\/p>\n<p style=\"text-align: justify;\"><strong><em>Feveran edenler vard\u0131&#8230;<\/em><\/strong><\/p>\n<p style=\"text-align: justify;\">BA\u015eBAKAN Erdo\u011fan, ABD\u2019li dostlar\u0131yla sohbetine \u015f\u00f6yle devam etti: TRT-6\u2019y\u0131 tamamen K\u00fcrt\u00e7e yay\u0131na ay\u0131rd\u0131k. \u00d6nce feveran edenler vard\u0131, \u015fimdi ileti\u015fim daha rahat oldu. Bilboardlara K\u00fcrt\u00e7e de konuluyor. <!--more--><\/p>\n<p style=\"text-align: justify;\"><strong><em>Hazmettire hazmettire a\u00e7\u0131lacak!<\/em><\/strong><\/p>\n<p style=\"text-align: justify;\">ABD\u2019de K\u00fcrt a\u00e7\u0131l\u0131m\u0131n\u0131 anlatan Ba\u015fbakan Erdo\u011fan, s\u00fcreci zamana yayacaklar\u0131n\u0131 s\u00f6yledi.<\/p>\n<p style=\"text-align: justify;\">Ba\u015fbakan Recep Tayyip Erdo\u011fan, K\u00fcrt a\u00e7\u0131l\u0131m\u0131 konusunda \u201cS\u00fcreci, hazmede hazmede, hazmettire hazmettire devam ettirmemiz laz\u0131m\u201d dedi. Erdo\u011fan, Princeton \u00dcniversitesinde verdi\u011fi konferansta, b\u00fcy\u00fck tart\u0131\u015fmalara yol a\u00e7an s\u00f6zde a\u00e7\u0131l\u0131m\u0131 de\u011ferlendirdi. Ba\u015fbakan, \u015funlar\u0131 s\u00f6yledi:<\/p>\n<p style=\"text-align: justify;\"><strong><em>Ter\u00f6r sorunu<\/em><\/strong><\/p>\n<p style=\"text-align: justify;\">\u201cBizim bu a\u00e7\u0131l\u0131m\u0131m\u0131z asl\u0131nda salt veya b\u00fct\u00fcn\u00fcyle K\u00fcrt sorununu kapsayan bir ad\u0131m de\u011fil. Biz partimizi kurdu\u011fumuz zaman, program\u0131m\u0131z i\u00e7inde ad\u0131na ister K\u00fcrt sorunu, ister Do\u011fu, G\u00fcneydo\u011fu sorunu deyin, \u00fclkemizde b\u00f6yle bir sorun var diyerek, buna iki sayfa ay\u0131r\u0131p, bunu anlatm\u0131\u015ft\u0131k. \u015eimdi geldi\u011fimiz noktada bu a\u00e7\u0131l\u0131m ile biz sadece K\u00fcrt vatanda\u015flar\u0131m\u0131z\u0131n sorunlar\u0131n\u0131 de\u011fil, bizim \u00fclkemizde 30\u2019u a\u015fk\u0131n etnik unsur var. Hepsinin kendine g\u00f6re sorunlar\u0131 var. Ama birinci derecede nedir derseniz, birinci derecede ter\u00f6r sorunu var. Alevi vatanda\u015flar\u0131m\u0131z\u0131n kendine ait sorunlar\u0131 var. Bununla ilgili de \u00e7al\u0131\u015ftay yapt\u0131k.<\/p>\n<p style=\"text-align: justify;\"><strong><em>A\u00e7\u0131l\u0131mda kararl\u0131y\u0131z<\/em><\/strong><\/p>\n<p style=\"text-align: justify;\">Bunun yan\u0131nda az\u0131nl\u0131klar\u0131n sorunlar\u0131 var. Bunlar\u0131n \u00fczerinde \u00e7al\u0131\u015fmalar yap\u0131yoruz. Nitekim bir ay kadar \u00f6nce ben \u00fclkemizin az\u0131nl\u0131klar\u0131yla bir araya geldim. Dini gruplar\u0131n temsilcileriyle bir araya geldim, onlarla g\u00f6r\u00fc\u015fmeler oldu. Tabi baz\u0131 sorunlar\u0131 bize bildirdiler. Bunlar\u0131n da \u00e7\u00f6z\u00fcm\u00fcne y\u00f6nelik ad\u0131mlar atmam\u0131z gerekiyor.\u201d Erdo\u011fan konu\u015fmas\u0131n\u0131 \u015f\u00f6yle s\u00fcrd\u00fcrd\u00fc:  \u201cK\u00fcrt meselesinin \u00fczerine kararl\u0131 bir \u015fekilde gidece\u011fiz. Biz geldi\u011fimizde \u2019devlet televizyonunda ni\u00e7in k\u00fcrt\u00e7e yay\u0131n yap\u0131lm\u0131yor\u2019deniyordu. TRT-6\u2019y\u0131 tamamen K\u00fcrt\u00e7e yay\u0131na ay\u0131rd\u0131k. 24 saat yay\u0131n yap\u0131yor. \u00d6nce feveran edenler vard\u0131, \u015fimdi ileti\u015fim daha rahat oldu. Bilbordlara K\u00fcrt\u00e7e de konuluyor.<\/p>\n<p style=\"text-align: justify;\"><strong><em>Yeni bir ad\u0131m<\/em><\/strong><\/p>\n<p style=\"text-align: justify;\">Kendi ana dilini \u00f6\u011frenmesi i\u00e7in kurs a\u00e7\u0131lmas\u0131 konusunu serbest b\u0131rakt\u0131k. \u015eu anda kendi ana dillerini \u00f6\u011frenme noktas\u0131nda kurs kurabilir ve \u00f6\u011frenebilirler, herhangi bir sak\u0131nca yok. Bu ad\u0131mlar at\u0131ld\u0131. \u00d6nce \u00e7ok farkl\u0131 yakla\u015f\u0131mlar, daha sonra bakt\u0131k ki ayn\u0131 ilgiyi g\u00f6stermiyorlar, \u2019devlet bu i\u015fi \u00fcstlensin\u2019 diyorlar. \u015eimdi yeni bir ad\u0131m at\u0131ld\u0131. \u00dcniversitede enstit\u00fc, K\u00fcrt\u00e7e\u2019nin \u00f6\u011fretilmesi konusu da yine at\u0131lan ad\u0131mlar\u0131n i\u00e7erisinde. Burada hesab\u0131m\u0131z \u015fudur; k\u0131sa, orta ve uzun vadeli olarak b\u00fct\u00fcn bu demokratik a\u00e7\u0131l\u0131m s\u00fcrecinin \u00e7al\u0131\u015ft\u0131rmay\u0131 hedefliyoruz. Yani hepsini bir anda derseniz. Bu tabii m\u00fcmk\u00fcn de\u011fil, hazmede hazmede, hazmettire hazmettire bu s\u00fcreci devam ettirmemiz laz\u0131m.\u201d (AA)<\/p>\n<p style=\"text-align: justify;\"><strong><em>Beyaz Saray skandal\u0131n \u00fczerini \u00f6rtt\u00fc<\/em><\/strong><\/p>\n<p style=\"text-align: justify;\">Ba\u015fbakan Recep Tayyip Erdo\u011fan ile ABD Ba\u015fkan\u0131 Barack Obama\u2019n\u0131n, New York Sheraton oteline giri\u015f ve \u00e7\u0131k\u0131\u015f yapt\u0131klar\u0131 s\u0131rada iki liderin korumalar\u0131 aras\u0131nda ya\u015fanan arbedeyle ilgili Beyaz Saray\u2019dan ilk yorum, s\u00f6zc\u00fc Mike Hammer\u2019dan geldi. Hammer, konuyla ilgili yapt\u0131\u011f\u0131 a\u00e7\u0131klamada, \u201cBiz T\u00fcrk delegasyonu ile bu konuyla ilgili konu\u015ftuk ve aram\u0131zda anla\u015ft\u0131k. \u00c7ok say\u0131da lider bir arada olunca ve bu liderlerin, tek bir yere giri\u015f ve \u00e7\u0131k\u0131\u015f yapt\u0131klar\u0131 s\u0131rada bu t\u00fcr istenmeyen olaylar\u0131n olabilece\u011fi konusunda g\u00f6r\u00fc\u015f birli\u011fine de vard\u0131k\u201d dedi. \u00d6te yandan Washington Times gazetesi, ya\u015fanan arbede ile ilgili olarak, T\u00fcrk taraf\u0131n\u0131n, olaylar\u0131n sorumlusu olarak Amerikan Gizli Servisini g\u00f6sterdi\u011fini yazd\u0131.<\/p>\n<p style=\"text-align: justify;\"><span style=\"color: #888888;\">Haber Kayna\u011f\u0131 : <a href=\"http:\/\/www.yenicaggazetesi.com.tr\/haberdetay.php?hit=23553\" target=\"_blank\">yenicaggazetesi.com.tr<\/a><\/span><\/p>\n","protected":false},"excerpt":{"rendered":"<p style=\"text-align: center;\">\n<p style=\"text-align: justify;\">Erdo\u011fan, a\u00e7\u0131l\u0131m plan\u0131n\u0131 Amerikal\u0131 dostlar\u0131na anlatt\u0131<\/p>\n<p style=\"text-align: justify;\">NEW JERSEY\u2019deki Princeton \u00dcniversitesi\u2019nde sorular\u0131 cevaplayan Ba\u015fbakan, K\u00fcrt a\u00e7\u0131l\u0131m\u0131ndaki hesab\u0131n\u0131 \u015f\u00f6yle a\u00e7\u0131klad\u0131: K\u0131sa, orta ve uzun vadeli olarak b\u00fct\u00fcn bu a\u00e7\u0131l\u0131m s\u00fcrecini \u00e7al\u0131\u015ft\u0131rmay\u0131 hedefliyoruz. Hazmettire hazmettire bu s\u00fcreci devam ettirmemiz laz\u0131m.<\/p>\n<p style=\"text-align: justify;\">Feveran edenler vard\u0131&#8230;<\/p>\n<p style=\"text-align: justify;\">BA\u015eBAKAN Erdo\u011fan, ABD\u2019li dostlar\u0131yla <\/p>\n","protected":false},"author":1,"featured_media":0,"comment_status":"open","ping_status":"closed","sticky":false,"template":"","format":"standard","meta":{"footnotes":""},"categories":[105],"tags":[],"class_list":["post-15207","post","type-post","status-publish","format-standard","hentry","category-gundem","odd"],"_links":{"self":[{"href":"http:\/\/www.korhanyilmaz.com\/index.php?rest_route=\/wp\/v2\/posts\/15207","targetHints":{"allow":["GET"]}}],"collection":[{"href":"http:\/\/www.korhanyilmaz.com\/index.php?rest_route=\/wp\/v2\/posts"}],"about":[{"href":"http:\/\/www.korhanyilmaz.com\/index.php?rest_route=\/wp\/v2\/types\/post"}],"author":[{"embeddable":true,"href":"http:\/\/www.korhanyilmaz.com\/index.php?rest_route=\/wp\/v2\/users\/1"}],"replies":[{"embeddable":true,"href":"http:\/\/www.korhanyilmaz.com\/index.php?rest_route=%2Fwp%2Fv2%2Fcomments&post=15207"}],"version-history":[{"count":0,"href":"http:\/\/www.korhanyilmaz.com\/index.php?rest_route=\/wp\/v2\/posts\/15207\/revisions"}],"wp:attachment":[{"href":"http:\/\/www.korhanyilmaz.com\/index.php?rest_route=%2Fwp%2Fv2%2Fmedia&parent=15207"}],"wp:term":[{"taxonomy":"category","embeddable":true,"href":"http:\/\/www.korhanyilmaz.com\/index.php?rest_route=%2Fwp%2Fv2%2Fcategories&post=15207"},{"taxonomy":"post_tag","embeddable":true,"href":"http:\/\/www.korhanyilmaz.com\/index.php?rest_route=%2Fwp%2Fv2%2Ftags&post=15207"}],"curies":[{"name":"wp","href":"https:\/\/api.w.org\/{rel}","templated":true}]}}