{"id":15203,"date":"2009-09-24T20:45:36","date_gmt":"2009-09-24T17:45:36","guid":{"rendered":"http:\/\/www.korhanyilmaz.com\/?p=15203"},"modified":"2009-09-24T20:45:36","modified_gmt":"2009-09-24T17:45:36","slug":"ikinci-cuval-olayi","status":"publish","type":"post","link":"http:\/\/www.korhanyilmaz.com\/?p=15203","title":{"rendered":"\u0130kinci \u00e7uval olay\u0131"},"content":{"rendered":"<p style=\"text-align: center;\"><a href=\"http:\/\/www.korhanyilmaz.com\/wp-content\/uploads\/2009\/09\/cuval.jpg\"  class=\"lightview\"><img loading=\"lazy\" decoding=\"async\" class=\"aligncenter size-full wp-image-15204\" src=\"http:\/\/www.korhanyilmaz.com\/wp-content\/uploads\/2009\/09\/cuval.jpg\" alt=\"\" width=\"450\" height=\"225\" \/><\/a><\/p>\n<p style=\"text-align: justify;\">MHP\u2019li Oktay Vural, CIA ajanlar\u0131n\u0131n, Ba\u015fbakan Tayyip Erdo\u011fan\u2019\u0131n korumalar\u0131na yapt\u0131\u011f\u0131 sald\u0131r\u0131y\u0131 sert bir dille ele\u015ftirdi.<\/p>\n<p style=\"text-align: justify;\"><strong><em>\u0130kinci \u00e7uval olay\u0131 gibi<\/em><\/strong><\/p>\n<p style=\"text-align: justify;\">CIA ajanlar\u0131n\u0131n, Erdo\u011fan\u2019\u0131n korumalar\u0131na yapt\u0131\u011f\u0131 sald\u0131r\u0131y\u0131 ele\u015ftiren MHP\u2019li Oktay Vural, \u201cHer ne sebeple olursa olsun, yap\u0131lan muameleyi k\u0131n\u0131yorum\u201d dedi.<\/p>\n<p style=\"text-align: justify;\">MHP Grup Ba\u015fkanvekili Oktay Vural, Ba\u015fbakan Recep Tayyip Erdo\u011fan\u2019\u0131n ABD ziyareti s\u0131ras\u0131nda korumalar aras\u0131nda ya\u015fanan tart\u0131\u015fmay\u0131 \u00e7uval olay\u0131na benzetti. Partisinin \u0130zmir \u0130l Ba\u015fkanl\u0131\u011f\u0131nda bas\u0131n toplant\u0131s\u0131 d\u00fczenleyen Vural, Ba\u015fbakan Recep Tayyip Erdo\u011fan\u2019\u0131n ABD ziyaretinin \u201changi ama\u00e7la ne i\u00e7in yap\u0131ld\u0131\u011f\u0131 bilinmeyen\u201d bir gezi oldu\u011funu ileri s\u00fcrd\u00fc. <!--more--><\/p>\n<p style=\"text-align: justify;\"><strong><em>Kimse el uzatamaz<\/em><\/strong><\/p>\n<p style=\"text-align: justify;\">Vural, korumalar aras\u0131ndaki tart\u0131\u015fmaya ili\u015fkin \u201cAma yine de ne sebeple olursa olsun Ba\u015fbakan\u2019a yap\u0131lan muameleyi k\u0131n\u0131yorum. \u0130kinci \u00e7uval ge\u00e7irme hadisesidir. Say\u0131n Ba\u015fbakan bu muamele kar\u015f\u0131s\u0131nda k\u00fcs\u00fcp oteline d\u00f6nece\u011fine T\u00fcrkiye\u2019ye d\u00f6nseydi daha iyi olurdu. Kimse T\u00fcrkiye Cumhuriyeti Ba\u015fbakan\u0131na el uzatamaz, otel kap\u0131lar\u0131na y\u00fcr\u00fctemez\u201d dedi.<\/p>\n<p style=\"text-align: justify;\"><strong><em>Ev \u00f6devlerini g\u00f6t\u00fcrd\u00fc<\/em><\/strong><\/p>\n<p style=\"text-align: justify;\">Ba\u015fbakan Erdo\u011fan\u2019\u0131n bu \u00fclkeye ABD Ba\u015fkan\u0131 Barack Obama\u2019n\u0131n TBMM\u2019de yapt\u0131\u011f\u0131 konu\u015fmada verdi\u011fi \u201cev \u00f6devlerinin\u201d sonu\u00e7lar\u0131n\u0131 payla\u015fmaya gitti\u011finin ortaya \u00e7\u0131kt\u0131\u011f\u0131n\u0131 iddia eden Vural, \u201c(Ermeni meselesine ili\u015fkin ev \u00f6devimizi yapt\u0131k. Protokol\u00fc 11 Ekimde Meclise getirece\u011fiz) demeye gitmi\u015ftir. Ama 11 Ekim, pazar, yani Meclis tatil. Dayatmalarla Meclis a\u00e7\u0131lmaz\u201d diye konu\u015ftu.<\/p>\n<p style=\"text-align: justify;\"><strong><em>U d\u00f6n\u00fc\u015f\u00fc yap\u0131ld\u0131<\/em><\/strong><\/p>\n<p style=\"text-align: justify;\">Ba\u015fbakan Erdo\u011fan\u2019\u0131n Azerbaycan Meclisinde verdi\u011fi s\u00f6zlerden \u201cU d\u00f6n\u00fc\u015f\u00fc\u201d yapt\u0131\u011f\u0131n\u0131 ileri s\u00fcren Vural, \u201cSay\u0131n Ba\u015fbakan Sarkisyan\u2019\u0131 ma\u00e7a getirmek i\u00e7in TBMM\u2019ye dayatma yapmaktad\u0131r. Azerbaycan Meclisinde verdi\u011fi s\u00f6z\u00fc yerine getirmesini bekliyoruz. Davos\u2019ta \u2019one minute\u2019dedi, yar\u0131m saat sonra \u00f6z\u00fcr diledi. Rasmussen konusunda da d\u00f6n\u00fc\u015f yapt\u0131. Say\u0131n Ba\u015fbakan hi\u00e7 olmazsa bir seferlik s\u00f6z\u00fcne riayet etmeni ve protokol\u00fc Meclise g\u00f6ndermemeni bekliyoruz\u201d dedi.<\/p>\n<p style=\"text-align: justify;\"><strong><em>Zorla hazmettirecek<\/em><\/strong><\/p>\n<p style=\"text-align: justify;\">Oktay Vural, \u201cK\u00fcrt a\u00e7\u0131l\u0131m\u0131\u201d konusundaki tart\u0131\u015fmalara da de\u011finerek, Ba\u015fbakan Erdo\u011fan\u2019\u0131n \u201cev \u00f6devlerinden\u201d bir di\u011ferinin \u201cK\u00fcrt a\u00e7\u0131l\u0131m\u0131\u201d oldu\u011funu, bu konuda ABD\u2019de bir tak\u0131m g\u00f6r\u00fc\u015fmeler yapt\u0131\u011f\u0131n\u0131n ortaya \u00e7\u0131kt\u0131\u011f\u0131n\u0131 iddia etti. Ba\u015fbakan Erdo\u011fan\u2019\u0131n \u201cbu s\u00fcreci hazmettire hazmettire tamamlayaca\u011f\u0131z\u201d dedi\u011fini savunan Vural, \u015f\u00f6yle devam etti: \u201c9 Eyl\u00fcl\u2019de \u0130zmir\u2019de verilen cevab\u0131 hat\u0131rlat\u0131yorum. Hi\u00e7 kimsenin g\u00fcc\u00fc bunlar\u0131 hazmettirmeye yetmez. Say\u0131n Ba\u015fbakan senin g\u00fcc\u00fcn de yetmez, sen kimsin ki? B\u00f6l\u00fcc\u00fcl\u00fc\u011f\u00fc kimse hazmettiremez. Hazmettirmek isteyenlere de haddini bildiririz. Say\u0131n Ba\u015fbakan T\u00fcrk milletinin milli kimli\u011fini, dilini de\u011fi\u015ftirmeyi zorla hazmettirmeye \u00e7al\u0131\u015fmaktad\u0131r. Bu milletin bin y\u0131ll\u0131k karde\u015fli\u011fini hazmedemeyen, Cumhuriyeti hazmedemeyen as\u0131l sensin. Bunlar\u0131 hazmet. \u0130nan\u00e7 hortumculu\u011fu, manevi de\u011fer hortumculu\u011fu yapma. Bunlar\u0131 hazmetmedi\u011fi taktirde milletimiz gere\u011fini yapacakt\u0131r.\u201d<\/p>\n<p style=\"text-align: justify;\"><span style=\"color: #888888;\">Haber Kayna\u011f\u0131 : <a href=\"http:\/\/www.yenicaggazetesi.com.tr\/haberdetay.php?hit=23554\" target=\"_blank\">yenicaggazetesi.com.tr<\/a><\/span><\/p>\n","protected":false},"excerpt":{"rendered":"<p style=\"text-align: center;\">\n<p style=\"text-align: justify;\">MHP\u2019li Oktay Vural, CIA ajanlar\u0131n\u0131n, Ba\u015fbakan Tayyip Erdo\u011fan\u2019\u0131n korumalar\u0131na yapt\u0131\u011f\u0131 sald\u0131r\u0131y\u0131 sert bir dille ele\u015ftirdi.<\/p>\n<p style=\"text-align: justify;\">\u0130kinci \u00e7uval olay\u0131 gibi<\/p>\n<p style=\"text-align: justify;\">CIA ajanlar\u0131n\u0131n, Erdo\u011fan\u2019\u0131n korumalar\u0131na yapt\u0131\u011f\u0131 sald\u0131r\u0131y\u0131 ele\u015ftiren MHP\u2019li Oktay Vural, \u201cHer ne sebeple olursa olsun, yap\u0131lan muameleyi k\u0131n\u0131yorum\u201d dedi.<\/p>\n<p style=\"text-align: justify;\">MHP Grup Ba\u015fkanvekili Oktay Vural, Ba\u015fbakan <\/p>\n","protected":false},"author":1,"featured_media":0,"comment_status":"open","ping_status":"closed","sticky":false,"template":"","format":"standard","meta":{"footnotes":""},"categories":[105],"tags":[],"class_list":["post-15203","post","type-post","status-publish","format-standard","hentry","category-gundem","odd"],"_links":{"self":[{"href":"http:\/\/www.korhanyilmaz.com\/index.php?rest_route=\/wp\/v2\/posts\/15203","targetHints":{"allow":["GET"]}}],"collection":[{"href":"http:\/\/www.korhanyilmaz.com\/index.php?rest_route=\/wp\/v2\/posts"}],"about":[{"href":"http:\/\/www.korhanyilmaz.com\/index.php?rest_route=\/wp\/v2\/types\/post"}],"author":[{"embeddable":true,"href":"http:\/\/www.korhanyilmaz.com\/index.php?rest_route=\/wp\/v2\/users\/1"}],"replies":[{"embeddable":true,"href":"http:\/\/www.korhanyilmaz.com\/index.php?rest_route=%2Fwp%2Fv2%2Fcomments&post=15203"}],"version-history":[{"count":0,"href":"http:\/\/www.korhanyilmaz.com\/index.php?rest_route=\/wp\/v2\/posts\/15203\/revisions"}],"wp:attachment":[{"href":"http:\/\/www.korhanyilmaz.com\/index.php?rest_route=%2Fwp%2Fv2%2Fmedia&parent=15203"}],"wp:term":[{"taxonomy":"category","embeddable":true,"href":"http:\/\/www.korhanyilmaz.com\/index.php?rest_route=%2Fwp%2Fv2%2Fcategories&post=15203"},{"taxonomy":"post_tag","embeddable":true,"href":"http:\/\/www.korhanyilmaz.com\/index.php?rest_route=%2Fwp%2Fv2%2Ftags&post=15203"}],"curies":[{"name":"wp","href":"https:\/\/api.w.org\/{rel}","templated":true}]}}