{"id":15199,"date":"2009-09-28T22:35:16","date_gmt":"2009-09-28T19:35:16","guid":{"rendered":"http:\/\/www.korhanyilmaz.com\/?p=15199"},"modified":"2009-09-28T22:35:16","modified_gmt":"2009-09-28T19:35:16","slug":"gul%e2%80%99e-universitede-soguk-dus","status":"publish","type":"post","link":"http:\/\/www.korhanyilmaz.com\/?p=15199","title":{"rendered":"G\u00fcl\u2019e \u00fcniversitede so\u011fuk du\u015f"},"content":{"rendered":"<p><a href=\"http:\/\/www.korhanyilmaz.com\/wp-content\/uploads\/2009\/09\/G\u00dcL.jpg\"  class=\"lightview\"><img loading=\"lazy\" decoding=\"async\" class=\"aligncenter size-full wp-image-15200\" src=\"http:\/\/www.korhanyilmaz.com\/wp-content\/uploads\/2009\/09\/G\u00dcL.jpg\" alt=\"\" width=\"450\" height=\"225\" \/><\/a><\/p>\n<p style=\"text-align: justify;\"><strong><em>G\u00fcl\u2019e \u00f6\u011frencilerden \u00e7ifte protesto<\/em><\/strong><\/p>\n<p style=\"text-align: justify;\">\u0130stanbul \u00dcniversitesi\u2019nin akademik y\u0131l\u0131 a\u00e7\u0131l\u0131\u015f t\u00f6renine kat\u0131lan Cumhurba\u015fkan\u0131 G\u00fcl, protestolarla kar\u015f\u0131la\u015ft\u0131. \u00d6\u011frenciler, \u201c\u00dcniversitemiz a\u00e7\u0131l\u0131mlar\u0131n\u0131za kapal\u0131\u201d yaz\u0131l\u0131 pankart a\u00e7t\u0131.<\/p>\n<p style=\"text-align: justify;\">Cumhurba\u015fkan\u0131 Abdullah G\u00fcl, \u0130stanbul \u00dcniversitesi a\u00e7\u0131l\u0131\u015f t\u00f6reninde \u00f6\u011frenciler taraf\u0131ndan protesto edildi. Cumhurba\u015fkan\u0131 G\u00fcl, \u0130stanbul \u00dcniversitesi\u2019nin 2009-2010 \u00f6\u011fretim y\u0131l\u0131n\u0131n a\u00e7\u0131l\u0131\u015f\u0131 dolay\u0131s\u0131yla Fen Fak\u00fcltesi Cemil Bilsel Konferans Salonu\u2019nda d\u00fczenlenen t\u00f6rene kat\u0131ld\u0131. G\u00fcl, t\u00f6rende yapt\u0131\u011f\u0131 konu\u015fmada, mezun oldu\u011fu \u00fcniversitede, cumhurba\u015fkan\u0131 olarak yeni akademik y\u0131l\u0131n a\u00e7\u0131l\u0131\u015f\u0131n\u0131 yapmaktan hem mutluluk hem heyecan duydu\u011funu s\u00f6yledi.  Konu\u015fmas\u0131nda \u00f6\u011frencilere de tavsiyelerde bulunan G\u00fcl, \u201cUnutmay\u0131n sadece diploma i\u015fe yaram\u0131yor\u201d g\u00f6r\u00fc\u015f\u00fcn\u00fc dile getirdi. <!--more--><\/p>\n<p style=\"text-align: justify;\"><strong><em>Salondan att\u0131lar<\/em><\/strong><\/p>\n<p style=\"text-align: justify;\">Abdullah G\u00fcl\u2019\u00fcn konu\u015fmas\u0131n\u0131 tamamlad\u0131\u011f\u0131 s\u0131rada konferans salonunun \u00fcst b\u00f6l\u00fcm\u00fcnde oturan \u00f6\u011frencilerden biri \u201cSay\u0131n Cumhurba\u015fkan\u0131m \u00fcniversite gen\u00e7li\u011fi, farkl\u0131l\u0131klar\u0131 b\u00f6l\u00fcnme i\u00e7in de\u011fil, birlik i\u00e7in a\u00e7\u0131l\u0131m istiyor\u201d diye seslendi. \u0130smi a\u00e7\u0131klanmayan \u00f6\u011frenci, sivil g\u00fcvenlik g\u00f6revlileri taraf\u0131ndan salondan \u00e7\u0131kar\u0131ld\u0131. \u00d6te yandan, Cumhurba\u015fkan\u0131 Abdullah G\u00fcl\u2019\u00fcn de kat\u0131ld\u0131\u011f\u0131 \u0130stanbul \u00dcniversitesi\u2019neki t\u00f6renin ba\u015flamas\u0131n\u0131n ard\u0131ndan  T\u00fcrkiye Gen\u00e7lik Birli\u011fi (TGB) \u00fcyesi 50 ki\u015fi, Fen Fak\u00fcltesi \u00f6n\u00fcnde eylem yapt\u0131. \u201c\u00dcniversitemiz a\u00e7\u0131l\u0131mlar\u0131n\u0131za kapal\u0131\u201d yaz\u0131l\u0131 pankart ta\u015f\u0131yan \u00f6\u011frenciler, Cumhurba\u015fkan\u0131 Abdullah G\u00fcl\u2019\u00fc protesto etti. Grup ad\u0131na bas\u0131n a\u00e7\u0131klamas\u0131n\u0131 TGB Ba\u015fkan\u0131 Adnan T\u00fcrkkan yapt\u0131. A\u00e7\u0131klamada, \u0130stanbul \u00dcniversitesi\u2019nde K\u00fcrt Dili ve Edebiyat\u0131 b\u00f6l\u00fcm\u00fc a\u00e7\u0131laca\u011f\u0131 s\u00f6ylentilerine tepki g\u00f6sterildi. G\u00f6stericiler, \u00e7evik kuvvet polislerinin geni\u015f g\u00fcvenlik \u00f6nlemi ald\u0131\u011f\u0131 eylem s\u0131ras\u0131nda s\u0131k s\u0131k slogan att\u0131.<\/p>\n<p style=\"text-align: justify;\"><span style=\"color: #888888;\">Haber Kayna\u011f\u0131 : <a href=\"http:\/\/www.yenicaggazetesi.com.tr\/haberdetay.php?hit=23742\" target=\"_blank\">yenicaggazetesi.com.tr<\/a><\/span><\/p>\n","protected":false},"excerpt":{"rendered":"<\/p>\n<p style=\"text-align: justify;\">G\u00fcl\u2019e \u00f6\u011frencilerden \u00e7ifte protesto<\/p>\n<p style=\"text-align: justify;\">\u0130stanbul \u00dcniversitesi\u2019nin akademik y\u0131l\u0131 a\u00e7\u0131l\u0131\u015f t\u00f6renine kat\u0131lan Cumhurba\u015fkan\u0131 G\u00fcl, protestolarla kar\u015f\u0131la\u015ft\u0131. \u00d6\u011frenciler, \u201c\u00dcniversitemiz a\u00e7\u0131l\u0131mlar\u0131n\u0131za kapal\u0131\u201d yaz\u0131l\u0131 pankart a\u00e7t\u0131.<\/p>\n<p style=\"text-align: justify;\">Cumhurba\u015fkan\u0131 Abdullah G\u00fcl, \u0130stanbul \u00dcniversitesi a\u00e7\u0131l\u0131\u015f t\u00f6reninde \u00f6\u011frenciler taraf\u0131ndan protesto edildi. Cumhurba\u015fkan\u0131 G\u00fcl, \u0130stanbul \u00dcniversitesi\u2019nin 2009-2010 \u00f6\u011fretim y\u0131l\u0131n\u0131n a\u00e7\u0131l\u0131\u015f\u0131 dolay\u0131s\u0131yla Fen Fak\u00fcltesi Cemil Bilsel Konferans Salonu\u2019nda <\/p>\n","protected":false},"author":1,"featured_media":0,"comment_status":"open","ping_status":"closed","sticky":false,"template":"","format":"standard","meta":{"footnotes":""},"categories":[105],"tags":[],"class_list":["post-15199","post","type-post","status-publish","format-standard","hentry","category-gundem","odd"],"_links":{"self":[{"href":"http:\/\/www.korhanyilmaz.com\/index.php?rest_route=\/wp\/v2\/posts\/15199","targetHints":{"allow":["GET"]}}],"collection":[{"href":"http:\/\/www.korhanyilmaz.com\/index.php?rest_route=\/wp\/v2\/posts"}],"about":[{"href":"http:\/\/www.korhanyilmaz.com\/index.php?rest_route=\/wp\/v2\/types\/post"}],"author":[{"embeddable":true,"href":"http:\/\/www.korhanyilmaz.com\/index.php?rest_route=\/wp\/v2\/users\/1"}],"replies":[{"embeddable":true,"href":"http:\/\/www.korhanyilmaz.com\/index.php?rest_route=%2Fwp%2Fv2%2Fcomments&post=15199"}],"version-history":[{"count":0,"href":"http:\/\/www.korhanyilmaz.com\/index.php?rest_route=\/wp\/v2\/posts\/15199\/revisions"}],"wp:attachment":[{"href":"http:\/\/www.korhanyilmaz.com\/index.php?rest_route=%2Fwp%2Fv2%2Fmedia&parent=15199"}],"wp:term":[{"taxonomy":"category","embeddable":true,"href":"http:\/\/www.korhanyilmaz.com\/index.php?rest_route=%2Fwp%2Fv2%2Fcategories&post=15199"},{"taxonomy":"post_tag","embeddable":true,"href":"http:\/\/www.korhanyilmaz.com\/index.php?rest_route=%2Fwp%2Fv2%2Ftags&post=15199"}],"curies":[{"name":"wp","href":"https:\/\/api.w.org\/{rel}","templated":true}]}}