{"id":15196,"date":"2009-09-28T22:11:28","date_gmt":"2009-09-28T20:11:28","guid":{"rendered":"http:\/\/www.korhanyilmaz.com\/?p=15196"},"modified":"2009-09-28T22:11:28","modified_gmt":"2009-09-28T20:11:28","slug":"3-kopru-tartismasina-chpden-yeni-bir-belge","status":"publish","type":"post","link":"http:\/\/www.korhanyilmaz.com\/?p=15196","title":{"rendered":"3. k\u00f6pr\u00fc tart\u0131\u015fmas\u0131na CHP&#039;den yeni bir belge"},"content":{"rendered":"<p style=\"text-align: center;\"><a href=\"http:\/\/www.korhanyilmaz.com\/wp-content\/uploads\/2009\/09\/belge.jpg\"  class=\"lightview\"><img loading=\"lazy\" decoding=\"async\" class=\"aligncenter size-full wp-image-15197\" src=\"http:\/\/www.korhanyilmaz.com\/wp-content\/uploads\/2009\/09\/belge.jpg\" alt=\"\" width=\"307\" height=\"236\" \/><\/a><\/p>\n<p style=\"text-align: justify;\">3. k\u00f6pr\u00fc tart\u0131\u015fmas\u0131 s\u00fcr\u00fcyor. Konu, Ula\u015ft\u0131rma \u015euras\u0131&#8217;n\u0131n a\u00e7\u0131l\u0131\u015f\u0131nda konu\u015fan Ba\u015fbakan Recep Tayyip Erdo\u011fan&#8217;\u0131n da g\u00fcndemindeydi. Erdo\u011fan, 3. k\u00f6pr\u00fcye kar\u015f\u0131 \u00e7\u0131kanlar\u0131 ele\u015ftirdi. CHP Genel Ba\u015fkan\u0131 Deniz Baykal ve \u0130l Ba\u015fkan\u0131 G\u00fcrsel Tekin&#8217;in g\u00fcndeminde de 3. k\u00f6pr\u00fc vard\u0131. Tekin, Ba\u015fbakan&#8217;\u0131n &#8220;ortada plan veya proje yok&#8221; s\u00f6zlerine imzal\u0131 ve m\u00fch\u00fcrl\u00fc bir belge ile yan\u0131t verdi.<\/p>\n<p style=\"text-align: justify;\">H\u00fck\u00fcmet, \u0130stanbul Bo\u011faz\u0131&#8217;na 3.k\u00f6pr\u00fc yap\u0131lmas\u0131nda kararl\u0131.<\/p>\n<p style=\"text-align: justify;\">Konu \u0130stanbul&#8217;da ba\u015flayan Ula\u015ft\u0131rma \u015euras\u0131&#8217;nda da ele al\u0131n\u0131yor.<\/p>\n<p style=\"text-align: justify;\">Ba\u015fbakan Tayyip Erdo\u011fan, \u015furan\u0131n a\u00e7\u0131l\u0131\u015f\u0131nda k\u00f6pr\u00fcye kar\u015f\u0131 \u00e7\u0131kanlar\u0131 ele\u015ftirdi. <!--more--><\/p>\n<p style=\"text-align: justify;\">CHP Genel Ba\u015fkan\u0131 Deniz Baykal da \u0130stanbul&#8217;dayd\u0131. Yan\u0131nda da \u0130l Ba\u015fkan\u0131 G\u00fcrsel Tekin vard\u0131.<\/p>\n<p style=\"text-align: justify;\">Konu bir s\u00fcre \u00f6nce G\u00fcrsel Tekin&#8217;in yapt\u0131\u011f\u0131 &#8220;3. k\u00f6pr\u00fc g\u00fczergah\u0131 belli oldu&#8221; a\u00e7\u0131klamas\u0131na geldi. Ve bu a\u00e7\u0131klamaya h\u00fck\u00fcmetten gelen &#8220;hen\u00fcz kesinle\u015fen g\u00fczergah yok&#8221; cevab\u0131na.<\/p>\n<p style=\"text-align: justify;\">Tekin bu s\u00f6zler \u00fczerine onayl\u0131, temmuzda m\u00fch\u00fcrlenmi\u015f bir proje \u00e7\u0131kard\u0131 ortaya. Ama tam g\u00f6sterirken Baykal&#8217;dan da uyar\u0131 geldi.<\/p>\n<p style=\"text-align: justify;\">G\u00fcrsel Tekin g\u00f6sterdi\u011fi belgenin Kuzey Marmara Otoyolu Ayaza\u011f\u0131-\u00c7avu\u015fba\u015f\u0131 aras\u0131 koridor plan\u0131n\u0131n onay\u0131 oldu\u011funu s\u00f6yledi.<\/p>\n<p style=\"text-align: justify;\">Belgenin ilk onay\u0131n\u0131n 15 Temmuz, son onay\u0131n\u0131n ise 17 Temmuz 2009 tarihinde Otoyollar\u0131 Dairesi Ba\u015fkan\u0131 Kamil Peker taraf\u0131ndan imzalanm\u0131\u015f oldu\u011fu g\u00f6r\u00fcld\u00fc.<\/p>\n<p style=\"text-align: justify;\"><span style=\"color: #888888;\">CNN T\u00dcRK<\/span><\/p>\n","protected":false},"excerpt":{"rendered":"<p style=\"text-align: center;\">\n<p style=\"text-align: justify;\">3. k\u00f6pr\u00fc tart\u0131\u015fmas\u0131 s\u00fcr\u00fcyor. Konu, Ula\u015ft\u0131rma \u015euras\u0131&#8217;n\u0131n a\u00e7\u0131l\u0131\u015f\u0131nda konu\u015fan Ba\u015fbakan Recep Tayyip Erdo\u011fan&#8217;\u0131n da g\u00fcndemindeydi. Erdo\u011fan, 3. k\u00f6pr\u00fcye kar\u015f\u0131 \u00e7\u0131kanlar\u0131 ele\u015ftirdi. CHP Genel Ba\u015fkan\u0131 Deniz Baykal ve \u0130l Ba\u015fkan\u0131 G\u00fcrsel Tekin&#8217;in g\u00fcndeminde de 3. k\u00f6pr\u00fc vard\u0131. Tekin, Ba\u015fbakan&#8217;\u0131n &#8220;ortada plan veya proje yok&#8221; s\u00f6zlerine imzal\u0131 ve m\u00fch\u00fcrl\u00fc bir belge ile <\/p>\n","protected":false},"author":1,"featured_media":0,"comment_status":"open","ping_status":"closed","sticky":false,"template":"","format":"standard","meta":{"footnotes":""},"categories":[105],"tags":[],"class_list":["post-15196","post","type-post","status-publish","format-standard","hentry","category-gundem","odd"],"_links":{"self":[{"href":"http:\/\/www.korhanyilmaz.com\/index.php?rest_route=\/wp\/v2\/posts\/15196","targetHints":{"allow":["GET"]}}],"collection":[{"href":"http:\/\/www.korhanyilmaz.com\/index.php?rest_route=\/wp\/v2\/posts"}],"about":[{"href":"http:\/\/www.korhanyilmaz.com\/index.php?rest_route=\/wp\/v2\/types\/post"}],"author":[{"embeddable":true,"href":"http:\/\/www.korhanyilmaz.com\/index.php?rest_route=\/wp\/v2\/users\/1"}],"replies":[{"embeddable":true,"href":"http:\/\/www.korhanyilmaz.com\/index.php?rest_route=%2Fwp%2Fv2%2Fcomments&post=15196"}],"version-history":[{"count":0,"href":"http:\/\/www.korhanyilmaz.com\/index.php?rest_route=\/wp\/v2\/posts\/15196\/revisions"}],"wp:attachment":[{"href":"http:\/\/www.korhanyilmaz.com\/index.php?rest_route=%2Fwp%2Fv2%2Fmedia&parent=15196"}],"wp:term":[{"taxonomy":"category","embeddable":true,"href":"http:\/\/www.korhanyilmaz.com\/index.php?rest_route=%2Fwp%2Fv2%2Fcategories&post=15196"},{"taxonomy":"post_tag","embeddable":true,"href":"http:\/\/www.korhanyilmaz.com\/index.php?rest_route=%2Fwp%2Fv2%2Ftags&post=15196"}],"curies":[{"name":"wp","href":"https:\/\/api.w.org\/{rel}","templated":true}]}}