{"id":15192,"date":"2009-09-28T14:17:00","date_gmt":"2009-09-28T11:17:00","guid":{"rendered":"http:\/\/www.korhanyilmaz.com\/?p=15192"},"modified":"2009-09-28T14:17:00","modified_gmt":"2009-09-28T11:17:00","slug":"ufuk-urastan-basbuga-suc-duyurusu","status":"publish","type":"post","link":"http:\/\/www.korhanyilmaz.com\/?p=15192","title":{"rendered":"Ufuk Uras&#039;tan Ba\u015fbu\u011f&#039;a su\u00e7 duyurusu"},"content":{"rendered":"<p style=\"text-align: center;\"><a href=\"http:\/\/www.korhanyilmaz.com\/wp-content\/uploads\/2009\/09\/ufukuras2.jpg\"  class=\"lightview\"><img loading=\"lazy\" decoding=\"async\" class=\"aligncenter size-full wp-image-15193\" src=\"http:\/\/www.korhanyilmaz.com\/wp-content\/uploads\/2009\/09\/ufukuras2.jpg\" alt=\"\" width=\"307\" height=\"236\" \/><\/a><\/p>\n<p style=\"text-align: justify;\">\u0130stanbul Milletvekili Ufuk Uras, Genelkurmay Ba\u015fkan\u0131 Orgeneral \u0130lker Ba\u015fbu\u011f hakk\u0131nda 21-22 Eyl\u00fcl 2009&#8217;de G\u00fcneydo\u011fu s\u0131n\u0131r b\u00f6lgesinde siyasi nitelikte konu\u015fmalar yapt\u0131\u011f\u0131 iddias\u0131yla su\u00e7 duyurusunda bulundu.<\/p>\n<p style=\"text-align: justify;\"><strong><em>Ba\u015fbu\u011f neler s\u00f6ylemi\u015fti? <\/em><\/strong><\/p>\n<p style=\"text-align: justify;\">Orgeneral Ba\u015fbu\u011f&#8217;un Askeri Ceza Kanunu&#8217;nun 148\/c. maddesine g\u00f6re siyasi faaliyette bulunmak su\u00e7unu i\u015fledi\u011fini s\u00f6yleyen Ufuk Uras, &#8220;Kan\u0131ksamayal\u0131m ve kim olursa olsun herkesin demokrasiye, sivil siyasete, hukukun \u00fcst\u00fcnl\u00fc\u011f\u00fcne uymas\u0131n\u0131 sa\u011flayal\u0131m&#8221; dedi.<\/p>\n<p style=\"text-align: justify;\">\u0130stanbul Cumhuriyet Savc\u0131l\u0131\u011f\u0131&#8217;na su\u00e7 duyurusu dilek\u00e7esi verdikten sonra bas\u0131n mensuplar\u0131na a\u00e7\u0131klama yapan Ufuk Uras, &#8220;Bu ba\u015fvurunun bizim a\u00e7\u0131m\u0131zdan \u00f6nemi, Askeri Ceza Kanunu&#8217;na g\u00f6re yapt\u0131\u011f\u0131m\u0131z su\u00e7 duyurusunun bu \u00fclkede hi\u00e7 kimsenin imtiyazl\u0131 bir yurtta\u015f olmad\u0131\u011f\u0131, askeri b\u00fcrokrasinin devlet memurlar\u0131n\u0131n g\u00f6rev ve yetkilerinin d\u0131\u015f\u0131na \u00e7\u0131kmas\u0131 durumunda cezaland\u0131r\u0131lma m\u00fceyyedesi olup olmad\u0131\u011f\u0131n\u0131 g\u00f6rmekti. Yani bu \u00fclkenin Genelkurmay Ba\u015fkan\u0131 da olsa bir t\u00fcr ceza muafiyetinin olmamas\u0131n\u0131 gerekti\u011fini d\u00fc\u015f\u00fcn\u00fcyoruz&#8221; dedi. <!--more--><\/p>\n<p style=\"text-align: justify;\">Yarg\u0131 ve meclis d\u00fczeyinde s\u00fcrecin takip\u00e7isi olacaklar\u0131n\u0131 belirten Uras, &#8220;Umar\u0131m T\u00fcrkiye Cumhuriyeti b\u00fct\u00fcn\u00fc, yurtta\u015flar\u0131 ve devlet memurlar\u0131 da dahil hukukun temel ilkelerine uyarlar. \u00c7\u00fcnk\u00fc bir dizi kamu g\u00f6revlisi arkada\u015f\u0131m\u0131z, siyasi faaliyeti nedeniyle ciddi sorunlarla kar\u015f\u0131la\u015f\u0131rken askeri b\u00fcrokrasinin bundan muaf olmas\u0131 kabul edilemez&#8221; diye konu\u015ftu.<\/p>\n<p style=\"text-align: justify;\"><em><strong>&#8220;Her t\u00fcr a\u00e7\u0131l\u0131m&#8221;a destek <\/strong><\/em><\/p>\n<p style=\"text-align: justify;\">Her t\u00fcrl\u00fc a\u00e7\u0131l\u0131m\u0131 desteklediklerini de ifade eden Ufus Uras, &#8220;Ama bu a\u00e7\u0131lmadan \u00e7ok sa\u00e7\u0131lmaya d\u00f6nd\u00fc. &#8216;K\u00fcrt meselesinde bir a\u00e7\u0131lma yapaca\u011f\u0131z&#8217; deyip arkas\u0131ndan s\u0131n\u0131r \u00f6tesi operasyon karar\u0131 almak \u00e7ok anlaml\u0131 de\u011fil. E\u011fer bir a\u00e7\u0131lma yap\u0131lacaksa buyurun 2010 b\u00fct\u00e7esi! Gelin bunu sava\u015f b\u00fct\u00e7esi de\u011fil, bar\u0131\u015f b\u00fct\u00e7esi yapal\u0131m. Gelin Se\u00e7im Yasas\u0131&#8217;n\u0131 de\u011fi\u015ftirelim, e\u011fer 1 y\u0131l sonra olacaksa. Oy h\u0131rs\u0131zl\u0131l\u0131\u011f\u0131 yapmayal\u0131m. CHP veya AKP&#8217;nin el ele verip y\u00fczde 10 anla\u015fmas\u0131n\u0131 ortadan kald\u0131ral\u0131m. Gelin Anayasa de\u011fi\u015fikli\u011fi yapal\u0131m. Kapsaml\u0131 bir af yapal\u0131m. Silahl\u0131 siyasetin, a\u00e7\u0131k siyasete ge\u00e7i\u015finin ko\u015fullar\u0131n\u0131 olu\u015ftural\u0131m ki, \u00e7ocuklar\u0131m\u0131z \u00f6lmesin, analar a\u011flamas\u0131n. O y\u00fczden tek g\u00fc\u00e7 vard\u0131r TBMM. TBMM d\u0131\u015f\u0131nda kendine g\u00fc\u00e7 h\u00fckmedenlerin, bunlar ister b\u00fcrokrasi olsun, ister ba\u015fkalar\u0131 olsun hukukun m\u00fceyyedelerine haz\u0131rl\u0131kl\u0131 olmas\u0131 laz\u0131m. Bu \u00fclkede hi\u00e7 kimsenin ayr\u0131cal\u0131kl\u0131 konumu olmamas\u0131 gerekti\u011fini d\u00fc\u015f\u00fcn\u00fcyoruz&#8221; dedi.<\/p>\n<p style=\"text-align: justify;\"><strong><em>Sivillerin Genelkurmay&#8217;a su\u00e7 duyurusu <\/em><\/strong><\/p>\n<p style=\"text-align: justify;\">Ufuk Uras, &#8220;\u0130lk defa sivillerin Genelkurmay Ba\u015fkanl\u0131\u011f\u0131&#8217;na su\u00e7 duyurusu. \u0130stedi\u011finiz bir sonu\u00e7 \u00e7\u0131karsa siyasetin siville\u015fmesi ad\u0131na \u00f6nemli ve ilk ad\u0131m gibi bir de\u011frlendirme yapacak m\u0131s\u0131n\u0131z?&#8221; sorusuna \u015fu cevab\u0131 verdi:<\/p>\n<p style=\"text-align: justify;\">&#8220;Tabii yapaca\u011f\u0131z. Benim g\u00f6rd\u00fc\u011f\u00fcm yayg\u0131n bir kan\u0131ksama hali var.  Bu kan\u0131ksanm\u0131\u015f. Defalarca devlet memurlar\u0131, askeri b\u00fcrokrasinin en \u00fcst y\u00f6neticileri siyasi faaliyette bulunuyor. Bu bir kan\u0131ksama hali. En tehlikeli \u015fey kan\u0131ksamak. Biliyorsunuz fille\u015fme diye bir \u015fey var. Filleri terbiye etmek i\u00e7in k\u00fc\u00e7\u00fckken bir kaz\u0131\u011fa ba\u011flarlar b\u00fcy\u00fcy\u00fcnce art\u0131k o kaz\u0131\u011f\u0131 s\u00f6kmek istemez. Kan\u0131ksam\u0131\u015ft\u0131r. Toplumun da fille\u015fmesi k\u00f6t\u00fc bir \u015fey. Kan\u0131ksamayal\u0131m ve kim olursa olsun herkesin demokrasiye, sivil siyasete, hukukun \u00fcst\u00fcnl\u00fc\u011f\u00fcne uymas\u0131n\u0131 sa\u011flayal\u0131m. Bu bizim i\u00e7in ilk ad\u0131md\u0131r. Bunun takip\u00e7isi olaca\u011f\u0131z. \u00c7\u00fcnk\u00fc yasalar benim g\u00f6rd\u00fc\u011f\u00fcm kadar\u0131yla genelkurmay ba\u015fkan\u0131n\u0131 adeta cezadan muhaf oldu\u011funu varsayarak yarg\u0131layacak bir merci koymam\u0131\u015f. Ben dahil bu \u00fclkede herkes yarg\u0131lanma durumunda. Ama askeri b\u00fcrokrasi yarg\u0131lanam\u0131yor. Bunu a\u015farsak bence T\u00fcrkiye&#8217;nin \u00f6n\u00fc a\u00e7\u0131l\u0131r.&#8221;<\/p>\n<p style=\"text-align: justify;\">A\u00e7\u0131l\u0131m\u0131n hakiki olmas\u0131 gerekti\u011fi belirten Ufuk Uras, bu konuda AKP&#8217;nin pragmatik, CHP&#8217;nin ise stat\u00fckocu davrand\u0131\u011f\u0131n\u0131 ileri s\u00fcrd\u00fc. Uras, su\u00e7 duyusu dilek\u00e7esinde kendisiyle birlikte Mebuse Tekay, Oya Baydar, Bask\u0131n Oran, Cengiz Algan, Ahmet \u0130nsel, Ayd\u0131n Engin, Mithat Sancar ve Sezgin Tanr\u0131kulu&#8217;nun da \u015fikayet\u00e7i olarak bulunduklar\u0131n\u0131 ifade etti.<\/p>\n<p style=\"text-align: justify;\">Dilek\u00e7enin Askeri Savc\u0131l\u0131\u011fa g\u00f6nderilece\u011fini s\u00f6yleyen Ufuk Uras, siyasi nitelikte konu\u015fmalar nedeniyle Orgeneral Ba\u015fbu\u011f&#8217;un Askeri Ceza Kanunu&#8217;nun 148\/c. bendine g\u00f6re 1 aydan 5 aya kadar hapisle cezaland\u0131r\u0131lmas\u0131n\u0131 talep ettiklerini belirtti.<\/p>\n<p style=\"text-align: justify;\"><span style=\"color: #888888;\">CNN T\u00dcRK<\/span><\/p>\n","protected":false},"excerpt":{"rendered":"<p style=\"text-align: center;\">\n<p style=\"text-align: justify;\">\u0130stanbul Milletvekili Ufuk Uras, Genelkurmay Ba\u015fkan\u0131 Orgeneral \u0130lker Ba\u015fbu\u011f hakk\u0131nda 21-22 Eyl\u00fcl 2009&#8217;de G\u00fcneydo\u011fu s\u0131n\u0131r b\u00f6lgesinde siyasi nitelikte konu\u015fmalar yapt\u0131\u011f\u0131 iddias\u0131yla su\u00e7 duyurusunda bulundu.<\/p>\n<p style=\"text-align: justify;\">Ba\u015fbu\u011f neler s\u00f6ylemi\u015fti? <\/p>\n<p style=\"text-align: justify;\">Orgeneral Ba\u015fbu\u011f&#8217;un Askeri Ceza Kanunu&#8217;nun 148\/c. maddesine g\u00f6re siyasi faaliyette bulunmak su\u00e7unu i\u015fledi\u011fini s\u00f6yleyen Ufuk Uras, &#8220;Kan\u0131ksamayal\u0131m ve <\/p>\n","protected":false},"author":1,"featured_media":0,"comment_status":"open","ping_status":"closed","sticky":false,"template":"","format":"standard","meta":{"footnotes":""},"categories":[105],"tags":[],"class_list":["post-15192","post","type-post","status-publish","format-standard","hentry","category-gundem","odd"],"_links":{"self":[{"href":"http:\/\/www.korhanyilmaz.com\/index.php?rest_route=\/wp\/v2\/posts\/15192","targetHints":{"allow":["GET"]}}],"collection":[{"href":"http:\/\/www.korhanyilmaz.com\/index.php?rest_route=\/wp\/v2\/posts"}],"about":[{"href":"http:\/\/www.korhanyilmaz.com\/index.php?rest_route=\/wp\/v2\/types\/post"}],"author":[{"embeddable":true,"href":"http:\/\/www.korhanyilmaz.com\/index.php?rest_route=\/wp\/v2\/users\/1"}],"replies":[{"embeddable":true,"href":"http:\/\/www.korhanyilmaz.com\/index.php?rest_route=%2Fwp%2Fv2%2Fcomments&post=15192"}],"version-history":[{"count":0,"href":"http:\/\/www.korhanyilmaz.com\/index.php?rest_route=\/wp\/v2\/posts\/15192\/revisions"}],"wp:attachment":[{"href":"http:\/\/www.korhanyilmaz.com\/index.php?rest_route=%2Fwp%2Fv2%2Fmedia&parent=15192"}],"wp:term":[{"taxonomy":"category","embeddable":true,"href":"http:\/\/www.korhanyilmaz.com\/index.php?rest_route=%2Fwp%2Fv2%2Fcategories&post=15192"},{"taxonomy":"post_tag","embeddable":true,"href":"http:\/\/www.korhanyilmaz.com\/index.php?rest_route=%2Fwp%2Fv2%2Ftags&post=15192"}],"curies":[{"name":"wp","href":"https:\/\/api.w.org\/{rel}","templated":true}]}}