{"id":15186,"date":"2009-09-27T14:29:05","date_gmt":"2009-09-27T11:29:05","guid":{"rendered":"http:\/\/www.korhanyilmaz.com\/?p=15186"},"modified":"2009-09-27T14:29:05","modified_gmt":"2009-09-27T11:29:05","slug":"imf%e2%80%99yi-bekliyoruz","status":"publish","type":"post","link":"http:\/\/www.korhanyilmaz.com\/?p=15186","title":{"rendered":"IMF\u2019yi Bekliyoruz!"},"content":{"rendered":"<p style=\"text-align: justify;\"><a href=\"http:\/\/www.korhanyilmaz.com\/wp-content\/uploads\/2009\/09\/IMF.jpg\"  class=\"lightview\"><img loading=\"lazy\" decoding=\"async\" class=\"aligncenter size-full wp-image-15187\" src=\"http:\/\/www.korhanyilmaz.com\/wp-content\/uploads\/2009\/09\/IMF.jpg\" alt=\"\" width=\"324\" height=\"214\" \/><\/a><\/p>\n<p style=\"text-align: justify;\">D\u00fcnya finans\u0131n\u0131n patronlar\u0131 geliyor. Emek ve demokrasi g\u00fc\u00e7leri de IMF ve D\u00fcnya Bankas\u0131\u2019n\u0131 \u0130stanbul ve Ankara\u2019da  \u00f6fkeli protestolarla kar\u015f\u0131lamaya haz\u0131rlan\u0131yor.<\/p>\n<p style=\"text-align: justify;\"><em><strong>Protestolar Artacak <\/strong><\/em><\/p>\n<p style=\"text-align: justify;\">D\u00fcnyan\u0131n yoksul halklar\u0131n\u0131n daha yoksulla\u015fmas\u0131, geli\u015fmi\u015f \u00fclkelerin daha zenginle\u015fmesi i\u00e7in kurulan b\u00fcy\u00fck kumpas\u0131n mimarlar\u0131ndan Uluslararas\u0131 Para Fonu (IMF) ile D\u00fcnya Bankas\u0131 6-7 Ekim\u2019de \u0130stanbul&#8217;da. Zengin dostu yoksul d\u00fc\u015fman\u0131 Ba\u015fbakan Erdo\u011fan da IMF ve D\u00fcnya Bankas\u0131 patronlar\u0131n\u0131n \u00f6n\u00fcne k\u0131rm\u0131z\u0131 hal\u0131lar sermek i\u00e7in el pen\u00e7e divan bekliyor. Ancak emek ve demokrasi g\u00fc\u00e7leri d\u00fczenleyecekleri bir dizi protesto eylemiyle T\u00fcrkiye\u2019nin IMF ile D\u00fcnya Bankas\u0131\u2019na pe\u015fke\u015f \u00e7ekilmesine dur diyecek. <!--more--><\/p>\n<p style=\"text-align: justify;\"><strong><em>\u201c\u0130stanbul&#8217;u Dar Edelim\u201d<\/em><\/strong><\/p>\n<p style=\"text-align: justify;\">D\u00fcn de IMF toplant\u0131s\u0131na kar\u015f\u0131 bir araya gelen \u00d6DP,  EMEP ve TKP \u0130stanbul il \u00f6rg\u00fctleri ortak eylem d\u00fczenledi \u00dc\u00e7 partinin temsilcileri, i\u015fyerlerinde, mahallelerde ve okullarda g\u00fc\u00e7lerini birle\u015ftireceklerini, IMF ve i\u015fbirlik\u00e7ilerine gereken cevab\u0131 meydanlarda, i\u015fyerlerinde vereceklerini bildirdi. A\u00e7\u0131klamada, \u201c\u0130\u015f\u00e7iler, emek\u00e7iler, kad\u0131nlar, gen\u00e7ler, bu \u00fclkenin ger\u00e7ek sahipleri karde\u015fler. Gelin sesimize ses, g\u00fcc\u00fcm\u00fcze g\u00fc\u00e7 kat\u0131n. Kat\u0131n ki taleplerimizi daha g\u00fc\u00e7l\u00fc \u015fekilde hayk\u0131ral\u0131m, kat\u0131n ki onlara \u0130stanbul\u2019u dar edelim\u201d denildi.<\/p>\n<p style=\"text-align: justify;\">6-7 Ekim\u2019de d\u00fczenlenecek olan IMF toplant\u0131s\u0131na kar\u015f\u0131 bir araya gelen \u00d6zg\u00fcrl\u00fck ve Dayan\u0131\u015fma Partisi (\u00d6DP),  Emek Partisi (EMEP) ve T\u00fcrkiye Kom\u00fcnist Partisi (TKP)  \u0130stanbul il \u00f6rg\u00fctleri  ortak bir eylem d\u00fczenledi. Taksim Tarmvay dura\u011f\u0131nda bir araya gelen \u00fc\u00e7 partinin temsilcileri IMF ve D\u00fcnya Bankas\u0131 kar\u015f\u0131t\u0131 sloganlarla Galatasaray Lisesi\u2019ne kadar y\u00fcr\u00fcd\u00fc. Binden fazla ki\u015finin kat\u0131ld\u0131\u011f\u0131 eyleme yurtta\u015flar\u0131n yo\u011fun ilgisi vard\u0131. Siyasi partiler ad\u0131na ortak a\u00e7\u0131klamay\u0131 yapan EMEP \u0130l Ba\u015fkan\u0131 G\u00fcven Ger\u00e7ek, ABD merkezli ekonomik krizin \u00fczerinden bir y\u0131l ge\u00e7ti\u011fini, krizin faturas\u0131n\u0131n emek\u00e7ilere y\u0131k\u0131ld\u0131\u011f\u0131n\u0131 belirtti. Ger\u00e7ek, finans\u00e7\u0131lar\u0131n ve emperyalist tekellerin bilan\u00e7olar\u0131nda bir d\u00fczelmeden bahsedilse bile krizin hala etkilerinin devam etti\u011fini s\u00f6yledi. \u201cTamda b\u00f6yle bir d\u00f6nemde \u2018krize \u00e7\u00f6z\u00fcm, toparlanmaya destek\u2019 ba\u015fl\u0131\u011f\u0131yla, IMF \u00f6nc\u00fcl\u00fc\u011f\u00fcnde yap\u0131lacak olan uluslar aras\u0131 sermayenin \u0130stanbul bulu\u015fmas\u0131, emperyalist tekelleri korumak amac\u0131yla yap\u0131lmaktad\u0131r. Ad\u0131na tedbir paketi dedikleri, emek\u00e7i halklar\u0131m\u0131z i\u00e7in daha fazla i\u015fsizlik ve yoksulluk anlam\u0131na gelen yeni sald\u0131r\u0131 paketlerini sosyal sorumluluk cilas\u0131yla emek\u00e7ilerin \u00f6n\u00fcne koymak i\u00e7in toplan\u0131yorlar\u201d diyen Ger\u00e7ek, bu bulu\u015fmaya ev sahipli\u011fi yapan AKP H\u00fck\u00fcmeti, IMF ve uluslara aras\u0131 sermayeye sadakatini bir kez daha g\u00f6sterdi\u011fini kaydetti. Ger\u00e7ek, AKP\u2019nin \u201cIMF ile anla\u015fma yapmad\u0131k\u201d s\u00f6z\u00fcne ra\u011fmen IMF\u2019nin isteklerini tek tek yerine getirdi\u011fini kaydetti.<\/p>\n<p style=\"text-align: justify;\"><strong><em>Ac\u0131 Re\u00e7eteleri Suratlar\u0131na \u00c7arpaca\u011f\u0131z<\/em><\/strong><\/p>\n<p style=\"text-align: justify;\">Yap\u0131lan a\u00e7\u0131klamada, \u201cDevletin resmi kurumlar\u0131ndan yap\u0131lan a\u00e7\u0131klamalar hem i\u015fsizlik ve yoksullu\u011fu ortaya koymakta, hemde karlar\u0131n\u0131 kat be kat artt\u0131ranlar\u0131 g\u00f6stermektedir. Patronlara sorarsan\u0131z krizdeler ve mutlaka bizden toplanan vergilerle olu\u015fturulan b\u00fct\u00e7e kullan\u0131larak onlara yeni yeni te\u015fvikler verilmesi gerekiyor. Oysa onlar AKP\u2019nin yaratt\u0131\u011f\u0131 imkanlarla \u00e7oktan krizi f\u0131rsata \u00e7evirmi\u015f durumdalar. Krizde as\u0131l olan i\u015f\u00e7i ve emek\u00e7ilere olmaktad\u0131r\u201d diye belirtildi.<\/p>\n<p style=\"text-align: justify;\">Bir tarafta silahlanmaya ayr\u0131lan milyarlarca dolar\u0131n oldu\u011funu, bir di\u011fer tarafta da a\u00e7l\u0131k ve yoksullu\u011fun oldu\u011funu belirten Ger\u00e7ek, \u201cG\u00fc\u00e7l\u00fc ordu g\u00fc\u00e7l\u00fc T\u00fcrkiye\u201d  propagandas\u0131yla militarizme ve silahlanmaya para aktar\u0131lmaya devam edildi\u011fini, sadece bir seferde f\u00fcze almak i\u00e7in 8 milyar dolar\u0131n harcand\u0131\u011f\u0131n\u0131 kaydetti. Ger\u00e7ek, silahlanmaya ayr\u0131lan paralar ile \u00fclkedeki e\u011fitim ve sa\u011fl\u0131k hizmetlerinin \u00fccretsiz hala getirilebilinece\u011fini s\u00f6yledi.<\/p>\n<p style=\"text-align: justify;\">\u201cArt\u0131k yeter diyoruz! B\u0131\u00e7ak kemi\u011fe dayand\u0131. \u0130\u015f\u00e7i s\u0131n\u0131f\u0131n\u0131n ve emek\u00e7i halk\u0131n \u00f6deyece\u011fi yeni faturalara tahamm\u00fcl\u00fc kalmam\u0131\u015ft\u0131r. Bu nedenle IMF ve i\u015fbirlik\u00e7ilerini \u00fclkemizde g\u00f6rmek istemiyoruz\u201d diyen Ger\u00e7ek, bu \u00fclkede i\u015f\u00e7iden, emek\u00e7iden yana olan partiler olarak bo\u015f durmayacaklar\u0131n\u0131, IMF\u2019nin ac\u0131 re\u00e7etelerini onlar\u0131n suratlar\u0131na \u00e7arpacaklar\u0131n\u0131 dile getirdi.<\/p>\n<p style=\"text-align: justify;\">EMEP, TKP ve \u00d6DP olarak i\u015fyerlerinde, mahallelerde ve okullarda g\u00fc\u00e7lerini birle\u015ftireceklerini, IMF ve i\u015fbirlik\u00e7ilerine gereken cevab\u0131 meydanlarda, i\u015fyerlerinde vereceklerini s\u00f6yleyen Ger\u00e7ek \u015f\u00f6yle konu\u015ftu, \u201c\u0130\u015f\u00e7iler, emek\u00e7iler, kad\u0131nlar, gen\u00e7ler, bu \u00fclkenin ger\u00e7ek sahipleri karde\u015fler. Gelin sesimize ses, g\u00fcc\u00fcm\u00fcze g\u00fc\u00e7 kat\u0131n. Kat\u0131n ki taleplerimizi daha g\u00fc\u00e7l\u00fc bir \u015fekilde hayk\u0131ral\u0131m, kat\u0131n ki onlara \u0130stanbul\u2019u dar edelim.\u201d \u00d6n\u00fcm\u00fczdeki g\u00fcnlerde eylemlere devam edeceklerini belirten Ger\u00e7ek, 29 Eyl\u00fcl Sal\u0131 g\u00fcn\u00fc Kartal Meydan\u0131\u2019nda saat 19.00\u2019da, 30 Eyl\u00fcl \u00c7ar\u015famba g\u00fcn\u00fc Bak\u0131rk\u00f6y \u00d6zg\u00fcrl\u00fck Meydan\u0131\u2019nda saat 19.00\u2019da,  eylem yapacaklar\u0131n\u0131 ifade etti.<\/p>\n<p style=\"text-align: justify;\"><strong><em>Zincirli protestoya g\u00f6zalt\u0131<\/em><\/strong><\/p>\n<p style=\"text-align: justify;\">Ez\u0130lenler\u0130n Sosyalist Platformu 6-7 Ekim tarihlerinde \u0130stanbul&#8217;da yap\u0131lacak IMF guvarn\u00f6rler toplant\u0131s\u0131n\u0131 protesto amac\u0131yla kongre vadisi giri\u015finde zincirleme eylemi yapt\u0131. Eylemde 4 ESP&#8217;li g\u00f6zalt\u0131na al\u0131nd\u0131.<\/p>\n<p style=\"text-align: justify;\">G\u00f6zalt\u0131na al\u0131nan 4 ESP&#8217;li \u201cEmperyalistler i\u015fbirlik\u00e7iler 6. Filo&#8217;yu unutmay\u0131n\u201d diye hayk\u0131rd\u0131.<\/p>\n<p style=\"text-align: justify;\">\u0130stanbul&#8217;da yap\u0131lacak IMF ve D\u00fcnya Bankas\u0131 toplant\u0131s\u0131na kar\u015f\u0131 eylemlerini s\u00fcrd\u00fcren ESP, bug\u00fcn kongre vadisinin giri\u015findeki trafik \u0131\u015f\u0131klar\u0131nda zincirleme eylemi yapt\u0131.<\/p>\n<p style=\"text-align: justify;\">&#8220;IMF Defol, No Passaran&#8221; yaz\u0131l\u0131 pankart ta\u015f\u0131yan ESP&#8217;liler, \u201cEmperyalistler i\u015fbirlik\u00e7iler 6. Filo&#8217;yu unutmay\u0131n\u201d, &#8220;IMF&#8217;ye kar\u015f\u0131 soka\u011fa, eyleme, \u00f6zg\u00fcrl\u00fc\u011fe&#8221;, &#8220;\u0130stanbul&#8217;u IMF&#8217;ye dar edece\u011fiz&#8221; yaz\u0131l\u0131 d\u00f6vizler ta\u015f\u0131d\u0131, IMF kar\u015f\u0131t\u0131 sloganlar att\u0131. Yakla\u015f\u0131k 20 dakika s\u00fcren eylem boyunca ESP&#8217;liler konu\u015fmalar yapt\u0131,IMF kar\u015f\u0131t\u0131 sloganlar att\u0131.<\/p>\n<p style=\"text-align: justify;\">Polis kendilerini trafik \u0131\u015f\u0131klar\u0131na zincirleyen ESP&#8217;lilerin zincirlerini keserek g\u00f6zalt\u0131na ald\u0131.<\/p>\n<p style=\"text-align: justify;\">G\u00f6zalt\u0131na al\u0131nan ESP&#8217;lilerin isimleri \u015f\u00f6yle: Metin K\u00fcrek\u00e7i, U\u011fur \u00d6kte, Cem Madendere, P\u0131nar G\u00f6rg\u00fc<\/p>\n<p style=\"text-align: justify;\"><span style=\"color: #888888;\">Kaynak : BirG\u00fcn<\/span><\/p>\n","protected":false},"excerpt":{"rendered":"<p style=\"text-align: justify;\">\n<p style=\"text-align: justify;\">D\u00fcnya finans\u0131n\u0131n patronlar\u0131 geliyor. Emek ve demokrasi g\u00fc\u00e7leri de IMF ve D\u00fcnya Bankas\u0131\u2019n\u0131 \u0130stanbul ve Ankara\u2019da \u00f6fkeli protestolarla kar\u015f\u0131lamaya haz\u0131rlan\u0131yor.<\/p>\n<p style=\"text-align: justify;\">Protestolar Artacak <\/p>\n<p style=\"text-align: justify;\">D\u00fcnyan\u0131n yoksul halklar\u0131n\u0131n daha yoksulla\u015fmas\u0131, geli\u015fmi\u015f \u00fclkelerin daha zenginle\u015fmesi i\u00e7in kurulan b\u00fcy\u00fck kumpas\u0131n mimarlar\u0131ndan Uluslararas\u0131 Para Fonu (IMF) ile D\u00fcnya Bankas\u0131 6-7 Ekim\u2019de <\/p>\n","protected":false},"author":1,"featured_media":0,"comment_status":"open","ping_status":"closed","sticky":false,"template":"","format":"standard","meta":{"footnotes":""},"categories":[105],"tags":[],"class_list":["post-15186","post","type-post","status-publish","format-standard","hentry","category-gundem","odd"],"_links":{"self":[{"href":"http:\/\/www.korhanyilmaz.com\/index.php?rest_route=\/wp\/v2\/posts\/15186","targetHints":{"allow":["GET"]}}],"collection":[{"href":"http:\/\/www.korhanyilmaz.com\/index.php?rest_route=\/wp\/v2\/posts"}],"about":[{"href":"http:\/\/www.korhanyilmaz.com\/index.php?rest_route=\/wp\/v2\/types\/post"}],"author":[{"embeddable":true,"href":"http:\/\/www.korhanyilmaz.com\/index.php?rest_route=\/wp\/v2\/users\/1"}],"replies":[{"embeddable":true,"href":"http:\/\/www.korhanyilmaz.com\/index.php?rest_route=%2Fwp%2Fv2%2Fcomments&post=15186"}],"version-history":[{"count":0,"href":"http:\/\/www.korhanyilmaz.com\/index.php?rest_route=\/wp\/v2\/posts\/15186\/revisions"}],"wp:attachment":[{"href":"http:\/\/www.korhanyilmaz.com\/index.php?rest_route=%2Fwp%2Fv2%2Fmedia&parent=15186"}],"wp:term":[{"taxonomy":"category","embeddable":true,"href":"http:\/\/www.korhanyilmaz.com\/index.php?rest_route=%2Fwp%2Fv2%2Fcategories&post=15186"},{"taxonomy":"post_tag","embeddable":true,"href":"http:\/\/www.korhanyilmaz.com\/index.php?rest_route=%2Fwp%2Fv2%2Ftags&post=15186"}],"curies":[{"name":"wp","href":"https:\/\/api.w.org\/{rel}","templated":true}]}}