{"id":15182,"date":"2009-09-28T10:43:16","date_gmt":"2009-09-28T07:43:16","guid":{"rendered":"http:\/\/www.korhanyilmaz.com\/?p=15182"},"modified":"2009-09-28T10:43:16","modified_gmt":"2009-09-28T07:43:16","slug":"alparslan-arslan-yine-olay-cikardi","status":"publish","type":"post","link":"http:\/\/www.korhanyilmaz.com\/?p=15182","title":{"rendered":"Alparslan Arslan yine olay \u00e7\u0131kard\u0131"},"content":{"rendered":"<p style=\"text-align: justify;\"><a href=\"http:\/\/www.korhanyilmaz.com\/wp-content\/uploads\/2009\/09\/ERGENEKON1.jpg\"  class=\"lightview\"><img loading=\"lazy\" decoding=\"async\" class=\"size-full wp-image-15183 alignleft\" style=\"margin: 0px 10px;\" title=\"ERGENEKON\" src=\"http:\/\/www.korhanyilmaz.com\/wp-content\/uploads\/2009\/09\/ERGENEKON1.jpg\" alt=\"ERGENEKON\" width=\"169\" height=\"167\" \/><\/a>1. Ergenekon davas\u0131 duru\u015fmas\u0131nda Dan\u0131\u015ftay sald\u0131r\u0131s\u0131 san\u0131\u011f\u0131 Alparslan Arslan yine olay \u00e7\u0131kard\u0131. Bug\u00fcnk\u00fc duru\u015fmada Dan\u0131\u015ftay davas\u0131 san\u0131klar\u0131 ilk kez ifade verecek.<\/p>\n<p style=\"text-align: justify;\">Duru\u015fma ba\u015flamadan \u00f6nce, Alparslan Arslan salondan d\u0131\u015far\u0131 \u00e7\u0131kmak istedi. Jandarma g\u00f6revlilerince yerine oturtulan Arslan, &#8220;B\u0131rak\u0131n beni&#8221; diye ba\u011f\u0131rd\u0131. Bunun \u00fczerine Ba\u015fkan \u015eeng\u00fcn, &#8220;Oturtun&#8221; dedi.<\/p>\n<p style=\"text-align: justify;\">Ard\u0131ndan Arslan, bir s\u00fcre jandarma g\u00f6revlilerince zorla yerinde oturtuldu. Askerler, ellerini Arslan&#8217;\u0131n \u00fczerinde tutarak hareket etmesini engellemeye \u00e7al\u0131\u015ft\u0131.<\/p>\n<p style=\"text-align: justify;\">Direnmeye devam edince, askerler taraf\u0131ndan salondan d\u0131\u015far\u0131 \u00e7\u0131kart\u0131lan Arslan&#8217;\u0131n, salondan ayr\u0131l\u0131rken san\u0131k b\u00f6l\u00fcm\u00fcnde koruma amac\u0131yla yap\u0131lan tahta paravana tekme att\u0131. <!--more--><\/p>\n<p style=\"text-align: justify;\">Dan\u0131\u015ftay ve Cumhuriyet gazetesine y\u00f6nelik sald\u0131r\u0131lara ili\u015fkin dava ile birle\u015ftirilen birinci &#8220;Ergenekon&#8221; davas\u0131n\u0131n 111. duru\u015fmas\u0131 ba\u015flad\u0131.<\/p>\n<p style=\"text-align: justify;\">\u0130stanbul 13. A\u011f\u0131r Ceza Mahkemesi&#8217;nce Silivri Ceza \u0130nfaz Kurumlar\u0131 Yerle\u015fkesi&#8217;ndeki salonda g\u00f6r\u00fclen duru\u015fmaya, emekli Tu\u011fgeneral Veli K\u00fc\u00e7\u00fck, emekli Y\u00fczba\u015f\u0131 Muzaffer Tekin, Alparslan Arslan ve Osman Y\u0131ld\u0131r\u0131m&#8217;\u0131n da aralar\u0131nda bulundu\u011fu 28 tutuklu san\u0131k geldi.<\/p>\n<p style=\"text-align: justify;\">Duru\u015fmada tutuksuz san\u0131klar G\u00fcler K\u00f6m\u00fcrc\u00fc \u00d6zt\u00fcrk, Rafet Arslan, \u0130brahim Benli, Aykut Metin \u015e\u00fckre ve \u0130hsan G\u00f6kta\u015f da haz\u0131r bulundu.<\/p>\n<p style=\"text-align: justify;\">Duru\u015fmada, \u0130\u015f\u00e7i Partisi Genel Ba\u015fkan\u0131 Do\u011fu Perin\u00e7ek&#8217;in avukat\u0131 Mehmet Cengiz, &#8220;\u00dcye hakimler Sedat Sami Ha\u015f\u0131lo\u011flu ve Hasan H\u00fcseyin \u00d6zese&#8217;nin davadan \u00e7ekilmesine y\u00f6nelik&#8221; talepleri oldu\u011funu belirterek, bununla ilgili a\u00e7\u0131klama yapmak istedi\u011fini s\u00f6yledi.<\/p>\n<p style=\"text-align: justify;\">Mahkeme Ba\u015fkan\u0131 K\u00f6ksal \u015eeng\u00fcn de avukat Cengiz&#8217;e s\u00f6z verdi.<\/p>\n<p style=\"text-align: justify;\"><span style=\"color: #888888;\">CNN T\u00dcRK<\/span><\/p>\n","protected":false},"excerpt":{"rendered":"<p style=\"text-align: justify;\">1. Ergenekon davas\u0131 duru\u015fmas\u0131nda Dan\u0131\u015ftay sald\u0131r\u0131s\u0131 san\u0131\u011f\u0131 Alparslan Arslan yine olay \u00e7\u0131kard\u0131. Bug\u00fcnk\u00fc duru\u015fmada Dan\u0131\u015ftay davas\u0131 san\u0131klar\u0131 ilk kez ifade verecek.<\/p>\n<p style=\"text-align: justify;\">Duru\u015fma ba\u015flamadan \u00f6nce, Alparslan Arslan salondan d\u0131\u015far\u0131 \u00e7\u0131kmak istedi. Jandarma g\u00f6revlilerince yerine oturtulan Arslan, &#8220;B\u0131rak\u0131n beni&#8221; diye ba\u011f\u0131rd\u0131. Bunun \u00fczerine Ba\u015fkan \u015eeng\u00fcn, &#8220;Oturtun&#8221; dedi.<\/p>\n<p style=\"text-align: justify;\">Ard\u0131ndan Arslan, bir s\u00fcre <\/p>\n","protected":false},"author":1,"featured_media":0,"comment_status":"open","ping_status":"closed","sticky":false,"template":"","format":"standard","meta":{"footnotes":""},"categories":[105],"tags":[],"class_list":["post-15182","post","type-post","status-publish","format-standard","hentry","category-gundem","odd"],"_links":{"self":[{"href":"http:\/\/www.korhanyilmaz.com\/index.php?rest_route=\/wp\/v2\/posts\/15182","targetHints":{"allow":["GET"]}}],"collection":[{"href":"http:\/\/www.korhanyilmaz.com\/index.php?rest_route=\/wp\/v2\/posts"}],"about":[{"href":"http:\/\/www.korhanyilmaz.com\/index.php?rest_route=\/wp\/v2\/types\/post"}],"author":[{"embeddable":true,"href":"http:\/\/www.korhanyilmaz.com\/index.php?rest_route=\/wp\/v2\/users\/1"}],"replies":[{"embeddable":true,"href":"http:\/\/www.korhanyilmaz.com\/index.php?rest_route=%2Fwp%2Fv2%2Fcomments&post=15182"}],"version-history":[{"count":0,"href":"http:\/\/www.korhanyilmaz.com\/index.php?rest_route=\/wp\/v2\/posts\/15182\/revisions"}],"wp:attachment":[{"href":"http:\/\/www.korhanyilmaz.com\/index.php?rest_route=%2Fwp%2Fv2%2Fmedia&parent=15182"}],"wp:term":[{"taxonomy":"category","embeddable":true,"href":"http:\/\/www.korhanyilmaz.com\/index.php?rest_route=%2Fwp%2Fv2%2Fcategories&post=15182"},{"taxonomy":"post_tag","embeddable":true,"href":"http:\/\/www.korhanyilmaz.com\/index.php?rest_route=%2Fwp%2Fv2%2Ftags&post=15182"}],"curies":[{"name":"wp","href":"https:\/\/api.w.org\/{rel}","templated":true}]}}