{"id":15178,"date":"2009-09-27T23:29:44","date_gmt":"2009-09-27T20:29:44","guid":{"rendered":"http:\/\/www.korhanyilmaz.com\/?p=15178"},"modified":"2009-09-27T23:29:44","modified_gmt":"2009-09-27T20:29:44","slug":"urastan-baykala-sen-biliyorsun-da-ne-oluyor","status":"publish","type":"post","link":"http:\/\/www.korhanyilmaz.com\/?p=15178","title":{"rendered":"Uras&#039;tan Baykal&#039;a: &quot;Sen biliyorsun da ne oluyor?&quot;"},"content":{"rendered":"<p><a href=\"http:\/\/www.korhanyilmaz.com\/wp-content\/uploads\/2009\/09\/ufukuras.jpg\"  class=\"lightview\"><img loading=\"lazy\" decoding=\"async\" class=\"aligncenter size-full wp-image-15179\" src=\"http:\/\/www.korhanyilmaz.com\/wp-content\/uploads\/2009\/09\/ufukuras.jpg\" alt=\"\" width=\"292\" height=\"194\" \/><\/a><\/p>\n<p style=\"text-align: justify;\">\u0130stanbul Ba\u011f\u0131ms\u0131z Milletvekili Ufuk Uras, a\u00e7\u0131l\u0131m s\u00fcrecine destek veren ABD&#8217;li akt\u00f6r Kevin Costner&#8217;\u0131 ele\u015ftiren CHP lideri Deniz Baykal&#8217;a sert \u00e7\u0131kt\u0131. Uras, Costner i\u00e7in &#8220;\u015e\u0131rnak&#8217;\u0131n yerini biliyor mu?&#8221; diyen Baykal&#8217;a &#8220;Sen \u015e\u0131rnak&#8217;\u0131n yerini biliyorsun da ne oluyor?&#8221; dedi.<\/p>\n<p style=\"text-align: justify;\">Diyarbak\u0131r&#8217;da bulunan Ufuk Uras, AK Parti ve CHP&#8217;yi oy h\u0131rs\u0131zl\u0131\u011f\u0131 ve ahlaks\u0131zl\u0131kla su\u00e7lad\u0131.<\/p>\n<p style=\"text-align: justify;\">CHP lideri Baykal&#8217;\u0131n Kevin Costner&#8217;a y\u00f6nelik a\u00e7\u0131klamalar\u0131na cevap veren Uras, &#8220;Deniz Baykal a bak\u0131yorsunuz Holoywod&#8217;daki bir sanat\u00e7\u0131ya \u00e7akas at\u0131yor. Baykal, akt\u00f6r i\u00e7in &#8216;\u015e\u0131rnak&#8217;\u0131n yerini biliyor mu?&#8217; diye soruyor. Sen \u015e\u0131rnak&#8217;\u0131n yerini biliyorsun da ne oluyor? Co\u011frafya bilgin iyi de \u015e\u0131rnak&#8217;a gidip oradaki \u015foven siyaseti a\u00e7\u0131k\u00e7a savunacak bir durumda olabiliyor musun?&#8221; dedi. <!--more--><\/p>\n<p style=\"text-align: justify;\">Uras, &#8220;B\u00fct\u00fcn bu manzaraya bakt\u0131\u011f\u0131mda d\u00fczen siyaset\u00e7ileri ile geneti\u011fi bozulmu\u015f organizmalar aras\u0131nda bir ili\u015fiki var m\u0131 diye d\u00fc\u015f\u00fcn\u00fcyorum? Bug\u00fcn\u00fcn meselesi K\u00fcrt a\u00e7\u0131l\u0131m\u0131 diye konu\u015fulan formda a\u00e7\u0131l\u0131mdan \u00e7ok bir sa\u00e7\u0131lma halini nas\u0131l engelleyece\u011fiz? E\u011fer AKP iktidar\u0131 bu konuda bir a\u00e7\u0131l\u0131m yapacaksa bizim i\u00e7in elde var bir. Ama egemenler bildiklerini yap\u0131yor. Bu d\u00f6nemde nas\u0131l bir yol haritas\u0131 \u00e7\u0131kacak, \u00f6n\u00fcm\u00fczdeki hafta Meclis a\u00e7\u0131lacak. G\u00fcndemde s\u0131n\u0131r \u00f6tesi operasyon var. Demek ki \u00f6n\u00fcm\u00fczdeki s\u00fcre\u00e7te s\u0131n\u0131r \u00f6tesi operasyona &#8216;vet&#8217; diyen hi\u00e7bir siyasi \u00f6zne ile siyaseten yan yana gelmemiz m\u00fcmk\u00fcn de\u011fil&#8221; diye konu\u015ftu.<\/p>\n<p style=\"text-align: justify;\"><strong><em>&#8220;PKK, PKK olarak kalmak istiyor mu?&#8221; <\/em><\/strong><\/p>\n<p style=\"text-align: justify;\">TBMM&#8217;de 2010 b\u00fct\u00e7esinin konu\u015fulaca\u011f\u0131n\u0131 hat\u0131rlatan Uras, &#8220;A\u00e7\u0131l\u0131m yapacaksan bu a\u00e7\u0131l\u0131m\u0131 2010 b\u00fct\u00e7esine sava\u015f b\u00fct\u00e7esi de\u011fil bar\u0131\u015f b\u00fct\u00e7esi yans\u0131tacak m\u0131s\u0131n? A\u00e7\u0131l\u0131m yapacaksan se\u00e7im yasas\u0131n\u0131 demokratikle\u015ftirecek misin? Yoksa y\u00fczde 10 baraj\u0131 ile CHP ve AKP yine el s\u0131k\u0131\u015farak oy h\u0131rs\u0131zl\u0131\u011f\u0131 yapacak en b\u00fcy\u00fck ahlaks\u0131zl\u0131k olan h\u0131rs\u0131zl\u0131\u011f\u0131n\u0131, s\u00fcrd\u00fcrecek mi? Bu y\u00fczden \u00f6n\u00fcm\u00fczdeki s\u00fcre\u00e7te, \u00f6n\u00fcne genel af\u0131 koyan, Anayasa de\u011fi\u015fikli\u011fini koyan, yerel y\u00f6netimlerin yetkilerin art\u0131r\u0131lmas\u0131n\u0131 koyan, silahl\u0131 siyasetten, a\u00e7\u0131k siyasete gge\u00e7i\u015fin \u015fartlar\u0131 yani PKK&#8217;n\u0131n d\u00f6n\u00fc\u015fmesi, PKK&#8217;n\u0131n kendisi PKK olarak kalmay\u0131 istiyor mu? B\u00f6yle bir problem mi var dolay\u0131s\u0131yla? Silahl\u0131 siyasetten a\u00e7\u0131k siyasete, ABD ve Avrupa&#8217;da nas\u0131l ge\u00e7ildiyse bunlar\u0131n yol haritalar\u0131n \u00e7\u0131kar\u0131lmas\u0131 gerekir&#8221; dedi.<\/p>\n<p style=\"text-align: justify;\"><span style=\"color: #888888;\">CNN T\u00dcRK<\/span><\/p>\n","protected":false},"excerpt":{"rendered":"<\/p>\n<p style=\"text-align: justify;\">\u0130stanbul Ba\u011f\u0131ms\u0131z Milletvekili Ufuk Uras, a\u00e7\u0131l\u0131m s\u00fcrecine destek veren ABD&#8217;li akt\u00f6r Kevin Costner&#8217;\u0131 ele\u015ftiren CHP lideri Deniz Baykal&#8217;a sert \u00e7\u0131kt\u0131. Uras, Costner i\u00e7in &#8220;\u015e\u0131rnak&#8217;\u0131n yerini biliyor mu?&#8221; diyen Baykal&#8217;a &#8220;Sen \u015e\u0131rnak&#8217;\u0131n yerini biliyorsun da ne oluyor?&#8221; dedi.<\/p>\n<p style=\"text-align: justify;\">Diyarbak\u0131r&#8217;da bulunan Ufuk Uras, AK Parti ve CHP&#8217;yi oy h\u0131rs\u0131zl\u0131\u011f\u0131 ve ahlaks\u0131zl\u0131kla su\u00e7lad\u0131.<\/p>\n","protected":false},"author":1,"featured_media":0,"comment_status":"open","ping_status":"closed","sticky":false,"template":"","format":"standard","meta":{"footnotes":""},"categories":[105],"tags":[],"class_list":["post-15178","post","type-post","status-publish","format-standard","hentry","category-gundem","odd"],"_links":{"self":[{"href":"http:\/\/www.korhanyilmaz.com\/index.php?rest_route=\/wp\/v2\/posts\/15178","targetHints":{"allow":["GET"]}}],"collection":[{"href":"http:\/\/www.korhanyilmaz.com\/index.php?rest_route=\/wp\/v2\/posts"}],"about":[{"href":"http:\/\/www.korhanyilmaz.com\/index.php?rest_route=\/wp\/v2\/types\/post"}],"author":[{"embeddable":true,"href":"http:\/\/www.korhanyilmaz.com\/index.php?rest_route=\/wp\/v2\/users\/1"}],"replies":[{"embeddable":true,"href":"http:\/\/www.korhanyilmaz.com\/index.php?rest_route=%2Fwp%2Fv2%2Fcomments&post=15178"}],"version-history":[{"count":0,"href":"http:\/\/www.korhanyilmaz.com\/index.php?rest_route=\/wp\/v2\/posts\/15178\/revisions"}],"wp:attachment":[{"href":"http:\/\/www.korhanyilmaz.com\/index.php?rest_route=%2Fwp%2Fv2%2Fmedia&parent=15178"}],"wp:term":[{"taxonomy":"category","embeddable":true,"href":"http:\/\/www.korhanyilmaz.com\/index.php?rest_route=%2Fwp%2Fv2%2Fcategories&post=15178"},{"taxonomy":"post_tag","embeddable":true,"href":"http:\/\/www.korhanyilmaz.com\/index.php?rest_route=%2Fwp%2Fv2%2Ftags&post=15178"}],"curies":[{"name":"wp","href":"https:\/\/api.w.org\/{rel}","templated":true}]}}