{"id":15169,"date":"2009-09-27T17:40:57","date_gmt":"2009-09-27T15:40:57","guid":{"rendered":"http:\/\/www.korhanyilmaz.com\/?p=15169"},"modified":"2009-09-27T17:40:57","modified_gmt":"2009-09-27T15:40:57","slug":"irana-irakli-yanit","status":"publish","type":"post","link":"http:\/\/www.korhanyilmaz.com\/?p=15169","title":{"rendered":"\u0130ran&#039;a Irak&#039;l\u0131 yan\u0131t!"},"content":{"rendered":"<p><a href=\"http:\/\/www.korhanyilmaz.com\/wp-content\/uploads\/2009\/09\/fuze.jpg\"  class=\"lightview\"><img loading=\"lazy\" decoding=\"async\" class=\"aligncenter size-full wp-image-15170\" src=\"http:\/\/www.korhanyilmaz.com\/wp-content\/uploads\/2009\/09\/fuze.jpg\" alt=\"\" width=\"320\" height=\"100\" \/><\/a><\/p>\n<p style=\"text-align: justify;\"><strong><em>Erdo\u011fan: Irak\u2019a m\u00fcdahale neyi halletti koskoca medeniyet \u00e7\u00f6kt\u00fc. <\/em><\/strong><\/p>\n<p style=\"text-align: justify;\">Ba\u015fbakan, \u0130ran\u2019la ilgili sorulara, \u201cSilahl\u0131 bir m\u00fcdahale hi\u00e7bir toplant\u0131da g\u00fcndeme gelmedi. \u0130ran\u2019a silahl\u0131 m\u00fcdahale t\u00fcm d\u00fcnyay\u0131 rahats\u0131z eder. Irak\u2019ta ya\u015fananlar\u0131 g\u00f6r\u00fcyorsunuz. Orada bir medeniyet \u00e7\u00f6kmeyle kar\u015f\u0131 kar\u015f\u0131ya kalm\u0131\u015ft\u0131r\u201d diye yan\u0131t verdi.<\/p>\n<p style=\"text-align: justify;\">Ba\u015fbakan Recep Tayyip Erdo\u011fan, ABD Ba\u015fkan\u0131 Barack Obama ile yapt\u0131\u011f\u0131 15 dakikal\u0131k ba\u015f ba\u015fa g\u00f6r\u00fc\u015fmenin a\u011f\u0131rl\u0131kl\u0131 g\u00fcndemini b\u00f6lgesel sorunlar\u0131n olu\u015fturdu\u011funu belirterek, gerek Irak, Suriye, gerek Orta Do\u011fu\u2019daki geli\u015fmeler ve bunun yan\u0131nda T\u00fcrkiye-Ermenistan ili\u015fkileriyle ilgili at\u0131lmakta olan ad\u0131mlar\u0131n ele al\u0131nd\u0131\u011f\u0131n\u0131 s\u00f6yledi. Ba\u015fbakan Erdo\u011fan\u2019\u0131n a\u00e7\u0131klamalar\u0131 \u015f\u00f6yle: <!--more--><\/p>\n<p style=\"text-align: justify;\">* <strong><em>OBAMA \u0130LE G\u00d6R\u00dc\u015eME:<\/em><\/strong> (ABD Ba\u015fkan\u0131 ile ba\u015f ba\u015fa 15 dakikal\u0131k g\u00f6r\u00fc\u015fmenin g\u00fcndeminin ne oldu\u011funa ili\u015fkin soru \u00fczerine) B\u00f6lgemizdeki geli\u015fmeleri ele alma f\u0131rsat\u0131m\u0131z oldu. Gerek Irak, Suriye gerek Orta Do\u011fu\u2019daki geli\u015fmeler, bunun yan\u0131nda T\u00fcrkiye-Ermenistan ili\u015fkileri ile ilgili atmakta oldu\u011fumuz ad\u0131mlar&#8230; Biliyorsunuz, 10 Ekim\u2019de D\u0131\u015fi\u015fleri Bakanlar\u0131 bir araya gelerek haz\u0131rlanan metni imzalayacaklar. B\u00fct\u00fcn bunlar\u0131 o 15 dakikada g\u00f6r\u00fc\u015fme imkan\u0131m\u0131z, f\u0131rsat\u0131m\u0131z oldu. B\u00f6lgeye y\u00f6nelik olarak Afganistan konusunu ele ald\u0131k. Kas\u0131m ay\u0131nda Kabil\u2019de komutay\u0131 T\u00fcrkiye\u2019nin alacak, g\u00f6r\u00fc\u015fmede bunu da de\u011ferlendirdik. Bu g\u00f6r\u00fc\u015fme vesilesiyle ABD Ba\u015fkan\u0131 Obama da \u00f6zellikle Orta Do\u011fu\u2019da ili\u015fkilerin s\u0131k\u0131la\u015ft\u0131r\u0131lmas\u0131n\u0131n zaruretini ifade etti.<\/p>\n<p style=\"text-align: justify;\"><strong><em>* A\u00c7ILIM KONU\u015eULDU MU?:<\/em><\/strong> (\u0130ran veya Demokratik A\u00e7\u0131l\u0131m konusu g\u00f6r\u00fc\u015f\u00fcld\u00fc m\u00fc? sorusu \u00fczerine) Bu konular bizim sorun alanlar\u0131m\u0131z oldu\u011fu i\u00e7in bu sorun alanlar\u0131 ile ilgili olarak, \u00f6rne\u011fin Ermenistan meselesi bizim sorun alanlar\u0131m\u0131zdan bir tanesi. \u00d6rne\u011fin ter\u00f6r sorunu&#8230; Onu bizim g\u00fcndeme almamam\u0131z, konu\u015fmamam\u0131z s\u00f6z konusu de\u011fil.<\/p>\n<p style=\"text-align: justify;\"><strong><em>* \u0130RAN\u2019A M\u00dcDAHALE: <\/em><\/strong>(Toplant\u0131larda \u0130ran\u2019a ili\u015fkin bir silahl\u0131 m\u00fcdahalenin s\u00f6z konusu olup olmad\u0131\u011f\u0131, T\u00fcrkiye\u2019nin f\u00fcze al\u0131m\u0131n\u0131n ise \u0130ran ile ilgisinin bulunup bulunmad\u0131\u011f\u0131 sorusu \u00fczerine) Silahl\u0131 bir m\u00fcdahale konusu benim kat\u0131ld\u0131\u011f\u0131m toplant\u0131larda g\u00fcndeme gelmedi. Baz\u0131 yapt\u0131r\u0131mlar uygulanabilece\u011fi g\u00fcndeme geldi. Bu yapt\u0131r\u0131mlar da ekonomik yapt\u0131r\u0131mlar ya da \u00fclkelerin onlarla diplomatik ili\u015fkilerini kesme gibi yapt\u0131r\u0131mlar olabilir. Hemen silahl\u0131 m\u00fcdahale denildi\u011fini zaman&#8230; Bu tabii sadece \u0130ran\u2019\u0131 rahats\u0131z eden bir konu olmaz. D\u00fcnya uluslar\u0131n\u0131 da rahats\u0131z eden bir konu olur. Irak\u2019ta ya\u015fananlar ortada. \u015eu anda bir \u00fclke bir medeniyet bana g\u00f6re \u00e7\u00f6kt\u00fc, milyonu a\u015fk\u0131n insan \u00f6ld\u00fc. Irak\u2019taki bu medeniyeti yeniden in\u015fa etmek acaba bizim ka\u00e7 y\u0131l\u0131m\u0131z\u0131 al\u0131r, veya yeniden in\u015fa edebilir miyiz, veya oradaki medeniyet art\u0131k \u00e7\u00f6ken medeniyetler aras\u0131nda m\u0131 yer al\u0131r. Amerika\u2019n\u0131n belki de finans krizinin i\u00e7erisinde Irak\u2019taki yapt\u0131\u011f\u0131 harcamalar ona neden olmu\u015f olabilir, tabii bilemiyoruz resmi rakam nedir, ne kadar para harcanm\u0131\u015ft\u0131r? ABD\u2019nin de orada kay\u0131plar\u0131 var, ha nedir Saddam rejimi y\u0131k\u0131lm\u0131\u015ft\u0131r olan budur. Temennimiz odur ki toprak b\u00fct\u00fcnl\u00fc\u011f\u00fcne sayg\u0131l\u0131 bir yap\u0131 orada meydana gelsin. Ama daha bu bir yere oturmadan b\u00f6yle bir \u015feyi \u00e7\u00f6zemeyen D\u00fcnya \u015fimdi \u0130ran \u00fczerinde devaml\u0131 b\u00f6yle bir \u015feyi d\u00fc\u015f\u00fcn\u00fcyor, tek bahanesi n\u00fckleer silah. N\u00fckleer silah\u0131n bulundu\u011fu ba\u015fka \u00fclkeler var, niye bunlar konu\u015fulmuyor. Bir \u015feyin tesirinin olabilmesi i\u00e7in \u00f6nce onu kendinizin yapmamas\u0131 laz\u0131m, e\u011fer kendiniz bunu yap\u0131yorsan\u0131z bunun kar\u015f\u0131 tarafa tesiri olmaz, yap\u0131lan harcamalar da ne o n\u00fckleer silah yat\u0131r\u0131m\u0131n\u0131 yapana bir \u015fey kazand\u0131r\u0131yor, ne de o korkuyu verdikleri topluma.<\/p>\n<p style=\"text-align: justify;\"><strong><em>* YUNAN\u0130STAN\u2019DA VAR, B\u0130ZDE YOK: <\/em><\/strong>7-8 milyar dolarl\u0131k al\u0131m s\u00f6z konusu de\u011fil, ki hen\u00fcz verilmi\u015f bir karar da s\u00f6z konusu de\u011fil. Savunma Sanayi M\u00fcste\u015farl\u0131\u011f\u0131 f\u00fcze al\u0131m\u0131 konusunda \u00e7al\u0131\u015fmalar\u0131n\u0131 s\u00fcrd\u00fcr\u00fcyor. E\u011fer b\u00f6yle bir \u015fey \u0130cra Konseyine gelecekse, bu paket asl\u0131nda d\u00f6rt rampal\u0131k bir pakettir ve 1.3 milyar dolarl\u0131k bir ihale s\u00f6z konusudur. Bunlar da mobildir, sabit de\u011fildir. Konuyu burada da sapt\u0131r\u0131yorlar. Kimisi \u2019bu \u0130ran\u2019a kar\u015f\u0131 m\u0131, bat\u0131ya kar\u015f\u0131 m\u0131 al\u0131n\u0131yor\u2019gibi hedef sapt\u0131ran ba\u015fl\u0131klar at\u0131yor. Bunlar yanl\u0131\u015f. Mobil olursa zaten nerede ihtiya\u00e7 duyulursa e\u011fer al\u0131nmas\u0131 halinde orada kullan\u0131l\u0131r. Ama \u015fu anda hen\u00fcz bu i\u015fin talebi var. G\u00f6r\u00fc\u015f\u00fclme safhas\u0131ndad\u0131r. S\u00f6ylendi\u011fi gibi bir rakam de\u011fildir. Yunanistan\u2019da 6 tane f\u00fcze rampas\u0131 var. T\u00fcrkiye\u2019nin ona kar\u015f\u0131 b\u00f6yle bir \u015feyi yok. \u0130ran\u2019da ne kadard\u0131r bilemiyorum.<\/p>\n<p style=\"text-align: justify;\"><strong><em>ABD\u2019deki gerginlik <\/em><\/strong><\/p>\n<p style=\"text-align: justify;\">Ba\u015ebakan Erdo\u011fan, \u201cClinton Vakf\u0131\u2019n\u0131n toplant\u0131s\u0131nda ya\u015fanan gerginlikle ilgili\u201d soruya \u015f\u00f6yle yan\u0131t verdi: \u201cBana g\u00f6re basit bir olayd\u0131. Sadece Washington g\u00fcvenlik servisiyle, bize verilmi\u015f olan g\u00fcvenlik g\u00f6revlileri aras\u0131ndaki olayd\u0131, olay\u0131n gazetelere yans\u0131mas\u0131 da bizi \u00fczm\u00fc\u015ft\u00fcr. Polisimizle, bizim g\u00fcvenli\u011fimizle alakal\u0131 bir konu de\u011fil, kendi g\u00fcvenlikleri aras\u0131ndaki bir ileti\u015fimsizlikten gelen \u015feydir ve konuyla ilgili de ABD\u2019nin yetkilileri a\u00e7\u0131klamalar\u0131n\u0131 yapt\u0131lar. Olay o dur ve bunun d\u0131\u015f\u0131nda herhangi bir \u015fey yok. Tabii b\u00f6yle olmamal\u0131yd\u0131. Clinton ailesi ertesi g\u00fcn yemekte g\u00f6r\u00fc\u015ft\u00fc\u011f\u00fcm\u00fczde onlar da bu konuyla ilgili bize \u00f6z\u00fcr beyan ettiler.\u201d<\/p>\n<p style=\"text-align: justify;\"><strong><em>Aya\u011f\u0131n\u0131n tozuyla taziyeye gitti <\/em><\/strong><\/p>\n<p style=\"text-align: justify;\">Ba\u015fbakan ile e\u015fi Emine Erdo\u011fan, d\u00fcn topra\u011fa verilen Osmanl\u0131 padi\u015fahlar\u0131ndan II. Abd\u00fclhamit\u2019in torunu Ertu\u011frul Osman\u2019\u0131n ailesine taziye ziyaretinde bulundu. Erdo\u011fan, Ertu\u011frul Osman ile ABD\u2019ye yapt\u0131\u011f\u0131 bir ziyaret s\u0131ras\u0131nda tan\u0131\u015ft\u0131\u011f\u0131n\u0131 belirterek, bu tan\u0131\u015fma s\u0131ras\u0131nda Ertu\u011frul Osman\u2019\u0131n kendisine T\u00fcrkiye\u2019ye olan \u00f6zlemini, hasretini dile getirdi\u011fini ve T\u00fcrkiye Cumhuriyeti vatanda\u015f\u0131 olmak istedi\u011fini s\u00f6yledi\u011fini anlatt\u0131.<\/p>\n<p style=\"text-align: justify;\"><span style=\"color: #888888;\">Kaynak : Vatan<\/span><\/p>\n","protected":false},"excerpt":{"rendered":"<\/p>\n<p style=\"text-align: justify;\">Erdo\u011fan: Irak\u2019a m\u00fcdahale neyi halletti koskoca medeniyet \u00e7\u00f6kt\u00fc. <\/p>\n<p style=\"text-align: justify;\">Ba\u015fbakan, \u0130ran\u2019la ilgili sorulara, \u201cSilahl\u0131 bir m\u00fcdahale hi\u00e7bir toplant\u0131da g\u00fcndeme gelmedi. \u0130ran\u2019a silahl\u0131 m\u00fcdahale t\u00fcm d\u00fcnyay\u0131 rahats\u0131z eder. Irak\u2019ta ya\u015fananlar\u0131 g\u00f6r\u00fcyorsunuz. Orada bir medeniyet \u00e7\u00f6kmeyle kar\u015f\u0131 kar\u015f\u0131ya kalm\u0131\u015ft\u0131r\u201d diye yan\u0131t verdi.<\/p>\n<p style=\"text-align: justify;\">Ba\u015fbakan Recep Tayyip Erdo\u011fan, ABD Ba\u015fkan\u0131 Barack Obama <\/p>\n","protected":false},"author":1,"featured_media":0,"comment_status":"open","ping_status":"closed","sticky":false,"template":"","format":"standard","meta":{"footnotes":""},"categories":[105],"tags":[],"class_list":["post-15169","post","type-post","status-publish","format-standard","hentry","category-gundem","odd"],"_links":{"self":[{"href":"http:\/\/www.korhanyilmaz.com\/index.php?rest_route=\/wp\/v2\/posts\/15169","targetHints":{"allow":["GET"]}}],"collection":[{"href":"http:\/\/www.korhanyilmaz.com\/index.php?rest_route=\/wp\/v2\/posts"}],"about":[{"href":"http:\/\/www.korhanyilmaz.com\/index.php?rest_route=\/wp\/v2\/types\/post"}],"author":[{"embeddable":true,"href":"http:\/\/www.korhanyilmaz.com\/index.php?rest_route=\/wp\/v2\/users\/1"}],"replies":[{"embeddable":true,"href":"http:\/\/www.korhanyilmaz.com\/index.php?rest_route=%2Fwp%2Fv2%2Fcomments&post=15169"}],"version-history":[{"count":0,"href":"http:\/\/www.korhanyilmaz.com\/index.php?rest_route=\/wp\/v2\/posts\/15169\/revisions"}],"wp:attachment":[{"href":"http:\/\/www.korhanyilmaz.com\/index.php?rest_route=%2Fwp%2Fv2%2Fmedia&parent=15169"}],"wp:term":[{"taxonomy":"category","embeddable":true,"href":"http:\/\/www.korhanyilmaz.com\/index.php?rest_route=%2Fwp%2Fv2%2Fcategories&post=15169"},{"taxonomy":"post_tag","embeddable":true,"href":"http:\/\/www.korhanyilmaz.com\/index.php?rest_route=%2Fwp%2Fv2%2Ftags&post=15169"}],"curies":[{"name":"wp","href":"https:\/\/api.w.org\/{rel}","templated":true}]}}