{"id":15155,"date":"2009-09-27T21:52:41","date_gmt":"2009-09-27T18:52:41","guid":{"rendered":"http:\/\/www.korhanyilmaz.com\/?p=15155"},"modified":"2009-09-27T21:52:41","modified_gmt":"2009-09-27T18:52:41","slug":"ermeni-aciliminda-tarih-belli-oldu","status":"publish","type":"post","link":"http:\/\/www.korhanyilmaz.com\/?p=15155","title":{"rendered":"Ermeni a\u00e7\u0131l\u0131m\u0131nda tarih belli oldu"},"content":{"rendered":"<p style=\"text-align: center;\"><a href=\"http:\/\/www.korhanyilmaz.com\/wp-content\/uploads\/2009\/09\/ermeniacilimi.jpg\"  class=\"lightview\"><img loading=\"lazy\" decoding=\"async\" class=\"aligncenter size-full wp-image-15156\" src=\"http:\/\/www.korhanyilmaz.com\/wp-content\/uploads\/2009\/09\/ermeniacilimi.jpg\" alt=\"\" width=\"307\" height=\"236\" \/><\/a><\/p>\n<p style=\"text-align: justify;\">Ba\u015fbakan Recep Tayyip Erdo\u011fan, ABD d\u00f6n\u00fc\u015f\u00fc \u0130stanbul Atat\u00fcrk Havaliman\u0131&#8217;nda temaslar\u0131na ili\u015fkin a\u00e7\u0131klamalarda bulundu. ABD Ba\u015fkan\u0131 Barack Obama ile Ermenistan&#8217;la at\u0131lacak ad\u0131mlar\u0131, ter\u00f6rle m\u00fccadeleyi g\u00f6r\u00fc\u015ft\u00fc\u011f\u00fcn\u00fc s\u00f6yleyen Erdo\u011fan, Ermeni a\u00e7\u0131l\u0131m\u0131yla ilgili 10 Ekim&#8217;de D\u0131\u015fi\u015fleri Bakanlar\u0131n\u0131n haz\u0131rlanan metni imzalayaca\u011f\u0131n\u0131 ifade etti.<\/p>\n<p style=\"text-align: justify;\">Anayasa de\u011fi\u015fikli\u011finin her zaman g\u00fcndemde oldu\u011funu belirten Erdo\u011fan, &#8220;G\u00f6r\u00fcnen o ki parlemento ve kurumlar haz\u0131r de\u011fil, demokratik a\u00e7\u0131l\u0131m i\u00e7inde baz\u0131 konular\u0131 ele alaca\u011f\u0131z&#8221; dedi.<\/p>\n<p style=\"text-align: justify;\">Ba\u015fbakan Erdo\u011fan&#8217;a, ABD Ba\u015fkan\u0131 Obama ile yapt\u0131\u011f\u0131 15 dakikal\u0131k g\u00f6r\u00fc\u015fmede K\u00fcrt a\u00e7\u0131l\u0131m\u0131n\u0131n g\u00fcndeme gelip gelmedi\u011fi sorulmu\u015f; Erdo\u011fan aral\u0131k ay\u0131nda Washington&#8217;a yapmay\u0131 planlad\u0131\u011f\u0131 ziyareti i\u015faret etmi\u015fti. <!--more--><\/p>\n<p style=\"text-align: justify;\">Ayn\u0131 soru Erdo\u011fan&#8217;a bu kez de, ABD d\u00f6n\u00fc\u015f\u00fc Atat\u00fcrk Havaliman\u0131&#8217;nda y\u00f6neltildi. Erdo\u011fan bu kez, &#8220;Sorun alanlar\u0131 g\u00fcndem geldi, ter\u00f6rle m\u00fccadele g\u00fcndem geldi&#8221; dedi.<\/p>\n<p style=\"text-align: justify;\">15 dakikal\u0131k o g\u00f6r\u00fc\u015fmenin g\u00fcndeminde Ermenistan a\u00e7\u0131l\u0131m\u0131 da vard\u0131. Erdo\u011fan haz\u0131rlanan protokol\u00fcn 10 Ekim&#8217;de imzalanaca\u011f\u0131n\u0131 a\u00e7\u0131klad\u0131.<\/p>\n<p style=\"text-align: justify;\">Ba\u015fbakan Erdo\u011fan&#8217;a yeni bir n\u00fckleer tesisin varl\u0131\u011f\u0131n\u0131 a\u00e7\u0131klayan \u0130ran&#8217;a y\u00f6nelik yapt\u0131r\u0131mlar da soruldu. Erdo\u011fan \u0130ran&#8217;a askeri m\u00fcdahale senaryolar\u0131na kar\u015f\u0131 \u00e7\u0131kt\u0131; bunun b\u00fct\u00fcn d\u00fcnya uluslar\u0131n\u0131 rahats\u0131z edece\u011fini s\u00f6yledi.<\/p>\n<p style=\"text-align: justify;\"><strong><em>F\u00fcze al\u0131m\u0131<\/em><\/strong><\/p>\n<p style=\"text-align: justify;\">Erdo\u011fan, T\u00fcrkiye&#8217;nin ABD&#8217;den almay\u0131 planlad\u0131\u011f\u0131 f\u00fcze rampalar\u0131yla ilgili de, kamuoyunda yanl\u0131\u015f bilgilerin yer ald\u0131\u011f\u0131n\u0131 s\u00f6yledi. Erdo\u011fan, medyada yer alan ifadelerin do\u011fru olmad\u0131\u011f\u0131n\u0131 ve hen\u00fcz al\u0131m\u0131n kesinle\u015fmedi\u011fini vurgulad\u0131.<\/p>\n<p style=\"text-align: justify;\">Ba\u015fbakan, &#8220;Bu konuda da ifade edilen rakamlar \u00e7ok yanl\u0131\u015f. 7-8 milyar dolarl\u0131k al\u0131m s\u00f6z konusu de\u011fil. Verilmi\u015f bir karar s\u00f6z konusu de\u011fil. Savunma Sanayi M\u00fcste\u015farl\u0131\u011f\u0131m\u0131z konuyla ilgili \u00e7al\u0131\u015fmalar\u0131n\u0131 yap\u0131yor. B\u00f6yle bir \u015fey icra komitesine gelecekse, bu paket asl\u0131nda 4 rampal\u0131k bir pakettir ve 1,3 milyar dolarl\u0131k bir ihale s\u00f6z konusudur&#8221; dedi.<\/p>\n<p style=\"text-align: justify;\">Erdo\u011fan, &#8220;Bunlar da mobildir, sabit de\u011fildir. Konuyu burada da sapt\u0131r\u0131yorlar. Kimisi &#8216;bu \u0130ran&#8217;a kar\u015f\u0131 m\u0131, Bat\u0131&#8217;ya kar\u015f\u0131 m\u0131 al\u0131n\u0131yor&#8217; gibi hedef sapt\u0131ran ba\u015fl\u0131klar at\u0131yor. Bunlar yanl\u0131\u015f. Mobil olursa zaten nerede ihtiya\u00e7 duyulursa e\u011fer al\u0131nmas\u0131 halinde orada kullan\u0131l\u0131r. Ama \u015fu anda hen\u00fcz bu i\u015fin talebi var. G\u00f6r\u00fc\u015f\u00fclme safhas\u0131ndad\u0131r. Ama icra konseyimize gelmemi\u015ftir. \u0130cra Konseyimize hen\u00fcz b\u00f6yle bir \u015fey gelmemi\u015ftir. S\u00f6ylendi\u011fi gibi bir rakam de\u011fildir. Mesela kom\u015fumuz Yunanistan&#8217;da 6 tane f\u00fcze rampas\u0131 var. T\u00fcrkiye&#8217;nin ona kar\u015f\u0131 b\u00f6yle bir \u015feyi yok. \u0130ran&#8217;da ne kadard\u0131r bilemiyorum&#8221; diye konu\u015ftu.<\/p>\n<p style=\"text-align: justify;\">Erdo\u011fan son olarak, &#8220;Gerek BM Genel Kurulu gerekse G-20 Zirvesi&#8217;nde ve Amerika&#8217;n\u0131n \u00f6nde gelen gazeteleriyle yapt\u0131\u011f\u0131m\u0131z m\u00fclakatlarda, \u00fclkemizin g\u00f6r\u00fc\u015flerini en iyi \u015fekilde t\u00fcm d\u00fcnya liderlerine ve d\u00fcnyaya duyurma f\u0131rsat\u0131m\u0131z oldu&#8221; dedi.<\/p>\n<p style=\"text-align: justify;\"><span style=\"color: #888888;\">CNN T\u00dcRK<\/span><\/p>\n","protected":false},"excerpt":{"rendered":"<p style=\"text-align: center;\">\n<p style=\"text-align: justify;\">Ba\u015fbakan Recep Tayyip Erdo\u011fan, ABD d\u00f6n\u00fc\u015f\u00fc \u0130stanbul Atat\u00fcrk Havaliman\u0131&#8217;nda temaslar\u0131na ili\u015fkin a\u00e7\u0131klamalarda bulundu. ABD Ba\u015fkan\u0131 Barack Obama ile Ermenistan&#8217;la at\u0131lacak ad\u0131mlar\u0131, ter\u00f6rle m\u00fccadeleyi g\u00f6r\u00fc\u015ft\u00fc\u011f\u00fcn\u00fc s\u00f6yleyen Erdo\u011fan, Ermeni a\u00e7\u0131l\u0131m\u0131yla ilgili 10 Ekim&#8217;de D\u0131\u015fi\u015fleri Bakanlar\u0131n\u0131n haz\u0131rlanan metni imzalayaca\u011f\u0131n\u0131 ifade etti.<\/p>\n<p style=\"text-align: justify;\">Anayasa de\u011fi\u015fikli\u011finin her zaman g\u00fcndemde oldu\u011funu belirten Erdo\u011fan, &#8220;G\u00f6r\u00fcnen o <\/p>\n","protected":false},"author":1,"featured_media":0,"comment_status":"open","ping_status":"closed","sticky":false,"template":"","format":"standard","meta":{"footnotes":""},"categories":[105],"tags":[],"class_list":["post-15155","post","type-post","status-publish","format-standard","hentry","category-gundem","odd"],"_links":{"self":[{"href":"http:\/\/www.korhanyilmaz.com\/index.php?rest_route=\/wp\/v2\/posts\/15155","targetHints":{"allow":["GET"]}}],"collection":[{"href":"http:\/\/www.korhanyilmaz.com\/index.php?rest_route=\/wp\/v2\/posts"}],"about":[{"href":"http:\/\/www.korhanyilmaz.com\/index.php?rest_route=\/wp\/v2\/types\/post"}],"author":[{"embeddable":true,"href":"http:\/\/www.korhanyilmaz.com\/index.php?rest_route=\/wp\/v2\/users\/1"}],"replies":[{"embeddable":true,"href":"http:\/\/www.korhanyilmaz.com\/index.php?rest_route=%2Fwp%2Fv2%2Fcomments&post=15155"}],"version-history":[{"count":0,"href":"http:\/\/www.korhanyilmaz.com\/index.php?rest_route=\/wp\/v2\/posts\/15155\/revisions"}],"wp:attachment":[{"href":"http:\/\/www.korhanyilmaz.com\/index.php?rest_route=%2Fwp%2Fv2%2Fmedia&parent=15155"}],"wp:term":[{"taxonomy":"category","embeddable":true,"href":"http:\/\/www.korhanyilmaz.com\/index.php?rest_route=%2Fwp%2Fv2%2Fcategories&post=15155"},{"taxonomy":"post_tag","embeddable":true,"href":"http:\/\/www.korhanyilmaz.com\/index.php?rest_route=%2Fwp%2Fv2%2Ftags&post=15155"}],"curies":[{"name":"wp","href":"https:\/\/api.w.org\/{rel}","templated":true}]}}