{"id":15147,"date":"2009-09-27T23:15:47","date_gmt":"2009-09-27T20:15:47","guid":{"rendered":"http:\/\/www.korhanyilmaz.com\/?p=15147"},"modified":"2009-09-27T23:15:47","modified_gmt":"2009-09-27T20:15:47","slug":"angela-merkel-yeniden-basbakan","status":"publish","type":"post","link":"http:\/\/www.korhanyilmaz.com\/?p=15147","title":{"rendered":"Angela Merkel yeniden ba\u015fbakan"},"content":{"rendered":"<p style=\"text-align: center;\"><a href=\"http:\/\/www.korhanyilmaz.com\/wp-content\/uploads\/2009\/09\/MERKER.jpg\"  class=\"lightview\"><img loading=\"lazy\" decoding=\"async\" class=\"aligncenter size-full wp-image-15148\" src=\"http:\/\/www.korhanyilmaz.com\/wp-content\/uploads\/2009\/09\/MERKER.jpg\" alt=\"\" width=\"307\" height=\"236\" \/><\/a><\/p>\n<p style=\"text-align: justify;\">Almanya&#8217;da, T\u00fcrkiye&#8217;nin Avrupa Birli\u011fi yolculu\u011funu yak\u0131ndan ilgilendiren genel se\u00e7im, Ankara i\u00e7in k\u00f6t\u00fc senaryoyla sonu\u00e7land\u0131. Sand\u0131k ba\u015f\u0131 anketlerine g\u00f6re, Sosyal Demokrat SPD, tarihi bir \u00e7\u00f6k\u00fc\u015f ya\u015fad\u0131. Angela Merkel&#8217;in H\u0131ristiyan Demokartlar\u0131&#8217;n\u0131n, merkez sa\u011f Liberal Demokratlar ile koalisyon kurmas\u0131 ihtimali a\u011f\u0131rl\u0131k kazand\u0131.<\/p>\n<p style=\"text-align: justify;\">Se\u00e7imlere kat\u0131lma oran\u0131n\u0131n da y\u00fczde 72,5 ile bug\u00fcne dek yap\u0131lan genel se\u00e7imlerdeki en d\u00fc\u015f\u00fck oran oldu\u011fu bildirildi. <!--more--><\/p>\n<p style=\"text-align: justify;\">\u0130lk tahminlere g\u00f6re CDU ve Bavyera eyaletindeki karde\u015f parti konumundaki H\u0131ristiyan Sosyal Birlik (CSU) Partisi toplam y\u00fczde 33,5, Sosyal Demokrat Parti (SPD) y\u00fczde 22,5, H\u00fcr Demokrat Parti (FDP) y\u00fczde 15, Ye\u015filler Partisi y\u00fczde 10,5, Sol Parti y\u00fczde 12,5, di\u011fer partiler de y\u00fczde 6 oran\u0131nda oy ald\u0131.<\/p>\n<p style=\"text-align: justify;\">Buna g\u00f6re Almanya Federal Meclisi&#8217;ndeki oy da\u011f\u0131l\u0131m\u0131n\u0131n da fazladan se\u00e7ilecek milletvekilleriyle \u015f\u00f6yle olaca\u011f\u0131 tahmin ediliyor:<\/p>\n<p style=\"text-align: justify;\">&#8211; CDU ve CSU 186,<\/p>\n<p style=\"text-align: justify;\">&#8211; SPD 143,<\/p>\n<p style=\"text-align: justify;\">&#8211; FDP 95,<\/p>\n<p style=\"text-align: justify;\">&#8211; Sol Parti 80,<\/p>\n<p style=\"text-align: justify;\">&#8211; Ye\u015filler Partisi 67.<\/p>\n<p style=\"text-align: justify;\">Bu ilk tahminlere g\u00f6re SPD, en k\u00f6t\u00fc se\u00e7im sonu\u00e7lar\u0131ndan birini al\u0131rken, FDP ve Ye\u015filler Partisi se\u00e7imlerde bug\u00fcne dek en iyi sonucu elde etti.<\/p>\n<p style=\"text-align: justify;\">Al\u0131nan bu sonu\u00e7lara g\u00f6re CSU ve FDP ile koalisyon h\u00fck\u00fcmeti kurmak isteyen CDU&#8217;nun, bu iste\u011fini ger\u00e7ekle\u015ftirme olas\u0131l\u0131\u011f\u0131 b\u00fcy\u00fck g\u00f6r\u00fcn\u00fcyor.<\/p>\n<p style=\"text-align: justify;\"><strong><em>Merkel zafer konu\u015fmas\u0131 yapt\u0131 <\/em><\/strong><\/p>\n<p style=\"text-align: justify;\">Alman H\u0131ristiyan Demokrat Birlik (CDU) Partisi&#8217;nin genel ba\u015fkan\u0131 olan Almanya Ba\u015fbakan\u0131 Angela Merkel, 2005 y\u0131l\u0131ndan bu yana Sosyal Demokrat Parti ile (SPD) s\u00fcrd\u00fcrd\u00fckleri koalisyonu da\u011f\u0131tma hedefine ula\u015ft\u0131klar\u0131n\u0131 s\u00f6yledi.<\/p>\n<p style=\"text-align: justify;\">Angela Merkel, Bavyera eyaletindeki karde\u015f parti konumundaki Hristiyan Sosyal Birlik (CSU) Partisi ve H\u00fcr Demokrat Parti (FDP) ile istikrarl\u0131 bir koalisyon h\u00fck\u00fcmeti kurabileceklerini belirtti.<\/p>\n<p style=\"text-align: justify;\">Se\u00e7im kampanyalar\u0131 s\u0131ras\u0131nda SPD&#8217;nin ve Ye\u015filler Partisi&#8217;nin kendilerini \u00e7ok k\u00f6t\u00fc partilermi\u015f gibi g\u00f6stermeye \u00e7al\u0131\u015fmalar\u0131n\u0131n ters tepti\u011fini ifade eden Merkel, CSU ve FDP ile de kimi konularda tart\u0131\u015fabileceklerini, ancak bir koalisyon h\u00fck\u00fcmeti kurma konusunda anla\u015fmaya varabileceklerine inand\u0131\u011f\u0131n\u0131 bildirdi.<\/p>\n<p style=\"text-align: justify;\">Almanya&#8217;da ya\u015fayan t\u00fcm Almanlar\u0131n ba\u015fbakan\u0131 olmak istedi\u011fini ifade eden Merkel, \u00e7\u00f6z\u00fclecek \u00e7ok sorun oldu\u011funu ve yar\u0131ndan itibaren hemen yeniden \u00e7al\u0131\u015fmaya ba\u015flayacaklar\u0131n\u0131 ve \u00e7abalar\u0131yla \u00fclkedeki t\u00fcm gen\u00e7ler ve ya\u015fl\u0131lar i\u00e7in b\u00fcy\u00fck bir halk partisi olmay\u0131 s\u00fcrd\u00fcreceklerini bildirdi.<\/p>\n<p style=\"text-align: justify;\"><strong><em>Sarkozy&#8217;den Merkel&#8217;e kutlama <\/em><\/strong><\/p>\n<p style=\"text-align: justify;\">Fransa Cumhurba\u015fkan\u0131 Nicolas Sarkozy, se\u00e7imlerin galibi ba\u015fbakan Angela Merkel&#8217;i kutlad\u0131.<\/p>\n<p style=\"text-align: justify;\">Fransa Cumhurba\u015fkanl\u0131\u011f\u0131&#8217;ndan yap\u0131lan a\u00e7\u0131klamada, Nicholas Sarkozy&#8217;nin se\u00e7im galibiyetinden dolay\u0131 Angela Merkel&#8217;i i\u00e7tenlikle kutlad\u0131\u011f\u0131 ve ikinci kez Almanlar\u0131n kendisine emanet etti\u011fi bu \u00fcst d\u00fczey g\u00f6revde ba\u015far\u0131lar diledi\u011fi belirtildi.<\/p>\n<p style=\"text-align: justify;\">Sarkozy, kutlama mesaj\u0131nda, Merkel&#8217;in de t\u0131pk\u0131 kendisi gibi iki \u00fclke aras\u0131ndaki ili\u015fkilerin daha da g\u00fc\u00e7lenerek devam ettirmek istedi\u011fini bildi\u011fini de kaydetti.<\/p>\n<p style=\"text-align: justify;\"><strong><em>Steinmeier yenilgiyi kabul etti <\/em><\/strong><\/p>\n<p style=\"text-align: justify;\">Almanya&#8217;da 2. D\u00fcnya Sava\u015f\u0131&#8217;n\u0131n sonundan bu yana yap\u0131lan se\u00e7imlerde en k\u00f6t\u00fc sonucu ald\u0131\u011f\u0131 belirtilen Sosyal Demokrat Parti&#8217;nin (SPD) ba\u015fbakan aday\u0131 olan D\u0131\u015fi\u015fleri Bakan\u0131 Frank-Walter Steinmeier de bug\u00fcn\u00fc, &#8220;Almanya&#8217;daki sosyal demokrasi i\u00e7in ac\u0131 bir g\u00fcn&#8221; olarak nitelendirerek, &#8220;B\u00fcy\u00fck bir yenilgiye u\u011frad\u0131k&#8221; diye konu\u015ftu.<\/p>\n<p style=\"text-align: justify;\">Buna kar\u015f\u0131n sorumluluktan ka\u00e7mak istemedi\u011fini ifade eden Steinmeier, birlik partileriyle FDP&#8217;nin koalisyona gideceklerine kesin g\u00f6z\u00fcyle bakt\u0131\u011f\u0131n\u0131, kendisinin de &#8220;muhalefet lideri&#8221; olarak g\u00f6rev yapmak istedi\u011fini s\u00f6yledi.<\/p>\n<p style=\"text-align: justify;\">Steinmeier, \u00e7o\u011fu SPD se\u00e7meninin oy kullanmaya gitmedi\u011fine inand\u0131\u011f\u0131n\u0131, bunun da kendilerine zarar verdi\u011fini savunarak, se\u00e7im sonucunun kendisi i\u00e7in \u00e7ok a\u011f\u0131r darbe oldu\u011funu kaydetti.<\/p>\n<p style=\"text-align: justify;\">Demokrasilerde muhalefetin de \u00f6nemli oldu\u011funu, ekonomik krizin etkilerinin yumu\u015fat\u0131lmas\u0131nda SPD&#8217;nin \u00e7ok b\u00fcy\u00fck katk\u0131s\u0131 oldu\u011funu belirten Steinmeier, &#8220;Yeni kurulacak h\u00fck\u00fcmette sosyal demokratlar\u0131n eksikli\u011finin hissedilece\u011fine eminim&#8221; dedi.<\/p>\n<p style=\"text-align: justify;\"><strong><em>Ye\u015filler ve Cem \u00d6zdemir <\/em><\/strong><\/p>\n<p style=\"text-align: justify;\">E\u015fba\u015fkanl\u0131\u011f\u0131n\u0131 Cem \u00d6zdemir&#8217;in yapt\u0131\u011f\u0131 Ye\u015filler Partisi&#8217;nin federal meclis grubu e\u015fba\u015fkan\u0131 Renate K\u00fcnast da Federal Almanya Cumhuriyeti&#8217;nin kurulu\u015fundan bu yana ilk y\u00fczde 10&#8217;un \u00fczerinde oy ald\u0131klar\u0131na dikkati \u00e7ekerek, se\u00e7menlerin kendilerine g\u00fcvendiklerini g\u00f6sterdiklerini kaydetti.<\/p>\n<p style=\"text-align: justify;\">\u00d6zdemir ise, partisinin gelecek 4 y\u0131l boyunca \u015fimdiki \u00e7izgisinden ayr\u0131lmamas\u0131 uyar\u0131s\u0131nda bulundu ve Almanya&#8217;n\u0131n 1980&#8217;li y\u0131llara geri d\u00f6nmesinin \u00f6nlenmesi gerekti\u011fini dile getirdi.<\/p>\n<p style=\"text-align: justify;\">Ye\u015filler Partisi&#8217;nin di\u011fer e\u015fba\u015fkan\u0131 olan Claudia Roth ise birlik partileriyle FDP&#8217;nin iktidara gelmesini \u00f6nleyemedikleri i\u00e7in \u00fcz\u00fcnt\u00fc duydu\u011funu belirterek, bu durumun de\u011fi\u015fmesi i\u00e7in her t\u00fcrl\u00fc \u00e7abay\u0131 harcamay\u0131 s\u00fcrd\u00fcreceklerini s\u00f6yledi.<\/p>\n<p style=\"text-align: justify;\"><strong><em>Se\u00e7imin istatistikleri <\/em><\/strong><\/p>\n<p style=\"text-align: justify;\">Se\u00e7imde 62 milyon 200 bin kay\u0131tl\u0131 se\u00e7men oy kulland\u0131.<\/p>\n<p style=\"text-align: justify;\">Meclise girebilmek i\u00e7in 28 partiden toplam 3 bin 500 aday yar\u0131\u015f\u0131yor. Bu adaylar\u0131n 32&#8217;si T\u00fcrk k\u00f6kenli.<\/p>\n<p style=\"text-align: justify;\">Ancak T\u00fcrk adaylar\u0131n bir\u00e7o\u011fu listelerde arka s\u0131ralarda yer ald\u0131. Yine de \u00fc\u00e7 T\u00fcrk milletvekilinin meclise girebilece\u011fi belirtiliyor.<\/p>\n<p style=\"text-align: justify;\">Almanya&#8217;da 3 milyon T\u00fcrk ya\u015f\u0131yor. Bunlar\u0131n yakla\u015f\u0131k 700 bini se\u00e7men. \u00dclkede se\u00e7menlerin yakla\u015f\u0131k 5,6 milyonu g\u00f6\u00e7men k\u00f6kenli.<\/p>\n<p style=\"text-align: center;\"><a href=\"http:\/\/www.korhanyilmaz.com\/wp-content\/uploads\/2009\/09\/SEC\u0130M.jpg\"  class=\"lightview\"><img loading=\"lazy\" decoding=\"async\" class=\"aligncenter size-full wp-image-15149\" src=\"http:\/\/www.korhanyilmaz.com\/wp-content\/uploads\/2009\/09\/SEC\u0130M.jpg\" alt=\"\" width=\"406\" height=\"280\" \/><\/a><\/p>\n<p style=\"text-align: justify;\"><span style=\"color: #888888;\">CNN T\u00dcRK<\/span><\/p>\n","protected":false},"excerpt":{"rendered":"<p style=\"text-align: center;\">\n<p style=\"text-align: justify;\">Almanya&#8217;da, T\u00fcrkiye&#8217;nin Avrupa Birli\u011fi yolculu\u011funu yak\u0131ndan ilgilendiren genel se\u00e7im, Ankara i\u00e7in k\u00f6t\u00fc senaryoyla sonu\u00e7land\u0131. Sand\u0131k ba\u015f\u0131 anketlerine g\u00f6re, Sosyal Demokrat SPD, tarihi bir \u00e7\u00f6k\u00fc\u015f ya\u015fad\u0131. Angela Merkel&#8217;in H\u0131ristiyan Demokartlar\u0131&#8217;n\u0131n, merkez sa\u011f Liberal Demokratlar ile koalisyon kurmas\u0131 ihtimali a\u011f\u0131rl\u0131k kazand\u0131.<\/p>\n<p style=\"text-align: justify;\">Se\u00e7imlere kat\u0131lma oran\u0131n\u0131n da y\u00fczde 72,5 ile bug\u00fcne dek <\/p>\n","protected":false},"author":1,"featured_media":0,"comment_status":"open","ping_status":"closed","sticky":false,"template":"","format":"standard","meta":{"footnotes":""},"categories":[3],"tags":[],"class_list":["post-15147","post","type-post","status-publish","format-standard","hentry","category-dunya","odd"],"_links":{"self":[{"href":"http:\/\/www.korhanyilmaz.com\/index.php?rest_route=\/wp\/v2\/posts\/15147","targetHints":{"allow":["GET"]}}],"collection":[{"href":"http:\/\/www.korhanyilmaz.com\/index.php?rest_route=\/wp\/v2\/posts"}],"about":[{"href":"http:\/\/www.korhanyilmaz.com\/index.php?rest_route=\/wp\/v2\/types\/post"}],"author":[{"embeddable":true,"href":"http:\/\/www.korhanyilmaz.com\/index.php?rest_route=\/wp\/v2\/users\/1"}],"replies":[{"embeddable":true,"href":"http:\/\/www.korhanyilmaz.com\/index.php?rest_route=%2Fwp%2Fv2%2Fcomments&post=15147"}],"version-history":[{"count":0,"href":"http:\/\/www.korhanyilmaz.com\/index.php?rest_route=\/wp\/v2\/posts\/15147\/revisions"}],"wp:attachment":[{"href":"http:\/\/www.korhanyilmaz.com\/index.php?rest_route=%2Fwp%2Fv2%2Fmedia&parent=15147"}],"wp:term":[{"taxonomy":"category","embeddable":true,"href":"http:\/\/www.korhanyilmaz.com\/index.php?rest_route=%2Fwp%2Fv2%2Fcategories&post=15147"},{"taxonomy":"post_tag","embeddable":true,"href":"http:\/\/www.korhanyilmaz.com\/index.php?rest_route=%2Fwp%2Fv2%2Ftags&post=15147"}],"curies":[{"name":"wp","href":"https:\/\/api.w.org\/{rel}","templated":true}]}}