{"id":15139,"date":"2009-09-27T23:08:10","date_gmt":"2009-09-27T20:08:10","guid":{"rendered":"http:\/\/www.korhanyilmaz.com\/?p=15139"},"modified":"2009-09-27T23:08:10","modified_gmt":"2009-09-27T20:08:10","slug":"acilimda-2-perde","status":"publish","type":"post","link":"http:\/\/www.korhanyilmaz.com\/?p=15139","title":{"rendered":"A\u00e7\u0131l\u0131mda 2. perde"},"content":{"rendered":"<p style=\"text-align: center;\"><a href=\"http:\/\/www.korhanyilmaz.com\/wp-content\/uploads\/2009\/09\/acilim2.jpg\"  class=\"lightview\"><img loading=\"lazy\" decoding=\"async\" class=\"aligncenter size-full wp-image-15140\" src=\"http:\/\/www.korhanyilmaz.com\/wp-content\/uploads\/2009\/09\/acilim2.jpg\" alt=\"\" width=\"450\" height=\"225\" \/><\/a><\/p>\n<p style=\"text-align: justify;\">AKP, \u00f6zenle gizledi\u011fi \u2018a\u00e7\u0131l\u0131m\u2019\u0131 ABD\u2019den sonra Irak\u2019\u0131n kuzeyine ta\u015f\u0131yor. Pe\u015fmerge y\u00f6netimini tan\u0131ma anlam\u0131na gelecek giri\u015fimi bizzat Ba\u015fbakan Erdo\u011fan a\u00e7\u0131klad\u0131: Ekim\u2019de bir bakan\u0131, i\u015fadamlar\u0131yla b\u00f6lgeye g\u00f6nderece\u011fim.<\/p>\n<p style=\"text-align: justify;\"><strong><em>Talabani\u2019ye de anlatm\u0131\u015f<\/em><\/strong><\/p>\n<p style=\"text-align: justify;\">EK\u0130M ay\u0131 ortalar\u0131nda&#8230; Kar\u015f\u0131 tarafla g\u00f6r\u00fc\u015fmek suretiyle mutab\u0131k kal\u0131nacak. Stratejik y\u00fcksek d\u00fczeyli toplant\u0131m\u0131z\u0131 orada ger\u00e7ekle\u015ftirece\u011fiz. Belki i\u015f adamlar\u0131m\u0131z\u0131 daha sonra da g\u00f6t\u00fcrebiliriz. Talabani ile bunlar\u0131 g\u00f6r\u00fc\u015ft\u00fck. <!--more--><\/p>\n<p style=\"text-align: justify;\"><strong><em>Halk biraz daha beklesin<\/em><\/strong><\/p>\n<p style=\"text-align: justify;\">S\u00dcREC\u0130N muhatab\u0131 olarak milleti g\u00f6rd\u00fc\u011f\u00fcm\u00fczden Meclis\u2019in a\u00e7\u0131l\u0131\u015f\u0131yla milletin vekillerine g\u00f6t\u00fcrece\u011fiz. Genel g\u00f6r\u00fc\u015fme ya da daha farkl\u0131 olabilir. Sonraki s\u00fcre\u00e7, bu a\u00e7\u0131l\u0131mla ilgili ad\u0131m\u0131m\u0131z\u0131 T\u00fcrkiye\u2019ye anlatmak olacak.<\/p>\n<p style=\"text-align: justify;\"><strong><em>Bir a\u00e7\u0131l\u0131m da pe\u015fmergeye!<\/em><\/strong><\/p>\n<p style=\"text-align: justify;\">AKP iktidar\u0131, Irak\u2019\u0131n kuzeyindeki pe\u015fmerge y\u00f6netimini tan\u0131ma yolunda. Ba\u015fbakan Erdo\u011fan, ekim ay\u0131 i\u00e7erisinde bir bakan\u0131 i\u015fadamlar\u0131yla birlikte b\u00f6lgeye g\u00f6nderece\u011fini a\u00e7\u0131klad\u0131<\/p>\n<p style=\"text-align: justify;\"><strong><em>Muhalefetten tepki ya\u011fd\u0131 <\/em><\/strong><\/p>\n<p style=\"text-align: justify;\"><strong><em>Ald\u0131\u011f\u0131 talimat\u0131 yerine getiriyor<\/em><\/strong><\/p>\n<p style=\"text-align: justify;\">\u0130SA G\u00d6K (CHP): Ba\u015fbakan Erdo\u011fan, Obama\u2019dan ayak\u00fcst\u00fc ald\u0131\u011f\u0131 talimat \u00fczerine PKK\u2019l\u0131lar\u0131n g\u00fc\u00e7 ald\u0131\u011f\u0131 ki\u015filerle kol kola girecek. Bu anlay\u0131\u015f\u0131n ad\u0131 onursuzluktur.<\/p>\n<p style=\"text-align: justify;\"><strong><em>Pis i\u015flerini bize yapt\u0131racaklar!<\/em><\/strong><\/p>\n<p style=\"text-align: justify;\">RE\u015eAT DO\u011eRU (MHP ): ABD, Irak\u2019tan \u00e7ekilince olu\u015facak bo\u015flu\u011fu T\u00fcrkiye\u2019nin doldurmas\u0131n\u0131 istiyor. Kuzey Irak\u2019a giden Erdo\u011fan, Musul\u2019a, Kerk\u00fck\u2019e, Telafer\u2019e niye gitmiyor!<\/p>\n<p style=\"text-align: justify;\">Ba\u015fbakan Tayyip Erdo\u011fan, demokratik a\u00e7\u0131l\u0131mla ilgili olarak, \u201cBu sadece K\u00fcrt k\u00f6kenli vatanda\u015flar\u0131n sorunlar\u0131n\u0131 kapsayan bir a\u00e7\u0131l\u0131m de\u011fil. Ba\u015fta ter\u00f6r sorunu olmak \u00fczere \u015fu anda Alevi \u00e7al\u0131\u015ftaylar\u0131 yap\u0131yoruz, ayn\u0131 \u015fekilde Ermenistan\u2019la ili\u015fkilerimiz bu konunun i\u00e7inde, az\u0131nl\u0131klarla ilgili konular bunun i\u00e7inde\u201d \u2019dedi. Erdo\u011fan Irak\u2019la ilgili geli\u015fmeleri anlat\u0131rken de Ekim ay\u0131 i\u00e7erisinde bir bakan\u0131 i\u015fadamlar\u0131yla birlikte b\u00f6lgeye g\u00f6nderece\u011fini a\u00e7\u0131klad\u0131. Ba\u015fbakan Erdo\u011fan, \u201cA\u00e7\u0131l\u0131m\u0131 dostlar\u0131m\u0131za anlataca\u011f\u0131z\u201d diyerek gitti\u011fi New York\u2019taki The Plaza Oteli\u2019nde bir bas\u0131n toplant\u0131s\u0131 d\u00fczenledi.<\/p>\n<p style=\"text-align: justify;\"><strong><em>Irak ziyareti<\/em><\/strong><\/p>\n<p style=\"text-align: justify;\">Toplant\u0131da gazetecilerin sorular\u0131n\u0131 cevapland\u0131ran Erdo\u011fan, \u201cIrak\u2019a yap\u0131lacak ziyaretin tarihi ve i\u00e7eri\u011fi ile tezkerenin, yar\u0131n yap\u0131lacak Bakanlar Kurulu toplant\u0131s\u0131nda g\u00fcndeme gelip gelmeyece\u011fine\u201d ili\u015fkin bir soruya \u015fu yan\u0131t\u0131 verdi: \u201cIrak seyahati ile ilgili \u00e7al\u0131\u015fmalar yap\u0131l\u0131yor. Ekim\u2019in ortalar\u0131nda 15\u2019i civar\u0131nda yap\u0131lmas\u0131 planlan\u0131yor. Kar\u015f\u0131 taraf ile g\u00f6r\u00fc\u015fmek suretiyle mutab\u0131k kal\u0131nacak. Ekim\u2019in ortalar\u0131nda gidece\u011fiz. Ve stratejik y\u00fcksek d\u00fczeyli toplant\u0131m\u0131z\u0131 orada ger\u00e7ekle\u015ftirmi\u015f olaca\u011f\u0131z. Burada icrac\u0131 bakanlar\u0131m\u0131zla beraber orada olaca\u011f\u0131z. Kar\u015f\u0131l\u0131kl\u0131 olarak g\u00f6r\u00fc\u015fmeler yap\u0131lacak. \u0130\u015f adamlar\u0131m\u0131z\u0131 da g\u00f6t\u00fcrmeyi planl\u0131yoruz. Belki iki t\u00fcr olacak. \u0130\u015f adamlar\u0131m\u0131z\u0131 burada yan\u0131m\u0131za almazsak, daha sonra bir bakan\u0131m\u0131z\u0131n riyasetinde i\u015f adamlar\u0131n\u0131 Kuzey Irak\u2019a g\u00f6ndermeyi planl\u0131yorum. \u00d6yle bir \u00e7al\u0131\u015fmam\u0131z da var. Talabani ile bunlar\u0131 g\u00f6r\u00fc\u015ft\u00fck\u201d<\/p>\n<p style=\"text-align: justify;\"><strong><em>Tezkere yak\u0131nda Meclis\u2019te<\/em><\/strong><\/p>\n<p style=\"text-align: justify;\">Erdo\u011fan, tezkere konusunda ise \u201c\u0130lk Bakanlar Kurulu toplant\u0131s\u0131nda g\u00f6r\u00fc\u015f\u00fcp hemen Parlamento\u2019ya sevk edece\u011fiz. Bu konuda gazetelerde \u00e7\u0131kan olumsuz haberler kesinlikle yanl\u0131\u015ft\u0131r. Biz tekrar bir y\u0131l daha uzat\u0131lmas\u0131ndan yanay\u0131z\u201d dedi. Ba\u015fbakan, Ermeni a\u00e7\u0131l\u0131m\u0131 i\u00e7in de, \u201cAzerbaycan\u2019\u0131 da asla rencide etmeyecek \u015fekilde \u00e7\u00f6z\u00fcm \u00e7abalar\u0131m\u0131z\u0131 s\u00fcrd\u00fcr\u00fcyoruz\u201d diye konu\u015ftu.<\/p>\n<p style=\"text-align: justify;\"><strong><em>S\u00fcrecin muhatab\u0131 millettir<\/em><\/strong><\/p>\n<p style=\"text-align: justify;\">Konu\u015fmas\u0131nda K\u00fcrt a\u00e7\u0131l\u0131m\u0131n\u0131 da de\u011ferlendiren Ba\u015fbakan Erdo\u011fan, \u015funlar\u0131 kaydetti: \u201cDemokratik a\u00e7\u0131l\u0131mla ilgili konuda, muhalefet, ad\u0131 \u00fczerinde muhalefet g\u00f6revini yapacak, \u015fu anda yapt\u0131\u011f\u0131 da o. Biz \u0130\u00e7i\u015fleri Bakan\u0131m\u0131z\u0131 bu i\u015fin koordinasyonu ile g\u00f6revlendirdik. \u0130\u00e7i\u015fleri Bakan\u0131m\u0131z, y\u00fczde 1\u2019in \u00fczerinde oy alan partilerden randevu talep etti. CHP bu yaz\u0131ya cevap vermedi. MHP, bu yaz\u0131ya olumsuz cevab\u0131n\u0131 verdi. CHP ise s\u00f6zl\u00fc olarak olumsuz cevap verdi. Di\u011fer olumlu cevap al\u0131nan partilere ziyaretler yap\u0131ld\u0131, onlar\u0131n kanaatlerini ald\u0131. Yaz\u0131l\u0131 g\u00f6rsel medya ile g\u00f6r\u00fc\u015fmeler oldu, akademisyenlerle g\u00f6r\u00fc\u015fmeler yap\u0131ld\u0131, sivil toplum \u00f6rg\u00fctleri ile g\u00f6r\u00fc\u015fmeler yap\u0131ld\u0131. Bu s\u00fcrecin muhatab\u0131 olarak milleti g\u00f6rd\u00fc\u011f\u00fcm\u00fcz i\u00e7in parlamentonun a\u00e7\u0131l\u0131\u015f\u0131 ile milletimizin vekillerine parlamentoda bunu g\u00f6t\u00fcrece\u011fiz, \u00e7al\u0131\u015fmalar\u0131m\u0131z tabii netle\u015fmi\u015f olacak ve bu \u00e7al\u0131\u015fmalar\u0131 orada parlamentoda a\u00e7aca\u011f\u0131z, konu\u015faca\u011f\u0131z, anlataca\u011f\u0131z. Bir genel g\u00f6r\u00fc\u015fme mi olur daha farkl\u0131 m\u0131 olur, bunlar\u0131 da orada g\u00fcndeme getirece\u011fiz.\u201d<\/p>\n<p style=\"text-align: justify;\"><strong><em>D\u00fcnya, \u0130ran\u2019la yat\u0131p \u0130ran\u2019la kalk\u0131yor!<\/em><\/strong><\/p>\n<p style=\"text-align: justify;\">ABD medyas\u0131nda g\u00fcndemde olan \u201c\u0130ran\u2019\u0131n n\u00fckleer tesislerine sald\u0131rmak gibi bir konunun g\u00fcndemde olup olmayaca\u011f\u0131na, \u201d\u0130ran\u2019a kar\u015f\u0131 b\u00f6yle bir \u00e7\u0131lg\u0131nl\u0131\u011f\u0131n\u201c yap\u0131l\u0131p yap\u0131lmayaca\u011f\u0131na y\u00f6nelik bir soru \u00fczerine \u015funlar\u0131 s\u00f6yledi: \u201dBiz b\u00f6yle bir \u015feyi b\u00f6lgede temenni etmeyiz, yani bu \u00e7ok \u00e7ok yanl\u0131\u015f bir \u015fey olur. D\u00fcnya \u015fimdi \u0130ran \u00fczerinde devaml\u0131 b\u00f6yle bir \u015feyi d\u00fc\u015f\u00fcn\u00fcyor, tek bahanesi n\u00fckleer silah. Tamam da bu n\u00fckleer silah\u0131n bulundu\u011fu ba\u015fka \u00fclkeler de var. Niye bunlar konu\u015fulmuyor?<\/p>\n<p style=\"text-align: justify;\"><strong><em>Adil olmam\u0131z laz\u0131m<\/em><\/strong><\/p>\n<p style=\"text-align: justify;\">Ba\u015fbakan Erdo\u011fan, \u015funlar\u0131 kaydetti: \u201c\u00c7\u00fcnk\u00fc konu\u015fanlar\u0131n hepsi de kendilerinde n\u00fckleer silah olanlar. Biz, Orta Do\u011fu\u2019da n\u00fckleer silaha tamamen kar\u015f\u0131y\u0131z. Orta Do\u011fu\u2019da da n\u00fckleer silah\u0131 olan \u00fclkeler de var. \u00d6rne\u011fin \u0130srail. Bir fark var, \u0130srail UAEK\u2019ya \u00fcye de\u011fil, \u0130ran \u00fcye. Kald\u0131 ki Gazze\u2019de fosfor bombalar\u0131 kullan\u0131ld\u0131. Bu ne? Kitle imha silah\u0131. Bunun neticesinde bin 400 kad\u0131n, \u00e7ocuk orada \u00f6ld\u00fc. Bunlar masaya gelmiyor. Ni\u00e7in bunlar masada yok, ni\u00e7in bunlar konu\u015fulmuyor? Yat\u0131yoruz kalk\u0131yoruz \u0130ran. Yani daha adil olmam\u0131z laz\u0131m. D\u00fcr\u00fcst davranmam\u0131z laz\u0131m, e\u011fer k\u00fcresel bar\u0131\u015f\u0131 istiyorsak.\u201d<\/p>\n<p style=\"text-align: justify;\"><strong><em>ABD d\u00f6n\u00fc\u015f\u00fc taziye ziyaretinde bulundu<\/em><\/strong><\/p>\n<p style=\"text-align: justify;\">Ba\u015fbakan Recep Tayyip Erdo\u011fan, ABD\u2019den d\u00f6n\u00fc\u015f\u00fcn\u00fcn ard\u0131ndan \u00f6nceki g\u00fcn topra\u011fa verilen Osmanl\u0131 padi\u015fahlar\u0131ndan II. Abd\u00fclhamit\u2019in torunu Ertu\u011frul Osman\u2019\u0131n ailesine taziye ziyaretinde bulundu. Ba\u015fbakan Erdo\u011fan, ABD\u2019den d\u00f6nd\u00fckten sonra havaliman\u0131nda yapt\u0131\u011f\u0131 a\u00e7\u0131klaman\u0131n ard\u0131ndan, Y\u0131ld\u0131z Saray\u0131 \u00c7ad\u0131r K\u00f6\u015fk\u00fc\u2019ne ge\u00e7erek, burada e\u015fi Emine Erdo\u011fan\u2019la birlikte Ertu\u011frul Osman\u2019\u0131n e\u015fi Zeynep Osman ve ailenin di\u011fer \u00fcyelerine taziye dileklerini iletti. Yakla\u015f\u0131k 1 saat s\u00fcren ziyaretin ard\u0131ndan, \u00e7\u0131k\u0131\u015fta gazetecilerin sorular\u0131 \u00fczerine Ba\u015fbakan Erdo\u011fan, Ertu\u011frul Osman ile ABD\u2019ye yapt\u0131\u011f\u0131 bir ziyaret s\u0131ras\u0131nda tan\u0131\u015ft\u0131\u011f\u0131n\u0131 belirterek, bu tan\u0131\u015fma s\u0131ras\u0131nda Ertu\u011frul Osman\u2019\u0131n kendisine T\u00fcrkiye\u2019ye olan \u00f6zlemini, hasretini dile getirdi\u011fini ve T\u00fcrkiye Cumhuriyeti vatanda\u015f\u0131 olmak istedi\u011fini s\u00f6yledi\u011fini anlatt\u0131. Ziyarete, \u0130\u00e7i\u015fleri Bakan\u0131 Be\u015fir Atalay, Ula\u015ft\u0131rma Bakan\u0131 Binali Y\u0131ld\u0131r\u0131m, \u0130stanbul Valisi Muammer G\u00fcler, B\u00fcy\u00fck\u015fehir Belediye Ba\u015fkan\u0131 Kadir Topba\u015f ve Emniyet M\u00fcd\u00fcr\u00fc H\u00fcseyin \u00c7apk\u0131n da kat\u0131ld\u0131.<\/p>\n<p style=\"text-align: justify;\"><strong><em>ERDO\u011eAN\u2019IN IRAK Z\u0130YARET\u0130YLE \u0130LG\u0130L\u0130 A\u00c7IKLAMALARINA MUHALEFETTEN SERT TEPK\u0130 GELD\u0130<\/em><\/strong><\/p>\n<p style=\"text-align: justify;\"><strong><em>Ald\u0131\u011f\u0131 talimat\u0131 yerine getiriyor<\/em><\/strong><\/p>\n<p style=\"text-align: justify;\">CHP\u2019li \u0130sa G\u00f6k, Irak ziyaretini \u201cBa\u015fbakan Erdo\u011fan, PKK\u2019l\u0131lar\u0131n g\u00fc\u00e7 ald\u0131\u011f\u0131 ki\u015filerle kol kola girecek\u201d diye yorumlad\u0131.<\/p>\n<p style=\"text-align: justify;\">CHP Mersin Milletvekili \u0130sa G\u00f6k, \u201cAKP h\u00fck\u00fcmetin T\u00fcrkiye\u2019nin \u00e7\u0131karlar\u0131na d\u00f6n\u00fck ba\u011f\u0131ms\u0131z bir d\u0131\u015f politikas\u0131n\u0131n olmad\u0131\u011f\u0131 7 y\u0131ld\u0131r al\u0131nan kararlarla ortada\u201d dedi. \u201cBa\u015fbakan Erdo\u011fan, kendisine verilen g\u00f6revi yap\u0131yor\u201d diyen G\u00f6k, \u015funlar\u0131 s\u00f6yledi:<\/p>\n<p style=\"text-align: justify;\"><strong><em>Y\u00f6nlendiriliyor<\/em><\/strong><\/p>\n<p style=\"text-align: justify;\">\u201c\u00d6zellikle T\u00fcrkiye\u2019nin K\u0131br\u0131s, Ermenistan ve Kuzey Irak ili\u015fkilerinde belirleyici g\u00fc\u00e7, hatta tek g\u00fc\u00e7 Amerika\u2019d\u0131r. Ba\u015fbakan\u2019\u0131n her \u00f6nemli olay arifesi Amerika\u2019ya gidip 15 dakika da olsa, ayak\u00fcst\u00fc de olsa talimat almak gibi bir d\u0131\u015f politika anlay\u0131\u015f\u0131 var. Bu politika anlay\u0131\u015f\u0131n\u0131n halk dilindeki tabiri onursuzluktur. Amerika ziyaretinin a\u011f\u0131rl\u0131\u011f\u0131n\u0131n Ermenistan ve Kuzey Irak oldu\u011funu gayet iyi biliyoruz. Bu konuda alm\u0131\u015f oldu\u011fu talimatlar\u0131 yerine getiriyor. Obama ge\u00e7ti\u011fimiz y\u0131l Meclis\u2019te zaten bu konuda talimat vermemi\u015f miydi? Talimatlar\u0131n\u0131n biri Ermenistan bir di\u011feri de Kuzey Irak ile ticari ili\u015fkilerin g\u00fc\u00e7lendirilmesi, K\u00fcrt a\u00e7\u0131l\u0131m\u0131yd\u0131.\u201d G\u00f6k, DTP\u2019lilerin ge\u00e7ti\u011fimiz g\u00fcnlerdeki Irak ziyaretini hat\u0131rlatarak \u015f\u00f6yle dedi: \u201cKuzey Irak kaynakl\u0131 olarak T\u00fcrkiye\u2019ye y\u00f6nelik ter\u00f6rist sald\u0131r\u0131lar, T\u00fcrkiye\u2019ye y\u00f6nelik tutum, T\u00fcrkiye i\u00e7inden giden PKK\u2019l\u0131 bir grup milletvekilinin adeta destek, onay ve g\u00fc\u00e7 almak i\u00e7in ziyaret etti\u011fi \u015fah\u0131slarla \u015fimdi Ba\u015fbakan\u2019\u0131n bakanlarla gidip onlar\u0131 ziyaret etmesi asl\u0131nda politikan\u0131n tamamen yurtd\u0131\u015f\u0131nda olu\u015fturulup T\u00fcrkiye\u2019deki ta\u015feronlar\u0131na gerek ba\u015fbakan gerek AKP gerek DTP\u2019ye g\u00f6rev ve talimat verildi\u011fini g\u00f6steriyor.\u201d<\/p>\n<p style=\"text-align: justify;\"><strong><em>Teslimiyet\u00e7i politika<\/em><\/strong><\/p>\n<p style=\"text-align: justify;\">G\u00f6k ele\u015ftirilerini \u015f\u00f6yle s\u00fcrd\u00fcrd\u00fc: \u201cBa\u015fbakan Irak\u2019a gidecektir, Talabani-Barzani ile kolkola girecektir. Ba\u015fbakan Kuzey Irak\u2019\u0131n koruyucusu olacakt\u0131r. Kuzey Irak\u2019tan T\u00fcrkiye\u2019ye gelen ter\u00f6r konusunda hi\u00e7bir kar\u015f\u0131 duru\u015f sergilemeyecektir. \u201d MHP Tokat Milletvekili Re\u015fat Do\u011fru da, Ba\u015fbakan Erdo\u011fan\u2019\u0131n Irak ziyaretinin ABD\u2019de al\u0131nm\u0131\u015f kararlar do\u011frultusunda yap\u0131laca\u011f\u0131n\u0131 belirterek \u015f\u00f6yle devam etti: \u201cAmerika\u2019n\u0131n Irak\u2019tan \u00e7ekilmesi sonras\u0131nda oradaki bo\u015flu\u011fu T\u00fcrkiye\u2019ye doldurtmaya \u00e7al\u0131\u015f\u0131yorlar. T\u00fcrkiye\u2019ye T\u00fcrkiye\u2019nin istemedi\u011fi bir rol\u00fc oynatmaya \u00e7al\u0131\u015f\u0131yorlar. T\u00fcrkiye T\u00fcrkiye taraf\u0131ndan idare edilmesi gerekir. Teslimiyet\u00e7i politikalarla bir yere var\u0131lamaz. Kerk\u00fck\u2019te, Musul\u2019da, Telafer\u2019de ya\u015fayan T\u00fcrkmen karde\u015flerimize kar\u015f\u0131 \u00f6zellikle pe\u015fmergeler taraf\u0131ndan bask\u0131lar yap\u0131lm\u0131\u015ft\u0131r ve T\u00fcrkmenler g\u00f6\u00e7lere zorlanm\u0131\u015ft\u0131r. T\u00fcrkmenlerin sorunlar\u0131 hala devam etmektedir.Umar\u0131m say\u0131n Ba\u015fbakan oraya ziyaretinde T\u00fcrkmenlerle ilgili de g\u00f6r\u00fc\u015fmeler yapar.\u201d<\/p>\n<p style=\"text-align: justify;\"><strong><em>Irk temeline dayal\u0131 \u00e7\u00f6z\u00fcm ihanettir<\/em><\/strong><\/p>\n<p style=\"text-align: justify;\">MHP Genel Ba\u015fkan Yard\u0131mc\u0131s\u0131 Faruk Bal, \u201c21. y\u00fczy\u0131lda T\u00fcrkiye\u2019yi \u0131rk temeline dayal\u0131 olarak \u00e7\u00f6zmeye \u00e7al\u0131\u015fmak ihanetin en b\u00fcy\u00fc\u011f\u00fcd\u00fcr\u201d dedi. Bal, partisinin Sivas \u0130l Ba\u015fkanl\u0131\u011f\u0131\u2019nca ger\u00e7ekle\u015ftirilen 9. ola\u011fan il kongresinde konu\u015fan  Bal, K\u00fcrt a\u00e7\u0131l\u0131m\u0131 s\u00fcrecinin \u201cmemleketi kutupla\u015ft\u0131rma politikas\u0131n\u0131n en tehlikelisi oldu\u011funu \u00f6ne s\u00fcrd\u00fc. Bal, \u015f\u00f6yle dedi: \u201dAnalar a\u011flamas\u0131n, g\u00f6zya\u015f\u0131 d\u00f6k\u00fclmesin, kan akmas\u0131n. Anay\u0131 a\u011flatan kim? Anay\u0131 a\u011flatan PKK. O zaman \u2019analar a\u011flamas\u0131n, g\u00f6zya\u015f\u0131 d\u00f6k\u00fclmesin, kan akmas\u0131n\u2019 derken PKK\u2019ya teslim mi olal\u0131m, ter\u00f6re teslim mi olal\u0131m? Bug\u00fcn hangi \u00fclke ter\u00f6re teslim olmu\u015f.\u201d<\/p>\n<p style=\"text-align: justify;\"><strong><em>\u00c7apulcular\u0131 sevindirdi<\/em><\/strong><\/p>\n<p style=\"text-align: justify;\">Ba\u015fbakan Tayyip Erdo\u011fan\u2019\u0131n Ekim ay\u0131nda Bakanlar\u0131yla Kuzey Irak\u2019a yapaca\u011f\u0131 ziyaret, K\u00fcrdistan Yurtseverler Birli\u011fi (KYB) lideri Celal Talabani ve pe\u015fmerge reisi Mesud Barzani\u2019yi sevindirdi. Talabani\u2019ye yak\u0131n internet siteleri T\u00fcrk bayra\u011f\u0131 ile s\u00f6zde pe\u015fmerge bayra\u011f\u0131n\u0131 yanyana koyarak sevin\u00e7lerini dile getirdi. Sitelerde yer alan habere g\u00f6re, Kuzey Irak\u2019\u0131n koruyuculu\u011funa soyunan Erdo\u011fan\u2019\u0131n, bu b\u00f6lgeden T\u00fcrkiye\u2019ye gelen ter\u00f6r konusunda hi\u00e7bir kar\u015f\u0131 duru\u015f sergileyemeyece\u011fini d\u00fc\u015f\u00fcnen pe\u015fmerge liderleri, Ba\u015fbakan\u2019\u0131n bu karar\u0131ndan memnun olduklar\u0131n\u0131 ifade ettiler.<\/p>\n<p style=\"text-align: justify;\"><span style=\"color: #888888;\">Haber: S\u00fcmeyra YILMAZ &#8211; <a href=\"http:\/\/www.yenicaggazetesi.com.tr\/haberdetay.php?hit=23686\" target=\"_blank\">yenicaggazetesi.com.tr<\/a><\/span><\/p>\n","protected":false},"excerpt":{"rendered":"<p style=\"text-align: center;\">\n<p style=\"text-align: justify;\">AKP, \u00f6zenle gizledi\u011fi \u2018a\u00e7\u0131l\u0131m\u2019\u0131 ABD\u2019den sonra Irak\u2019\u0131n kuzeyine ta\u015f\u0131yor. Pe\u015fmerge y\u00f6netimini tan\u0131ma anlam\u0131na gelecek giri\u015fimi bizzat Ba\u015fbakan Erdo\u011fan a\u00e7\u0131klad\u0131: Ekim\u2019de bir bakan\u0131, i\u015fadamlar\u0131yla b\u00f6lgeye g\u00f6nderece\u011fim.<\/p>\n<p style=\"text-align: justify;\">Talabani\u2019ye de anlatm\u0131\u015f<\/p>\n<p style=\"text-align: justify;\">EK\u0130M ay\u0131 ortalar\u0131nda&#8230; Kar\u015f\u0131 tarafla g\u00f6r\u00fc\u015fmek suretiyle mutab\u0131k kal\u0131nacak. Stratejik y\u00fcksek d\u00fczeyli toplant\u0131m\u0131z\u0131 orada ger\u00e7ekle\u015ftirece\u011fiz. Belki i\u015f adamlar\u0131m\u0131z\u0131 <\/p>\n","protected":false},"author":1,"featured_media":0,"comment_status":"open","ping_status":"closed","sticky":false,"template":"","format":"standard","meta":{"footnotes":""},"categories":[105],"tags":[],"class_list":["post-15139","post","type-post","status-publish","format-standard","hentry","category-gundem","odd"],"_links":{"self":[{"href":"http:\/\/www.korhanyilmaz.com\/index.php?rest_route=\/wp\/v2\/posts\/15139","targetHints":{"allow":["GET"]}}],"collection":[{"href":"http:\/\/www.korhanyilmaz.com\/index.php?rest_route=\/wp\/v2\/posts"}],"about":[{"href":"http:\/\/www.korhanyilmaz.com\/index.php?rest_route=\/wp\/v2\/types\/post"}],"author":[{"embeddable":true,"href":"http:\/\/www.korhanyilmaz.com\/index.php?rest_route=\/wp\/v2\/users\/1"}],"replies":[{"embeddable":true,"href":"http:\/\/www.korhanyilmaz.com\/index.php?rest_route=%2Fwp%2Fv2%2Fcomments&post=15139"}],"version-history":[{"count":0,"href":"http:\/\/www.korhanyilmaz.com\/index.php?rest_route=\/wp\/v2\/posts\/15139\/revisions"}],"wp:attachment":[{"href":"http:\/\/www.korhanyilmaz.com\/index.php?rest_route=%2Fwp%2Fv2%2Fmedia&parent=15139"}],"wp:term":[{"taxonomy":"category","embeddable":true,"href":"http:\/\/www.korhanyilmaz.com\/index.php?rest_route=%2Fwp%2Fv2%2Fcategories&post=15139"},{"taxonomy":"post_tag","embeddable":true,"href":"http:\/\/www.korhanyilmaz.com\/index.php?rest_route=%2Fwp%2Fv2%2Ftags&post=15139"}],"curies":[{"name":"wp","href":"https:\/\/api.w.org\/{rel}","templated":true}]}}