{"id":15135,"date":"2009-09-27T23:12:52","date_gmt":"2009-09-27T20:12:52","guid":{"rendered":"http:\/\/www.korhanyilmaz.com\/?p=15135"},"modified":"2009-09-27T23:12:52","modified_gmt":"2009-09-27T20:12:52","slug":"devlet-imrali-canisi-ile-gorusuyor","status":"publish","type":"post","link":"http:\/\/www.korhanyilmaz.com\/?p=15135","title":{"rendered":"Devlet, \u0130mral\u0131 canisi ile g\u00f6r\u00fc\u015f\u00fcyor!"},"content":{"rendered":"<p style=\"text-align: center;\"><a href=\"http:\/\/www.korhanyilmaz.com\/wp-content\/uploads\/2009\/09\/imrali_canisi1.jpg\"  class=\"lightview\"><img loading=\"lazy\" decoding=\"async\" class=\"aligncenter size-full wp-image-15137\" src=\"http:\/\/www.korhanyilmaz.com\/wp-content\/uploads\/2009\/09\/imrali_canisi1.jpg\" alt=\"\" width=\"450\" height=\"225\" \/><\/a><\/p>\n<p style=\"text-align: justify;\">BA\u015eBAKAN Erdo\u011fan\u2019\u0131n \u201cCengiz abi\u201d dedi\u011fi \u00c7andar, \u2019a\u00e7\u0131l\u0131m\u2019la ilgili \u015fok a\u00e7\u0131klamalar yapt\u0131: Kandil ve \u0130mral\u0131\u2019yla gizlice g\u00f6r\u00fc\u015f\u00fcl\u00fcyor, bunu biliyorum. M\u0130T Ba\u015fkan\u0131 Emre Taner d\u00fczeyinde g\u00f6r\u00fc\u015fmeler yap\u0131ld\u0131\u011f\u0131n\u0131 da duydum.<\/p>\n<p style=\"text-align: justify;\"><strong><em>Erdo\u011fan yalan s\u00f6ylemi\u015f<\/em><\/strong><\/p>\n<p style=\"text-align: justify;\">\u00c7ANDAR,  Tayyip Erdo\u011fan\u2019\u0131n DTP lideri Ahmet T\u00fcrk ile yapt\u0131\u011f\u0131 g\u00f6r\u00fc\u015fme i\u00e7in de ilgin\u00e7 bir iddia ortaya att\u0131: Gazetelerde \u2018AKP Genel Ba\u015fkan\u0131 olarak g\u00f6r\u00fc\u015ft\u00fc\u2019 denildi. T\u00fcrk\u2019le konu\u015ftum; \u2018Ben burada Ba\u015fbakan olarak bulunuyorum\u2019 demi\u015f.<!--more--><\/p>\n<p style=\"text-align: justify;\"><strong><em>\u2018\u00d6calan\u2019la g\u00f6r\u00fc\u015f\u00fcl\u00fcyor\u2019<\/em><\/strong><\/p>\n<p style=\"text-align: justify;\">AKP\u2019ye yak\u0131nl\u0131\u011f\u0131 ile bilinen gazeteci Cengiz \u00c7andar, s\u00f6zde K\u00fcrt a\u00e7\u0131l\u0131m\u0131 \u00e7al\u0131\u015fmalar\u0131 i\u00e7in \u0130mral\u0131\u2019daki bebek katili ve Kandil\u2019deki PKK eleba\u015f\u0131lar\u0131yla gizlice g\u00f6r\u00fc\u015f\u00fcld\u00fc\u011f\u00fcn\u00fc iddia etti.<\/p>\n<p style=\"text-align: justify;\">AKP\u2019ye yak\u0131nl\u0131\u011f\u0131 ile tan\u0131nan gazeteci \u00c7engiz \u00c7andar, s\u00f6zde K\u00fcrt a\u00e7\u0131l\u0131m\u0131 \u00e7al\u0131\u015fmalar\u0131 konusunda Vatan gazetesine \u015fok a\u00e7\u0131klamalarda bulundu. \u00c7andar, a\u00e7\u0131l\u0131m s\u00fcrecinde, ter\u00f6r \u00f6rg\u00fct\u00fcn\u00fcn Kandil\u2019deki ele ba\u015flar\u0131 ve \u0130mral\u0131\u2019da yatan bebek katili \u00d6calan\u2019la g\u00f6r\u00fc\u015f\u00fcld\u00fc\u011f\u00fcn\u00fc iddia etti. Ba\u015fbakan Recep Tayyip Erdo\u011fan\u2019\u0131n, DTP genel Ba\u015fkan\u0131 Ahmet T\u00fcrk\u2019le g\u00f6r\u00fc\u015fmesinde, \u201cBen burada Ba\u015fbakan olarak bulunuyorum\u201d dedi\u011fini de aktaran \u00c7andar \u015fu a\u00e7\u0131klamalar\u0131 yapt\u0131:<\/p>\n<p style=\"text-align: justify;\"><strong><em>Gizli g\u00f6r\u00fc\u015fmeleri duydum<\/em><\/strong><\/p>\n<p style=\"text-align: justify;\">\u201cKandil ve \u0130mral\u0131\u2019yla gizlice g\u00f6r\u00fc\u015f\u00fcl\u00fcyor, bunu biliyorum. Kan\u0131tlayamam ama M\u0130T Ba\u015fkan\u0131 Emre Taner d\u00fczeyinde g\u00f6r\u00fc\u015fmeler yap\u0131ld\u0131\u011f\u0131n\u0131 duydum. PKK\u2019n\u0131n Avrupa sorumlusu Sabri Ok\u2019la da g\u00f6r\u00fc\u015f\u00fcld\u00fc. Avrupa\u2019da y\u00fcz y\u00fcze g\u00f6r\u00fc\u015f\u00fclm\u00fc\u015f. \u00d6calan\u2019la da g\u00f6r\u00fc\u015f\u00fcl\u00fcyor deniyor. Talabani bana s\u00f6ylemi\u015fti. Silahlara veda i\u00e7in \u0130mral\u0131\u2019n\u0131n muhatap al\u0131nmas\u0131 \u015fart ve bu yap\u0131l\u0131yor.\u201d R\u00f6portajda, cumhurba\u015fkanl\u0131\u011f\u0131 d\u00f6neminde dan\u0131\u015fmanl\u0131\u011f\u0131n\u0131 yapt\u0131\u011f\u0131 Turgut \u00d6zal\u2019\u0131n K\u00fcrt politikas\u0131n\u0131n mimarlar\u0131ndan biri oldu\u011funu da iddia eden \u00c7andar, \u015f\u00f6yle konu\u015ftu: \u201c\u00d6zal\u2019\u0131n K\u00fcrt sorununu kavray\u0131\u015f\u0131, bu h\u00fck\u00fcmetin ba\u015f\u0131ndakilerden daha kuvvetliydi. \u00d6zal bu konuya ili\u015fkin \u00e7ok daha fazla donan\u0131ml\u0131yd\u0131. \u015eimdikiler yolda \u00f6\u011freniyorlar. 16 y\u0131lda bu mesele kangren oldu. Bug\u00fcn daha karma\u015f\u0131k bir yap\u0131 var. PKK da\u011fdan inecek mi? B\u00fct\u00fcn gizli faaliyetler bu y\u00f6nde. Kandil ve \u0130mral\u0131\u2019yla g\u00f6r\u00fc\u015f\u00fcl\u00fcyor, biliyorum. \u00d6zal\u2019\u0131n K\u00fcrt politikas\u0131nda en yak\u0131n\u0131ndaki adam bendim. \u00d6zal\u2019\u0131n ki\u015fili\u011fine ve s\u0131fat\u0131n\u0131n \u00f6nemine sayg\u0131y\u0131 koruyarak \u015funu da s\u00f6yleyebilirim ki, o politikan\u0131n mimarlar\u0131ndan biriydim.\u201d<\/p>\n<p style=\"text-align: justify;\"><strong><em>\u2019Ba\u015fbakan olarak buraday\u0131m\u2019<\/em><\/strong><\/p>\n<p style=\"text-align: justify;\">\u00c7andar, DTP Genel Ba\u015fkan\u0131 Ahmet T\u00fcrk\u2019\u00fcn kendisine Ba\u015fbakan\u2019la olan g\u00f6r\u00fc\u015fmeyi anlatt\u0131\u011f\u0131n\u0131 da ileri s\u00fcrd\u00fc. T\u00fcrk\u2019le \u00f6zel g\u00f6r\u00fc\u015ft\u00fc\u011f\u00fcn\u00fc belirten \u00c7andar, o konu\u015fmay\u0131 da \u015fu s\u00f6zlerle anlatt\u0131: \u201c\u00d6zel g\u00f6r\u00fc\u015fmemizde bana, \u2019Silahl\u0131 m\u00fccadelenin miyad\u0131 dolmu\u015ftur. Ben hi\u00e7bir zaman silahl\u0131 m\u00fccadeleden yana olmad\u0131m ama tahlil olarak da miyad\u0131 dolmu\u015ftur. \u015eimdi, \u015faka de\u011fil bu b\u00f6lge enerji transit yolu, trilyonlarca para yat\u0131r\u0131yorlar, b\u0131rakmazlar adam\u0131 \u00f6yle. O y\u00fczden benim en b\u00fcy\u00fck derdim bu tarihi s\u00fcre\u00e7te K\u00fcrtlerin hata yapmamas\u0131. K\u00fcrtler hata yaparsa eziliriz\u2019dedi. Mesela gazetelerde \u2019AKP Genel Ba\u015fkan\u0131 olarak g\u00f6r\u00fc\u015ft\u00fc\u2019dendi. Ahmet T\u00fcrk\u2019le konu\u015ftum; \u2019Ben burada Ba\u015fbakan olarak bulunuyorum\u2019demi\u015f ve \u00e7ok s\u0131cak ve meseleyi anlayan bir tav\u0131rla g\u00f6r\u00fc\u015fmeyi s\u00fcrd\u00fcrm\u00fc\u015f Tayyip Erdo\u011fan. \u2019Biz siyasi kanad\u0131 de\u011filiz PKK\u2019n\u0131n\u2019dedi Ahmet T\u00fcrk.\u201d<\/p>\n<p style=\"text-align: justify;\"><strong><em>\u201cT\u00fcm bunlar oyunun par\u00e7as\u0131\u201d<\/em><\/strong><\/p>\n<p style=\"text-align: justify;\">CHP\u2019li B\u00fclent Baratal\u0131, \u00c7andar\u2019\u0131n a\u00e7\u0131klamalar\u0131na ilgin\u00e7 bir tepki verdi:  Bunlar hep ayn\u0131 oyunun par\u00e7as\u0131. Hazmedenler, hazmedemeyenlere bu yollarla mesaj veriyor!<\/p>\n<p style=\"text-align: justify;\"><strong><em>\u00c7ANDAR\u2019IN \u0130DD\u0130ALARI B\u00d6YLE B\u00d6YLE YORUMLANDI:<\/em><\/strong><\/p>\n<p style=\"text-align: justify;\"><strong><em>Hazmedenler mesaj veriyor<\/em><\/strong><\/p>\n<p style=\"text-align: justify;\">AKP yanl\u0131s\u0131 gazetecinin ortaya att\u0131\u011f\u0131 iddialar\u0131n \u2018hazmettirme operasyonu\u2019nun bir par\u00e7as\u0131 oldu\u011fu vurguland\u0131.<\/p>\n<p style=\"text-align: justify;\">Ba\u015fbakan Recep Tayyip Erdo\u011fan\u2019\u0131n ABD\u2019ye giderek \u00e7ok uluslu bir projenin par\u00e7as\u0131 olan s\u00f6zde K\u00fcrt a\u00e7\u0131l\u0131m\u0131 konusunda bilgi verdi\u011fini savunan muhalefet temsilcileri, T\u00fcrkiye\u2019nin PKK ile \u00fcst d\u00fczeyde g\u00f6r\u00fc\u015fmeler yapt\u0131\u011f\u0131 iddialar\u0131n\u0131 bu a\u00e7\u0131dan de\u011ferlendirmek gerekti\u011fini kaydetti. Siyasilerin tepki ve g\u00f6r\u00fc\u015fleri \u015f\u00f6yle:<\/p>\n<p style=\"text-align: justify;\"><strong><em>ABD\u2019ye giderek bilgi verdi<\/em><\/strong><\/p>\n<p style=\"text-align: justify;\"><strong><em>CHP \u0130zmir milletvekili B\u00fclent Baratal\u0131: <\/em><\/strong>\u201c\u00c7ok uluslu proje \u00c7eki\u00e7 G\u00fc\u00e7 yap\u0131lanmas\u0131ndan bu yana devam ediyor. AKP de bu projenin i\u00e7inde yer alan bir iktidar partisi. Ba\u015fbakan s\u00fcrekli olarak s\u00f6zde K\u00fcrt a\u00e7\u0131l\u0131m\u0131n\u0131n devlet projesi oldu\u011funu yineliyor. Devletin asayi\u015f ve g\u00fcvenlik birimlerinin de a\u00e7\u0131klamalar\u0131 var. Her ne kadar bunun devlet projesi olup olmad\u0131\u011f\u0131 yap\u0131lan a\u00e7\u0131klamalardan tam olarak anla\u015f\u0131lmasa da art\u0131k Ortado\u011fu\u2019nun \u00e7ok uluslu g\u00fc\u00e7ler taraf\u0131ndan yeniden yap\u0131land\u0131r\u0131lmas\u0131n\u0131n s\u00fcreci i\u00e7erisinde oldu\u011fumuz a\u00e7\u0131k\u00e7a ortada. Ba\u015fbakan zaten ABD\u2019ye giderek bu projenin ba\u015f\u0131ndaki ki\u015fiye olanlar\u0131 anlatt\u0131. Projenin ad\u0131 ne olursa olsun niteli\u011fi \u00f6nemlidir. Cumhurba\u015fkan\u0131 da bunun tarihi bir f\u0131rsat oldu\u011funu kaydetti. \u2019M\u00fcjde veriyorum\u2019dedi. Defalarca \u2019f\u0131rsat var, ka\u00e7\u0131rmayal\u0131m\u2019dendi. Daha sonra T\u00fcrkiye, Suriye, Irak ve malum b\u00f6lgenin temsilcileriyle g\u00f6r\u00fc\u015f\u00fcld\u00fc. Bunlar hep kamuoyunun g\u00f6z\u00fc \u00f6n\u00fcnde oldu. Zaten oraya \u00c7eki\u00e7 G\u00fc\u00e7\u2019\u00fcn yerle\u015fmesi, 42. paralelin \u00f6tesine ge\u00e7emeyecek bir durum olu\u015fturulmas\u0131, ayn\u0131 zamanda PKK\u2019n\u0131n s\u0131k\u0131\u015ft\u0131r\u0131ld\u0131\u011f\u0131nda ABD helikopterlerinden destek at\u0131lmas\u0131, t\u00fcm bunlar ayn\u0131 oyunun bir par\u00e7as\u0131. \u015eimdi bak\u0131yoruz demek ki hazmedenler, hazmedemeyenlere bu yollarla mesaj veriyor.\u201d<\/p>\n<p style=\"text-align: justify;\"><strong><em>PKK\u2019n\u0131n s\u0131rt\u0131 s\u0131vazlan\u0131yor<\/em><\/strong><\/p>\n<p style=\"text-align: justify;\"><strong><em>CHP Manisa Milletvekili \u015eahin Meng\u00fc:<\/em><\/strong> \u201cS\u00f6z konusu iddialar iddia olmaktan \u00e7oktan \u00e7\u0131kt\u0131. T\u00fcrkiye Cumhuriyeti\u2019ni bug\u00fcn y\u00f6netenler PKK b\u00f6l\u00fcc\u00fc \u00f6rg\u00fct\u00fcn\u00fcn \u00fcst d\u00fczey y\u00f6neticileriyle g\u00f6r\u00fc\u015f\u00fcyor. AKP iktidara geldi\u011finden bu yana s\u00fcr\u00fcyor. Bu iddia olmaktan \u00e7oktan \u00e7\u0131kt\u0131. Bak\u0131yorsunuz, \u0130mral\u0131\u2019ya avukatlar gidiyor ve a\u00e7\u0131klama yap\u0131yor, bas\u0131n toplant\u0131s\u0131 yap\u0131yor. \u0130ktidar istese bunlar\u0131n \u00f6n\u00fcne \u00e7ok rahat ge\u00e7er. Ancak ge\u00e7ilmiyor. Dolayl\u0131 ya da dolays\u0131z PKK ile g\u00f6r\u00fc\u015f\u00fcl\u00fcyor. PKK y\u00f6neticilerinin s\u0131rt\u0131 s\u0131vazlan\u0131yor. Ter\u00f6r daha da azd\u0131r\u0131l\u0131yor. O b\u00f6lgede ya\u015fayan vatanda\u015flar\u0131m\u0131z ter\u00f6rden medet umar hale getiriliyor. Bug\u00fcn bak\u0131yorsunuz PKK \u2019ortada kazan\u0131m var bunu biz da\u011fdan elde ettik\u2019diyecek noktaya gelmeye ba\u015flad\u0131. O b\u00f6lgede ya\u015fayan ve ter\u00f6r istemeyen insanlar da bunun etkisinde kal\u0131yor. \u0130nsanlar\u0131 ter\u00f6rle bir \u015feyler elde ediliyormu\u015f demek ki noktas\u0131na getiriyorlar. Bir iktidar\u0131n g\u00f6revi bu mudur? Ter\u00f6ristin s\u0131rt\u0131n\u0131 s\u0131vazlarsan\u0131z ter\u00f6r daha da artacakt\u0131r.\u201d<\/p>\n<p style=\"text-align: justify;\"><span style=\"color: #888888;\">Haber : Fatih Erboz &#8211; <a href=\"http:\/\/www.yenicaggazetesi.com.tr\/haberdetay.php?hit=23688\" target=\"_blank\">yenicaggazetesi.com.tr<\/a><\/span><\/p>\n","protected":false},"excerpt":{"rendered":"<p style=\"text-align: center;\">\n<p style=\"text-align: justify;\">BA\u015eBAKAN Erdo\u011fan\u2019\u0131n \u201cCengiz abi\u201d dedi\u011fi \u00c7andar, \u2019a\u00e7\u0131l\u0131m\u2019la ilgili \u015fok a\u00e7\u0131klamalar yapt\u0131: Kandil ve \u0130mral\u0131\u2019yla gizlice g\u00f6r\u00fc\u015f\u00fcl\u00fcyor, bunu biliyorum. M\u0130T Ba\u015fkan\u0131 Emre Taner d\u00fczeyinde g\u00f6r\u00fc\u015fmeler yap\u0131ld\u0131\u011f\u0131n\u0131 da duydum.<\/p>\n<p style=\"text-align: justify;\">Erdo\u011fan yalan s\u00f6ylemi\u015f<\/p>\n<p style=\"text-align: justify;\">\u00c7ANDAR, Tayyip Erdo\u011fan\u2019\u0131n DTP lideri Ahmet T\u00fcrk ile yapt\u0131\u011f\u0131 g\u00f6r\u00fc\u015fme i\u00e7in de ilgin\u00e7 bir iddia ortaya <\/p>\n","protected":false},"author":1,"featured_media":0,"comment_status":"open","ping_status":"closed","sticky":false,"template":"","format":"standard","meta":{"footnotes":""},"categories":[105],"tags":[],"class_list":["post-15135","post","type-post","status-publish","format-standard","hentry","category-gundem","odd"],"_links":{"self":[{"href":"http:\/\/www.korhanyilmaz.com\/index.php?rest_route=\/wp\/v2\/posts\/15135","targetHints":{"allow":["GET"]}}],"collection":[{"href":"http:\/\/www.korhanyilmaz.com\/index.php?rest_route=\/wp\/v2\/posts"}],"about":[{"href":"http:\/\/www.korhanyilmaz.com\/index.php?rest_route=\/wp\/v2\/types\/post"}],"author":[{"embeddable":true,"href":"http:\/\/www.korhanyilmaz.com\/index.php?rest_route=\/wp\/v2\/users\/1"}],"replies":[{"embeddable":true,"href":"http:\/\/www.korhanyilmaz.com\/index.php?rest_route=%2Fwp%2Fv2%2Fcomments&post=15135"}],"version-history":[{"count":0,"href":"http:\/\/www.korhanyilmaz.com\/index.php?rest_route=\/wp\/v2\/posts\/15135\/revisions"}],"wp:attachment":[{"href":"http:\/\/www.korhanyilmaz.com\/index.php?rest_route=%2Fwp%2Fv2%2Fmedia&parent=15135"}],"wp:term":[{"taxonomy":"category","embeddable":true,"href":"http:\/\/www.korhanyilmaz.com\/index.php?rest_route=%2Fwp%2Fv2%2Fcategories&post=15135"},{"taxonomy":"post_tag","embeddable":true,"href":"http:\/\/www.korhanyilmaz.com\/index.php?rest_route=%2Fwp%2Fv2%2Ftags&post=15135"}],"curies":[{"name":"wp","href":"https:\/\/api.w.org\/{rel}","templated":true}]}}