{"id":15131,"date":"2009-09-27T17:07:08","date_gmt":"2009-09-27T14:07:08","guid":{"rendered":"http:\/\/www.korhanyilmaz.com\/?p=15131"},"modified":"2009-09-27T17:07:08","modified_gmt":"2009-09-27T14:07:08","slug":"cihan-kamer-bu-hukuk-kimin-icin-var","status":"publish","type":"post","link":"http:\/\/www.korhanyilmaz.com\/?p=15131","title":{"rendered":"Cihan Kamer Bu Hukuk Kimin \u0130\u00e7in Var?"},"content":{"rendered":"<p><a href=\"http:\/\/www.korhanyilmaz.com\/wp-content\/uploads\/2009\/09\/cihankamer.jpg\"  class=\"lightview\"><img loading=\"lazy\" decoding=\"async\" class=\"aligncenter size-full wp-image-15132\" src=\"http:\/\/www.korhanyilmaz.com\/wp-content\/uploads\/2009\/09\/cihankamer.jpg\" alt=\"\" width=\"409\" height=\"212\" \/><\/a><\/p>\n<p style=\"text-align: justify;\">\u00c7ok de\u011fil yak\u0131n zamanda T\u00fcrkiye sel felaketleri ya\u015fad\u0131.<\/p>\n<p style=\"text-align: justify;\">Bir \u00e7ok vatanda\u015f hayat\u0131n\u0131 kaybetti\u2026<\/p>\n<p style=\"text-align: justify;\">Deyim yerindeyse her \u015feyi s\u00fcp\u00fcr\u00fcp g\u00f6t\u00fcrd\u00fc bu sel\u2026<\/p>\n<p style=\"text-align: justify;\">Tabii \u0130stanbul da selden nasibini ald\u0131.<\/p>\n<p style=\"text-align: justify;\">Hukuksal s\u00fcre\u00e7ler tuhaf i\u015fledi&#8230;<\/p>\n<p style=\"text-align: justify;\">Herkes herkesi su\u00e7lad\u0131. <!--more--><\/p>\n<p style=\"text-align: justify;\">Alt yap\u0131 sorunu tart\u0131\u015f\u0131ld\u0131.<\/p>\n<p style=\"text-align: justify;\">Dereler, tepeler konu\u015fuldu.<\/p>\n<p style=\"text-align: justify;\">Daha neler neler&#8230;<\/p>\n<p style=\"text-align: justify;\">Uzatmayay\u0131m.<\/p>\n<p style=\"text-align: justify;\">Bir hat\u0131rlatma yaparak as\u0131l konuya devam edeyim:<\/p>\n<p style=\"text-align: justify;\">Tekstil i\u015f\u00e7ilerini ta\u015f\u0131yan bir minib\u00fcste 7 i\u015f\u00e7i hayat\u0131n\u0131 kaybetmi\u015fti.<\/p>\n<p style=\"text-align: justify;\">Tekstil at\u00f6lyesi i\u015f\u00e7ileri ara\u00e7tan \u00e7\u0131kmaya \u00e7al\u0131\u015fm\u0131\u015flar maalesef  sel sular\u0131na kap\u0131l\u0131p kurtulamam\u0131\u015flard\u0131.<\/p>\n<p style=\"text-align: justify;\">\u015eirketin sahipleri g\u00f6zalt\u0131na al\u0131narak savc\u0131l\u0131\u011fa sevk edildi.<\/p>\n<p style=\"text-align: justify;\">Yani hukuksal s\u00fcre\u00e7 ba\u015flat\u0131ld\u0131\u2026<\/p>\n<p style=\"text-align: justify;\">Peki\u2026<\/p>\n<p style=\"text-align: justify;\"><strong>Tarih 9 Eyl\u00fcl 2009 <\/strong><\/p>\n<p style=\"text-align: justify;\">\u0130stanbul Ayamama Deresi kenar\u0131nda bulunan T\u0131r garaj\u0131ndaki s\u00fcr\u00fcc\u00fclerin hayatlar\u0131n\u0131 kaybetti\u011fi sel felaketini hat\u0131rlar m\u0131s\u0131n\u0131z?<\/p>\n<p style=\"text-align: justify;\">Ne oldu?<\/p>\n<p style=\"text-align: justify;\">Bas\u0131nda garaj\u0131n sahipleri a\u00e7\u0131klama yapt\u0131lar.<\/p>\n<p style=\"text-align: justify;\">Onlar kimdi?<\/p>\n<p style=\"text-align: justify;\">Garaj\u0131n sahibi<strong> \u0130dris Kamer<\/strong>\u2026<\/p>\n<p style=\"text-align: justify;\">Yani Atasay Kuyumculuk&#8217;un sahibi <strong>Cihan Kamer<\/strong>&#8216;in ye\u011feni\u2026<\/p>\n<p style=\"text-align: justify;\">A\u00e7\u0131klanan bilgilere g\u00f6re Kamer, garaj arsas\u0131n\u0131n y\u00fczde 24.5&#8217;ine sahip.<\/p>\n<p style=\"text-align: justify;\">\u015eimdi bak\u0131n can al\u0131c\u0131 noktalar\u0131 s\u0131ral\u0131yorum:<\/p>\n<p style=\"text-align: justify;\">1- <strong> K\u00fc\u00e7\u00fck\u00e7ekmece Belediye Ba\u015fkan\u0131 Aziz Yeniay<\/strong>, t\u0131r parklar\u0131na kendilerinin ruhsat vermedi\u011fini, hatta birka\u00e7 ay \u00f6nce m\u00fch\u00fcrlediklerini a\u00e7\u0131klad\u0131.<\/p>\n<p style=\"text-align: justify;\">2- <strong> Kadir Topba\u015f<\/strong> t\u0131r parklar\u0131na ruhsat\u0131n daha \u00f6nce verildi\u011fini s\u00f6yledi&#8230;<\/p>\n<p style=\"text-align: justify;\">3-     Garaj\u0131n sahibi <strong>Cihan Kamer<\/strong>\u2019in ye\u011feni \u00e7\u0131kt\u0131\u2026<\/p>\n<p style=\"text-align: justify;\">4-     Ba\u015fbakan bir zamanlar Cihan Kamer\u2019i tan\u0131mad\u0131\u011f\u0131n\u0131 s\u00f6ylemi\u015fti.<\/p>\n<p style=\"text-align: justify;\">5-     Ancak <strong>Atasay Kuyumculuk<\/strong>\u2019un orta\u011f\u0131 Ba\u015fbakan\u2019\u0131n o\u011fluydu\u2026<\/p>\n<p style=\"text-align: justify;\">Diyorum ki:<\/p>\n<p style=\"text-align: justify;\">Cihan Kamer, Ba\u015fbakan\u2019a en yak\u0131n i\u015fadamlar\u0131ndan birisi olarak tan\u0131nm\u0131yor mu?<\/p>\n<p style=\"text-align: justify;\">Eee o zaman ak\u0131llara \u015fu soru hemen geliyor\u2026<\/p>\n<p style=\"text-align: justify;\">Acaba iktidara yak\u0131n oldu\u011fu i\u00e7in mi ya\u015fanan sel felaketi dolay\u0131s\u0131yla hukuksal s\u00fcre\u00e7 ba\u015flamad\u0131\u2026<\/p>\n<p style=\"text-align: justify;\">Ba\u015flat\u0131lmad\u0131&#8230;<\/p>\n<p style=\"text-align: justify;\">\u00d6zetle; sorar\u0131m bu hukuk kimin i\u00e7in var?<\/p>\n<p style=\"text-align: justify;\">Sel her \u015feyi s\u00fcp\u00fcr\u00fcp g\u00f6t\u00fcrd\u00fc\u2026<\/p>\n<p style=\"text-align: justify;\">Can kayb\u0131.<\/p>\n<p style=\"text-align: justify;\">Mal kayb\u0131\u2026<\/p>\n<p style=\"text-align: justify;\">Bilinen ancak bilindi\u011fi kadar da zihinlerde ku\u015fku uyand\u0131ran bu felaketi bir kez daha hat\u0131rlatt\u0131m size.<\/p>\n<p style=\"text-align: justify;\">\u00c7\u00fcnk\u00fc zihinlerde kalan ku\u015fkular\u0131 da sel s\u00fcp\u00fcr\u00fcp g\u00f6t\u00fcrmesin diye\u2026<\/p>\n<p style=\"text-align: justify;\"><span style=\"color: #888888;\">Ayhan Bozkurt &#8211; Odatv.com<br \/>\n<\/span><\/p>\n<p style=\"text-align: justify;\"><span style=\"color: #888888;\">27 Eyl\u00fcl 2009<\/span><\/p>\n","protected":false},"excerpt":{"rendered":"<\/p>\n<p style=\"text-align: justify;\">\u00c7ok de\u011fil yak\u0131n zamanda T\u00fcrkiye sel felaketleri ya\u015fad\u0131.<\/p>\n<p style=\"text-align: justify;\">Bir \u00e7ok vatanda\u015f hayat\u0131n\u0131 kaybetti\u2026<\/p>\n<p style=\"text-align: justify;\">Deyim yerindeyse her \u015feyi s\u00fcp\u00fcr\u00fcp g\u00f6t\u00fcrd\u00fc bu sel\u2026<\/p>\n<p style=\"text-align: justify;\">Tabii \u0130stanbul da selden nasibini ald\u0131.<\/p>\n<p style=\"text-align: justify;\">Hukuksal s\u00fcre\u00e7ler tuhaf i\u015fledi&#8230;<\/p>\n<p style=\"text-align: justify;\">Herkes herkesi su\u00e7lad\u0131. <\/p>\n","protected":false},"author":1,"featured_media":0,"comment_status":"open","ping_status":"closed","sticky":false,"template":"","format":"standard","meta":{"footnotes":""},"categories":[16],"tags":[],"class_list":["post-15131","post","type-post","status-publish","format-standard","hentry","category-kose-yazilari","odd"],"_links":{"self":[{"href":"http:\/\/www.korhanyilmaz.com\/index.php?rest_route=\/wp\/v2\/posts\/15131","targetHints":{"allow":["GET"]}}],"collection":[{"href":"http:\/\/www.korhanyilmaz.com\/index.php?rest_route=\/wp\/v2\/posts"}],"about":[{"href":"http:\/\/www.korhanyilmaz.com\/index.php?rest_route=\/wp\/v2\/types\/post"}],"author":[{"embeddable":true,"href":"http:\/\/www.korhanyilmaz.com\/index.php?rest_route=\/wp\/v2\/users\/1"}],"replies":[{"embeddable":true,"href":"http:\/\/www.korhanyilmaz.com\/index.php?rest_route=%2Fwp%2Fv2%2Fcomments&post=15131"}],"version-history":[{"count":0,"href":"http:\/\/www.korhanyilmaz.com\/index.php?rest_route=\/wp\/v2\/posts\/15131\/revisions"}],"wp:attachment":[{"href":"http:\/\/www.korhanyilmaz.com\/index.php?rest_route=%2Fwp%2Fv2%2Fmedia&parent=15131"}],"wp:term":[{"taxonomy":"category","embeddable":true,"href":"http:\/\/www.korhanyilmaz.com\/index.php?rest_route=%2Fwp%2Fv2%2Fcategories&post=15131"},{"taxonomy":"post_tag","embeddable":true,"href":"http:\/\/www.korhanyilmaz.com\/index.php?rest_route=%2Fwp%2Fv2%2Ftags&post=15131"}],"curies":[{"name":"wp","href":"https:\/\/api.w.org\/{rel}","templated":true}]}}