{"id":15111,"date":"2009-09-25T17:42:27","date_gmt":"2009-09-25T14:42:27","guid":{"rendered":"http:\/\/www.korhanyilmaz.com\/?p=15111"},"modified":"2009-09-25T17:42:27","modified_gmt":"2009-09-25T14:42:27","slug":"indirimli-alisveris-icin-son-gunler","status":"publish","type":"post","link":"http:\/\/www.korhanyilmaz.com\/?p=15111","title":{"rendered":"\u0130ndirimli al\u0131\u015fveri\u015f i\u00e7in son g\u00fcnler!"},"content":{"rendered":"<p><a href=\"http:\/\/www.korhanyilmaz.com\/wp-content\/uploads\/2009\/09\/beyaz-e\u015fya-1.widec.jpg\"  class=\"lightview\"><img loading=\"lazy\" decoding=\"async\" class=\"size-full wp-image-15112 alignleft\" style=\"margin: 0px 10px;\" src=\"http:\/\/www.korhanyilmaz.com\/wp-content\/uploads\/2009\/09\/beyaz-e\u015fya-1.widec.jpg\" alt=\"\" width=\"190\" height=\"193\" \/><\/a><\/p>\n<p style=\"text-align: justify;\">Otomotiv, beyaz e\u015fya, bilgisayar ve mobilyadaki vergi indirimlerinden yararlanma s\u00fcresi 30 Eyl\u00fcl&#8217;de doluyor.<\/p>\n<p style=\"text-align: justify;\">\u0130STANBUL &#8211; H\u00fck\u00fcmetin i\u00e7 piyasay\u0131 canland\u0131rmak ve stoklar\u0131 eritmek i\u00e7in ba\u015flatt\u0131\u011f\u0131 vergi indirimlerinde sona yakla\u015f\u0131ld\u0131.<\/p>\n<p style=\"text-align: justify;\">Otomotiv, beyaz e\u015fya, bili\u015fim ve mobilya sekt\u00f6rlerindeki vergi indirimleri 30 Eyl\u00fcl&#8217;de sona erecek.<\/p>\n<p style=\"text-align: justify;\">Daha \u00f6nce vergi indirimlerini uzatma karar\u0131 alan h\u00fck\u00fcmet yeni bir s\u00fcre uzat\u0131m\u0131na sicak bakm\u0131yor. Devlet Bakan\u0131 Ali Babacan, konuyla ilgili karar\u0131 s\u00fcre sonunda a\u00e7\u0131klayacaklar\u0131n\u0131 s\u00f6yledi.<\/p>\n<p style=\"text-align: justify;\">T\u00fcketicilerin indirimli vergi oranlar\u0131ndan yararlanmas\u0131 i\u00e7in son g\u00fcnlere girildi. H\u00fck\u00fcmet s\u00fcre uzat\u0131m\u0131na gitmezse KDV ve \u00d6TV indirimleri Ekim ay\u0131 ba\u015f\u0131nda y\u00fcr\u00fcrl\u00fckten kalkacak. Bir ba\u015fka deyi\u015fle, 1 Ekim&#8217;den itibaren \u00fcr\u00fcnlerin zamlanmas\u0131 nedeniyle, t\u00fcketicilerin acele etmesi gerekiyor. <!--more--><\/p>\n<p style=\"text-align: justify;\"><em><strong>NEREDE \u0130ND\u0130R\u0130M VAR?<\/strong><\/em><\/p>\n<p style=\"text-align: justify;\">Vergi indirimlerinin bulundu\u011fu sekt\u00f6rler \u015f\u00f6yle:<\/p>\n<p style=\"text-align: justify;\">Otomotiv: 1600 cc ve alt\u0131ndaki otomobillerde y\u00fczde 37 olan \u00d6TV oran\u0131 y\u00fczde 27 olarak uygulan\u0131yor.<\/p>\n<p style=\"text-align: justify;\">Hafif ticari ara\u00e7larda \u00d6TV y\u00fczde 3, hafif ticari ara\u00e7larda a\u00e7\u0131k kasal\u0131larda y\u00fczde 2 d\u00fczeyinde. \u00c7ekiciler, midib\u00fcsler, \u00f6zel ama\u00e7l\u0131 ta\u015f\u0131tlar, kamyonlarda \u00d6TV y\u00fczde 1; otob\u00fcste ise \u00d6TV al\u0131nm\u0131yor.<\/p>\n<p style=\"text-align: justify;\">Beyaz e\u015fya: Beyaz e\u015fyada y\u00fczde 6.7&#8217;lik KDV oran\u0131 y\u00fczde 2 olarak uygulan\u0131yor.<\/p>\n<p style=\"text-align: justify;\">Bili\u015fim ve mobilya: Bilgisayar ve mobilyadaki y\u00fczde 18&#8217;lik KDV 30 Eyl\u00fcl&#8217;e kadar y\u00fczde 8 olacak.<\/p>\n<p style=\"text-align: justify;\">H\u00fck\u00fcmet net alan\u0131 150 metrekare ve \u00fczeri konut teslimlerindeki KDV&#8217;yi 15 Haziran&#8217;a kadar y\u00fczde y\u00fczde 18 yerine y\u00fczde 8 olarak uygulam\u0131\u015ft\u0131.<\/p>\n<p style=\"text-align: justify;\"><span style=\"color: #888888;\">NTVMSNBC<\/span><\/p>\n","protected":false},"excerpt":{"rendered":"<\/p>\n<p style=\"text-align: justify;\">Otomotiv, beyaz e\u015fya, bilgisayar ve mobilyadaki vergi indirimlerinden yararlanma s\u00fcresi 30 Eyl\u00fcl&#8217;de doluyor.<\/p>\n<p style=\"text-align: justify;\">\u0130STANBUL &#8211; H\u00fck\u00fcmetin i\u00e7 piyasay\u0131 canland\u0131rmak ve stoklar\u0131 eritmek i\u00e7in ba\u015flatt\u0131\u011f\u0131 vergi indirimlerinde sona yakla\u015f\u0131ld\u0131.<\/p>\n<p style=\"text-align: justify;\">Otomotiv, beyaz e\u015fya, bili\u015fim ve mobilya sekt\u00f6rlerindeki vergi indirimleri 30 Eyl\u00fcl&#8217;de sona erecek.<\/p>\n<p style=\"text-align: justify;\">Daha \u00f6nce vergi indirimlerini uzatma <\/p>\n","protected":false},"author":1,"featured_media":0,"comment_status":"open","ping_status":"closed","sticky":false,"template":"","format":"standard","meta":{"footnotes":""},"categories":[7],"tags":[],"class_list":["post-15111","post","type-post","status-publish","format-standard","hentry","category-ekonomi","odd"],"_links":{"self":[{"href":"http:\/\/www.korhanyilmaz.com\/index.php?rest_route=\/wp\/v2\/posts\/15111","targetHints":{"allow":["GET"]}}],"collection":[{"href":"http:\/\/www.korhanyilmaz.com\/index.php?rest_route=\/wp\/v2\/posts"}],"about":[{"href":"http:\/\/www.korhanyilmaz.com\/index.php?rest_route=\/wp\/v2\/types\/post"}],"author":[{"embeddable":true,"href":"http:\/\/www.korhanyilmaz.com\/index.php?rest_route=\/wp\/v2\/users\/1"}],"replies":[{"embeddable":true,"href":"http:\/\/www.korhanyilmaz.com\/index.php?rest_route=%2Fwp%2Fv2%2Fcomments&post=15111"}],"version-history":[{"count":0,"href":"http:\/\/www.korhanyilmaz.com\/index.php?rest_route=\/wp\/v2\/posts\/15111\/revisions"}],"wp:attachment":[{"href":"http:\/\/www.korhanyilmaz.com\/index.php?rest_route=%2Fwp%2Fv2%2Fmedia&parent=15111"}],"wp:term":[{"taxonomy":"category","embeddable":true,"href":"http:\/\/www.korhanyilmaz.com\/index.php?rest_route=%2Fwp%2Fv2%2Fcategories&post=15111"},{"taxonomy":"post_tag","embeddable":true,"href":"http:\/\/www.korhanyilmaz.com\/index.php?rest_route=%2Fwp%2Fv2%2Ftags&post=15111"}],"curies":[{"name":"wp","href":"https:\/\/api.w.org\/{rel}","templated":true}]}}