{"id":15090,"date":"2009-09-27T14:18:47","date_gmt":"2009-09-27T12:18:47","guid":{"rendered":"http:\/\/www.korhanyilmaz.com\/?p=15090"},"modified":"2009-09-27T14:18:47","modified_gmt":"2009-09-27T12:18:47","slug":"atalaydan-baykala-geminin-rotasi-belli","status":"publish","type":"post","link":"http:\/\/www.korhanyilmaz.com\/?p=15090","title":{"rendered":"Atalay&#039;dan Baykal&#039;a: &#039;&#039; Geminin rotas\u0131 belli &#039;&#039;"},"content":{"rendered":"<p><a href=\"http:\/\/www.korhanyilmaz.com\/wp-content\/uploads\/2009\/09\/ATALAY.jpg\"  class=\"lightview\"><img loading=\"lazy\" decoding=\"async\" class=\"aligncenter size-full wp-image-15091\" src=\"http:\/\/www.korhanyilmaz.com\/wp-content\/uploads\/2009\/09\/ATALAY.jpg\" alt=\"\" width=\"292\" height=\"194\" \/><\/a><\/p>\n<p style=\"text-align: justify;\">&#8220;Rotas\u0131 belli olmayan gemiye binmeyiz&#8221; diyen CHP lideri Deniz Baykal&#8217;a \u0130\u00e7i\u015fleri Bakan\u0131 Be\u015fir Atalay yan\u0131t verdi. Be\u015fir Atalay, &#8220;Geminin rotas\u0131 \u00e7ok belli; ter\u00f6r\u00fc \u00f6nlemek, T\u00fcrkiye&#8217;nin demokrasi \u00e7er\u00e7evesini geli\u015ftirmek&#8221; dedi. \u0130\u00e7i\u015fleri Bakan\u0131 yeni d\u00f6nemde Meclis&#8217;te anayasa de\u011fi\u015fikili\u011finin de\u011fil, se\u00e7imin konu\u015fulaca\u011f\u0131n\u0131 \u00f6ne s\u00fcrd\u00fc.<\/p>\n<p style=\"text-align: justify;\">Ana muhalefet lideri Deniz Baykal 24 A\u011fustos&#8217;ta K\u00fcrt a\u00e7\u0131l\u0131m\u0131na destek veren Milli G\u00fcvenlik Kurulu&#8217;nu ele\u015ftirmi\u015f ve &#8220;MGK, s\u00fcrecin par\u00e7as\u0131 haline geldi&#8221; demi\u015fti. A\u00e7\u0131l\u0131m\u0131n i\u00e7 ve d\u0131\u015f boyutu oldu\u011funu iddia eden Baykal, &#8220;Bu ayr\u0131\u015fma s\u00fcrecinin par\u00e7as\u0131 olmay\u0131z&#8221; diye konu\u015fmu\u015ftu.<\/p>\n<p style=\"text-align: justify;\">Atalay, TRT-1&#8217;de yay\u0131nlanan &#8220;Politik A\u00e7\u0131l\u0131m&#8221; program\u0131na kat\u0131larak gazetecilerin sorular\u0131n\u0131 yan\u0131tlad\u0131. &#8220;Demokratik a\u00e7\u0131l\u0131m&#8221; \u00e7al\u0131\u015fmalar\u0131n\u0131n &#8220;T\u00fcrkiye&#8217;nin maliyeti \u00e7ok y\u00fcksek bir sorununun \u00e7\u00f6z\u00fcm\u00fcn\u00fc hedefledi\u011fini&#8221; belirten Atalay, devletin b\u00fct\u00fcn kademelerinin i\u00e7inde oldu\u011fu ve \u00e7\u00f6z\u00fcme katk\u0131 verdi\u011fi bir \u00e7al\u0131\u015fma oldu\u011funu vurgulad\u0131. <!--more--><\/p>\n<p style=\"text-align: justify;\">Atalay, bu kadar b\u00fcy\u00fck bedeli olan bir konunun milletin temsilcilerinden olu\u015fan TBMM&#8217;de g\u00fcndeme gelmesinin do\u011fal oldu\u011funu s\u00f6yledi.<\/p>\n<p style=\"text-align: justify;\">CHP ve MHP&#8217;nin \u00e7al\u0131\u015fma kapsam\u0131nda g\u00f6r\u00fc\u015fme taleplerini kabul etmemesine ili\u015fkin soruyu yan\u0131tlarken Atalay, &#8220;Biz bilgilendirmek istedik ama kabul etmediler. Ben ilk g\u00f6r\u00fc\u015fmemi onlarla yapacakt\u0131m&#8221; dedi.<\/p>\n<p style=\"text-align: justify;\">CHP Genel Ba\u015fkan\u0131 Deniz Baykal&#8217;\u0131n \u00e7al\u0131\u015fmaya ili\u015fkin &#8220;rotas\u0131 belli olmayan gemi&#8221; ifadesini kulland\u0131\u011f\u0131n\u0131n hat\u0131rlat\u0131lmas\u0131 \u00fczerine ise Atalay, &#8220;Geminin rotas\u0131 \u00e7ok belli. Belli olmayan nedir ki? Bu \u00e7al\u0131\u015fman\u0131n\u0131 iki amac\u0131 var; biri ter\u00f6r\u00fc \u015fiddeti \u00f6nlemek, ikincisi T\u00fcrkiye&#8217;nin demokrasi \u00e7er\u00e7evesini geli\u015ftirmek, standard\u0131n\u0131 y\u00fckseltmek, derinle\u015ftirmek. Biz ziyaret etti\u011fimiz her siyasi partiyle, her sivil toplu \u00f6rg\u00fct\u00fcyle bunlar\u0131 g\u00f6r\u00fc\u015ft\u00fck&#8221; diye konu\u015ftu.<\/p>\n<p style=\"text-align: justify;\"><strong><em>&#8220;\u00c7al\u0131\u015fmam\u0131zda ne arka plan var ne geri plan&#8221; <\/em><\/strong><\/p>\n<p style=\"text-align: justify;\">&#8220;Demokratik a\u00e7\u0131l\u0131m&#8221; \u00e7al\u0131\u015fmalar\u0131n\u0131n ayr\u0131nt\u0131lar\u0131n\u0131n somut ve net olarak ortaya konmas\u0131 gerekti\u011fi y\u00f6n\u00fcndeki g\u00f6r\u00fc\u015fler ifade edilerek, &#8220;A\u00e7\u0131l\u0131m\u0131n i\u00e7inde ne var?&#8221; sorusu \u00fczerine Atalay, &#8220;Biz a\u00e7\u0131kl\u0131yoruz, muhalefet isterse daha da fazla a\u00e7\u0131klayaca\u011f\u0131m\u0131z\u0131 da s\u00f6yledik. Bizim \u00e7al\u0131\u015fmam\u0131zda ne arka plan var ne geri plan var&#8221; kar\u015f\u0131l\u0131\u011f\u0131n\u0131 verdi.<\/p>\n<p style=\"text-align: justify;\">Atalay, &#8220;demokratik a\u00e7\u0131l\u0131m&#8221; ile bir kesime taviz, ayr\u0131cal\u0131k verilmesinin s\u00f6z konusu olmad\u0131\u011f\u0131n\u0131, \u00e7al\u0131\u015fman\u0131n T\u00fcrkiye&#8217;nin g\u00fc\u00e7lenmesini hedefledi\u011fini vurgulad\u0131.<\/p>\n<p style=\"text-align: justify;\">Atalay, \u00e7al\u0131\u015fma kapsam\u0131nda dolayl\u0131 af ve etkin pi\u015fmanl\u0131k yasas\u0131 gibi d\u00fczenlemelerin g\u00fcndeme gelip gelmeyece\u011fine ili\u015fkin soru \u00fczerine ise bu alanda bir\u00e7ok alternatif bulundu\u011funu, ancak kendilerinin bug\u00fcne kadar af kavram\u0131n\u0131 zikretmediklerini hat\u0131rlatt\u0131.<\/p>\n<p style=\"text-align: justify;\">\u00c7al\u0131\u015fman\u0131n her alanda h\u0131zla s\u00fcrd\u00fc\u011f\u00fcn\u00fc bir yava\u015flaman\u0131n s\u00f6z konusu olmad\u0131\u011f\u0131n\u0131 da ifade eden Atalay, konuya ili\u015fkin TBMM&#8217;de kapal\u0131 oturum yap\u0131lmas\u0131na ili\u015fkin s\u00f6zlerin de yanl\u0131\u015f de\u011ferlendirildi\u011fini kaydetti.<\/p>\n<p style=\"text-align: justify;\">Atalay, AK Parti&#8217;nin her zaman \u015feffafl\u0131ktan yana oldu\u011funu, ancak bu konunun g\u00fcvenlik boyutunun da bulundu\u011funu belirterek, milletten bir \u015fey saklaman\u0131n asla s\u00f6z konusu olmayaca\u011f\u0131n\u0131 s\u00f6yledi.<\/p>\n<p style=\"text-align: justify;\">Atalay, konunun g\u00fcnl\u00fck siyasetin \u00f6tesinde oldu\u011funu ifade ederek, kapal\u0131 oturum s\u00f6zlerinin bu kapsamda de\u011ferlendirilmesi gereki\u011fini anlatt\u0131. &#8220;\u0130mral\u0131&#8217;dan size gelen bir metin var m\u0131?&#8221; sorusuna Atalay, &#8220;Hay\u0131r&#8221; yan\u0131t\u0131n\u0131 verdi.<\/p>\n<p style=\"text-align: justify;\">Atalay, sanat\u00e7\u0131 H\u00fclya Av\u015far hakk\u0131nda bir gazetede yer alan r\u00f6portaj\u0131ndaki s\u00f6zleri nedeniyle soru\u015fturma a\u00e7\u0131lmas\u0131n\u0131 ise do\u011fru bulmad\u0131klar\u0131n\u0131 kaydetti.<\/p>\n<p style=\"text-align: justify;\"><strong><em>Anayasa de\u011fi\u015fikli\u011fi \u00e7al\u0131\u015fmas\u0131 <\/em><\/strong><\/p>\n<p style=\"text-align: justify;\">T\u00fcrkiye&#8217;nin sivil bir anayasaya kavu\u015fmas\u0131n\u0131n \u00f6nemli oldu\u011funu, ancak \u015fu anda TBMM&#8217;de bunun zeminini bulunmad\u0131\u011f\u0131n\u0131 bir ba\u015fka soruya yan\u0131tlarken s\u00f6yleyen Atalay, &#8220;K\u00f6kl\u00fc de\u011fi\u015fiklik olarak bakt\u0131\u011f\u0131m\u0131z zaman Meclis i\u00e7inde anayasayla ilgili \u00e7al\u0131\u015fma zemini yok \u015fuanda. Benim \u015fahsen kendi g\u00f6zlemim o. O manada burada \u00e7ok b\u00fcy\u00fck ad\u0131mlar g\u00f6rmemek gerekiyor. Benim g\u00f6rd\u00fc\u011f\u00fcm art\u0131k bu d\u00f6nemde sivil bir anayasa \u00e7al\u0131\u015fmas\u0131 bu parlamentoda olmaz. Ama ne olur, 2011 se\u00e7imi&#8230; Herhalde 2011 se\u00e7imi olacaksa e\u011fer. Bunda da biliyorsunuz biraz itilafl\u0131 bir konu var. Bundan sonraki se\u00e7im b\u00fct\u00fcn partiler a\u00e7\u0131s\u0131ndan sivil bir anayasa se\u00e7imi olur art\u0131k. Bundan sonraki d\u00f6nemin en \u00f6nemli maddesi o olur diye d\u00fc\u015f\u00fcn\u00fcyorum&#8221; dedi.<\/p>\n<p style=\"text-align: justify;\"><strong><em>M\u00fcnevver Karabulut cinayeti <\/em><\/strong><\/p>\n<p style=\"text-align: justify;\">\u0130\u00e7i\u015fleri Bakan\u0131 Be\u015fir Bakan Atalay, M\u00fcnevver Karabulut cinayetine ili\u015fkin sorular\u0131 da yan\u0131tlad\u0131. &#8220;\u0130yi \u00e7al\u0131\u015ft\u0131klar\u0131n\u0131 ve faili me\u00e7hul cinayet b\u0131rakmad\u0131klar\u0131n\u0131&#8221; belirten Atalay, s\u00f6z konusu olayda da polisin ba\u015far\u0131l\u0131 bir \u00e7al\u0131\u015fma y\u00fcr\u00fctt\u00fc\u011f\u00fcn\u00fc, son 1 ayda zanl\u0131n\u0131n ailesi \u00fczerinde yo\u011funla\u015f\u0131ld\u0131\u011f\u0131n\u0131 ve bunun da bir taktik oldu\u011funu ifade etti.<\/p>\n<p style=\"text-align: justify;\">Su\u00e7 say\u0131s\u0131, su\u00e7u ayd\u0131nlatma ve \u00f6nlemeye y\u00f6nelik \u00e7al\u0131\u015fmalara ili\u015fkin istatistiklere herkesin ula\u015fabilece\u011fini ifade eden Atalay, &#8220;T\u00fcrkiye g\u00fcvenli bir \u00fclke&#8221; dedi.<\/p>\n<p style=\"text-align: justify;\"><span style=\"color: #888888;\">CNN T\u00dcRK<\/span><\/p>\n","protected":false},"excerpt":{"rendered":"<\/p>\n<p style=\"text-align: justify;\">&#8220;Rotas\u0131 belli olmayan gemiye binmeyiz&#8221; diyen CHP lideri Deniz Baykal&#8217;a \u0130\u00e7i\u015fleri Bakan\u0131 Be\u015fir Atalay yan\u0131t verdi. Be\u015fir Atalay, &#8220;Geminin rotas\u0131 \u00e7ok belli; ter\u00f6r\u00fc \u00f6nlemek, T\u00fcrkiye&#8217;nin demokrasi \u00e7er\u00e7evesini geli\u015ftirmek&#8221; dedi. \u0130\u00e7i\u015fleri Bakan\u0131 yeni d\u00f6nemde Meclis&#8217;te anayasa de\u011fi\u015fikili\u011finin de\u011fil, se\u00e7imin konu\u015fulaca\u011f\u0131n\u0131 \u00f6ne s\u00fcrd\u00fc.<\/p>\n<p style=\"text-align: justify;\">Ana muhalefet lideri Deniz Baykal 24 A\u011fustos&#8217;ta K\u00fcrt a\u00e7\u0131l\u0131m\u0131na <\/p>\n","protected":false},"author":1,"featured_media":0,"comment_status":"open","ping_status":"closed","sticky":false,"template":"","format":"standard","meta":{"footnotes":""},"categories":[105],"tags":[],"class_list":["post-15090","post","type-post","status-publish","format-standard","hentry","category-gundem","odd"],"_links":{"self":[{"href":"http:\/\/www.korhanyilmaz.com\/index.php?rest_route=\/wp\/v2\/posts\/15090","targetHints":{"allow":["GET"]}}],"collection":[{"href":"http:\/\/www.korhanyilmaz.com\/index.php?rest_route=\/wp\/v2\/posts"}],"about":[{"href":"http:\/\/www.korhanyilmaz.com\/index.php?rest_route=\/wp\/v2\/types\/post"}],"author":[{"embeddable":true,"href":"http:\/\/www.korhanyilmaz.com\/index.php?rest_route=\/wp\/v2\/users\/1"}],"replies":[{"embeddable":true,"href":"http:\/\/www.korhanyilmaz.com\/index.php?rest_route=%2Fwp%2Fv2%2Fcomments&post=15090"}],"version-history":[{"count":0,"href":"http:\/\/www.korhanyilmaz.com\/index.php?rest_route=\/wp\/v2\/posts\/15090\/revisions"}],"wp:attachment":[{"href":"http:\/\/www.korhanyilmaz.com\/index.php?rest_route=%2Fwp%2Fv2%2Fmedia&parent=15090"}],"wp:term":[{"taxonomy":"category","embeddable":true,"href":"http:\/\/www.korhanyilmaz.com\/index.php?rest_route=%2Fwp%2Fv2%2Fcategories&post=15090"},{"taxonomy":"post_tag","embeddable":true,"href":"http:\/\/www.korhanyilmaz.com\/index.php?rest_route=%2Fwp%2Fv2%2Ftags&post=15090"}],"curies":[{"name":"wp","href":"https:\/\/api.w.org\/{rel}","templated":true}]}}