{"id":15086,"date":"2009-08-24T17:18:18","date_gmt":"2009-08-24T15:18:18","guid":{"rendered":"http:\/\/www.korhanyilmaz.com\/?p=15086"},"modified":"2009-08-24T17:18:18","modified_gmt":"2009-08-24T15:18:18","slug":"baykal-bu-kez-mgkyi-elestirdi","status":"publish","type":"post","link":"http:\/\/www.korhanyilmaz.com\/?p=15086","title":{"rendered":"Baykal bu kez MGK&#039;y\u0131 ele\u015ftirdi"},"content":{"rendered":"<p><a href=\"http:\/\/www.korhanyilmaz.com\/wp-content\/uploads\/2009\/09\/baykal1.jpg\"  class=\"lightview\"><img loading=\"lazy\" decoding=\"async\" class=\"aligncenter size-full wp-image-15087\" src=\"http:\/\/www.korhanyilmaz.com\/wp-content\/uploads\/2009\/09\/baykal1.jpg\" alt=\"\" width=\"292\" height=\"193\" \/><\/a><\/p>\n<p style=\"text-align: justify;\">Ana muhalefet lideri Deniz Baykal&#8217;dan K\u00fcrt a\u00e7\u0131l\u0131m\u0131na destek veren Milli G\u00fcvenlik Kurulu&#8217;na sert ele\u015ftiri&#8230; Baykal, &#8220;MGK, s\u00fcrecin par\u00e7as\u0131 haline geldi&#8221; dedi. A\u00e7\u0131l\u0131m\u0131n i\u00e7 ve d\u0131\u015f boyutu oldu\u011funu iddia eden Baykal, &#8220;Bu ayr\u0131\u015fma s\u00fcrecinin par\u00e7as\u0131 olmay\u0131z&#8221; diye konu\u015ftu.<\/p>\n<p style=\"text-align: justify;\">Baykal, parti genel merkezinde d\u00fczenledi\u011fi bas\u0131n toplant\u0131s\u0131nda, son bas\u0131n toplant\u0131s\u0131n\u0131 d\u00fczenledi\u011finden bu yana 25 g\u00fcn ge\u00e7ti\u011fini, &#8220;bu k\u0131sa s\u00fcre i\u00e7inde gelinen noktan\u0131n, yap\u0131lan \u00e7al\u0131\u015fman\u0131n T\u00fcrkiye&#8217;yi b\u00fct\u00fcnle\u015ftirip, birle\u015ftirmek yerine tam tersine T\u00fcrkiye&#8217;yi olumsuz etkiledi\u011fini&#8221; savundu. <!--more--><\/p>\n<p style=\"text-align: justify;\"><strong><em>&#8220;MGK da s\u00fcrecin par\u00e7as\u0131 oldu&#8221; <\/em><\/strong><\/p>\n<p style=\"text-align: justify;\">&#8220;Bu s\u00fcrecin kar\u015f\u0131l\u0131kl\u0131 ku\u015fkular\u0131 art\u0131rd\u0131\u011f\u0131n\u0131, \u00e7ok derin tart\u0131\u015fmalar\u0131n ortaya \u00e7\u0131kmas\u0131na, bir anlamada \u00fclkedeki ulusal beraberli\u011fin, birli\u011fin sars\u0131lmaya ba\u015flamas\u0131na yol a\u00e7t\u0131\u011f\u0131n\u0131&#8221; \u00f6ne s\u00fcren Baykal, &#8220;projenin hen\u00fcz netle\u015fmedi\u011fini, herhangi bir uygulama yap\u0131lmad\u0131\u011f\u0131n\u0131&#8221; s\u00f6yledi.<\/p>\n<p style=\"text-align: justify;\">Ba\u015flat\u0131lan s\u00fcrecin, \u00e7al\u0131\u015fman\u0131n, oraya at\u0131lan d\u00fc\u015f\u00fcncelerin, fikirlerin &#8220;T\u00fcrkiye&#8217;yi olumsuz etkilemeye ba\u015flad\u0131\u011f\u0131n\u0131, gelinen noktada \u00e7ok ciddi bir gerilimin kendisini g\u00f6stermeye ba\u015flad\u0131\u011f\u0131n\u0131&#8221; iddia eden Baykal, &#8220;Bu gerilimin, Ba\u015fbakan\u0131, Cumhurba\u015fkan\u0131n\u0131, Milli G\u00fcvenlik Kurulu&#8217;nu da kapsam\u0131 i\u00e7ine ald\u0131\u011f\u0131n\u0131 \u00fcz\u00fcnt\u00fcyle g\u00f6r\u00fcyorum. Bunlar\u0131n hepsi T\u00fcrkiye&#8217;de art\u0131k gerilimin taraf\u0131 haline d\u00f6n\u00fc\u015fmeye ba\u015flam\u0131\u015flard\u0131r ve her birisi kamuoyunda ciddi tart\u0131\u015fmalar\u0131n, ele\u015ftirilerin konusu haline d\u00f6n\u00fc\u015fmeye ba\u015flam\u0131\u015ft\u0131r&#8221; dedi.<\/p>\n<p style=\"text-align: justify;\"><em><strong>&#8220;Sanat\u00e7\u0131lar da b\u00f6l\u00fcnd\u00fc&#8221; <\/strong><\/em><\/p>\n<p style=\"text-align: justify;\">&#8220;Sanat\u00e7\u0131lar\u0131n da b\u00f6l\u00fcnmeye ba\u015flad\u0131\u011f\u0131n\u0131&#8221; savunan Baykal, toplumun her kesimine mensup insanlar\u0131n de\u011fer verdi\u011fi sanat\u00e7\u0131lar\u0131n, bu ya\u015fanan s\u00fcre\u00e7ten olumsuz etkilenmeye ba\u015flad\u0131\u011f\u0131n\u0131 ve birbirleriyle tart\u0131\u015f\u0131r, \u00e7eki\u015fir, su\u00e7lamalar\u0131n hedefi olur hale geldiklerini ifade etti.<\/p>\n<p style=\"text-align: justify;\">\n<p style=\"text-align: justify;\">&#8220;Bu geli\u015fmelerin alt\u0131nda, 1 ay kadar \u00f6nce sanki h\u00fck\u00fcmetin bir d\u00fc\u011fmeye bas\u0131lm\u0131\u015f gibi birden bire harekete ge\u00e7irdi\u011fi bir s\u00fcre\u00e7 yat\u0131yor&#8221; diyen Baykal, s\u00fcrecin, belli bir takvime ba\u011fl\u0131 oldu\u011funun ifade edildi\u011fini ve &#8220;takvim tela\u015f\u0131 i\u00e7inde ele al\u0131nd\u0131\u011f\u0131n\u0131&#8221; s\u00f6yledi.<\/p>\n<p style=\"text-align: justify;\">S\u00fcrecin &#8220;ucunun a\u00e7\u0131k, kapsam\u0131 ve \u00e7er\u00e7evesinin belirsiz oldu\u011fu&#8221; g\u00f6r\u00fc\u015f\u00fcn\u00fc dile getiren Baykal, s\u00fcre\u00e7 sonunda, &#8220;m\u00fcthi\u015f geli\u015fmelerin olaca\u011f\u0131, analar\u0131n g\u00f6z ya\u015f\u0131n\u0131n dinece\u011fi, ter\u00f6r\u00fcn sona erece\u011fi, b\u00fcy\u00fck bar\u0131\u015f ortam\u0131n\u0131n ger\u00e7ekle\u015fece\u011fi&#8221;nin ifade edildi\u011fini s\u00f6yledi.<\/p>\n<p style=\"text-align: justify;\">B\u00f6yle bir bekleyi\u015f yarat\u0131ld\u0131\u011f\u0131n\u0131 belirten Baykal, &#8220;Ama bunun nas\u0131l ger\u00e7ekle\u015fece\u011fi konusunda, hi\u00e7bir ipucu resmi olarak verilmemi\u015ftir. H\u00fck\u00fcmet birden bire i\u015fi g\u00fcc\u00fc b\u0131rakm\u0131\u015f, kapsaml\u0131 g\u00f6r\u00fc\u015fmeler yapmaya ba\u015flam\u0131\u015ft\u0131r&#8221; diye konu\u015ftu.<\/p>\n<p style=\"text-align: justify;\">&#8220;Konunun hala ayd\u0131nlanmad\u0131\u011f\u0131n\u0131, yap\u0131lan \u00e7al\u0131\u015fmalar\u0131n beklenen sonucu sa\u011flay\u0131p sa\u011flamayaca\u011f\u0131n\u0131n belli olmad\u0131\u011f\u0131n\u0131&#8221; savunan Baykal, &#8220;(Yoksa bu \u00e7al\u0131\u015fmalar, &#8216;analar\u0131n g\u00f6z ya\u015f\u0131 dinsin&#8217; s\u00f6ylemi alt\u0131nda \u00e7ok farkl\u0131 geli\u015fmelerin ortaya \u00e7\u0131kaca\u011f\u0131 bir noktaya do\u011fru mu T\u00fcrkiye&#8217;yi s\u00fcr\u00fcklemektedir) kayg\u0131s\u0131 giderek yayg\u0131nla\u015fmaktad\u0131r&#8221; dedi.<\/p>\n<p style=\"text-align: justify;\"><em><strong>&#8220;Toplumda b\u00f6l\u00fcnme kayg\u0131s\u0131&#8221;<\/strong><\/em><\/p>\n<p style=\"text-align: justify;\">&#8220;Toplumda da ciddi sorular sorulmaya ba\u015fland\u0131\u011f\u0131n\u0131, tedirginli\u011fin artt\u0131\u011f\u0131n\u0131&#8221; s\u00f6yleyen Baykal, &#8220;bu \u00e7al\u0131\u015fmalar\u0131n sonunda etnik ayr\u0131\u015fman\u0131n, b\u00f6l\u00fcnmenin g\u00fcndeme gelip gelmeyece\u011fi kayg\u0131s\u0131n\u0131n T\u00fcrkiye&#8217;nin her yerindeki insanlarda ortaya \u00e7\u0131kt\u0131\u011f\u0131n\u0131&#8221; \u00f6ne s\u00fcrd\u00fc.<\/p>\n<p style=\"text-align: justify;\">Deniz Baykal, &#8220;Ba\u015fbakan\u0131n \u00fcslubunda kendisini g\u00f6steren hakaretler, su\u00e7lamalar, k\u00fcf\u00fcr noktas\u0131ndaki s\u00f6ylemler, bir s\u00fcre sonra toplumun her kesiminde gerginliklerin, tart\u0131\u015fmalar\u0131n derinle\u015fmesine \u00e7ok kolay yol a\u00e7abilir. Bu belirsizlik, nereye do\u011fru oldu\u011fu belli olmayan bu aray\u0131\u015f, T\u00fcrkiye&#8217;de halk\u0131, toplumu, insanlar\u0131m\u0131z\u0131 da \u00e7ok tehlikeli gerginliklerin i\u00e7ine s\u00fcr\u00fckleyebilir&#8221; dedi.<\/p>\n<p style=\"text-align: justify;\">CHP lideri, &#8220;Bu olumsuz geli\u015fmelerin alt\u0131nda, bu s\u00fcrecin yanl\u0131\u015f dizayn edilmesi ve yanl\u0131\u015f y\u00f6netilmesi yatmaktad\u0131r. H\u00fck\u00fcmet bir \u015fey yapmak istiyor, ad\u0131n\u0131 koymuyor, koymay\u0131 uygun g\u00f6rm\u00fcyor. Yapmak istedi\u011fi \u015feyin ad\u0131n\u0131 ba\u015fkalar\u0131n\u0131n koymas\u0131n\u0131 tercih eder gibi bir bekleyi\u015f i\u00e7indedir. Yapmak istedi\u011fini s\u00f6yleyemeye cesaret edemiyor, s\u00f6ylemek istedi\u011fini birilerinin a\u011fz\u0131ndan topluma duyurmak istiyor ve bu hakl\u0131 olarak bir gerilim ve tepki \u00e7ekiyor&#8221; diye konu\u015ftu.<\/p>\n<p style=\"text-align: justify;\"><strong><em>&#8220;Bu tablonun i\u00e7ine bizi de sokmak istediler, reddettik&#8221; <\/em><\/strong><\/p>\n<p style=\"text-align: justify;\">&#8220;Takvimi, y\u00f6ntemi, hedefi belli olmayan bu aray\u0131\u015f\u0131n i\u00e7inde halk ve toplumun bulunmad\u0131\u011f\u0131n\u0131, iktidar\u0131n uygun g\u00f6rd\u00fc\u011f\u00fc muhataplar\u0131n bu s\u00fcre\u00e7te yer ald\u0131\u011f\u0131n\u0131&#8221; s\u00f6yleyen Baykal, &#8220;Bir k\u0131sm\u0131 mecburen, sivil toplum \u00f6rg\u00fct\u00fcd\u00fcr diye g\u00f6r\u00fc\u015ft\u00fc\u011f\u00fc unsurlar, bir k\u0131sm\u0131 d\u00fc\u015f\u00fcncesini dile getirmeye yard\u0131mc\u0131 olur diye harekete ge\u00e7irdi\u011fi unsurlar&#8230; Bu tablonun i\u00e7ine bizi de sokmak istediler, reddettik&#8221; dedi.<\/p>\n<p style=\"text-align: justify;\">H\u00fck\u00fcmetin, belirsizlikleri ayd\u0131nlatmadan, ne yapaca\u011f\u0131n\u0131, neyle, nas\u0131l yapaca\u011f\u0131n\u0131 kendi kafas\u0131nda netle\u015ftirmeden muhalefet partileriyle i\u015fbirli\u011fi yapamayaca\u011f\u0131n\u0131 ifade eden Baykal, &#8220;CHP olarak hangi limana demirleyece\u011fini bilmedi\u011fimiz gemiye binmeyiz, rotas\u0131n\u0131 bilmedi\u011fimiz gemiye binmeyiz. \u015eimdi tam iktidar\u0131n yapmak istedi\u011fi de budur, &#8216;hele bir gelin hep beraber yola \u00e7\u0131kal\u0131m, gidece\u011fimiz yer iyi merak etmeyin, analar\u0131n g\u00f6z ya\u015f\u0131n\u0131n denece\u011fi noktaya gidece\u011fiz&#8217;. Bu bir aldatmacad\u0131r, sapt\u0131rmad\u0131r, y\u00f6nlendirme giri\u015fimidir&#8221; dedi.<\/p>\n<p style=\"text-align: justify;\">&#8220;O nedenle bu y\u00f6ntem yanl\u0131\u015ft\u0131r ve gerilim yaratmaya ba\u015flam\u0131\u015ft\u0131r. H\u00fck\u00fcmet, bir s\u00fcre sonra yapmay\u0131 d\u00fc\u015f\u00fcnd\u00fc\u011f\u00fc \u015feyleri bu a\u015famada s\u00f6ylemeden, toplumda tart\u0131\u015fma ve gerginlik yaratmadan o konuyu kabul ettirece\u011fini zannediyorsa ciddi olarak yan\u0131l\u0131yor&#8221; diyen Baykal, &#8220;Herkes h\u00fck\u00fcmetin bir s\u00fcre sonra varmak istedi\u011fi noktaya y\u00f6nelik te\u015fhis, tespit yapmaya \u00e7al\u0131\u015fm\u0131\u015f ve ona dayal\u0131 olarak tav\u0131r tak\u0131nmaya ba\u015flam\u0131\u015ft\u0131r&#8221; \u015feklinde konu\u015ftu.<\/p>\n<p style=\"text-align: justify;\"><strong><em>&#8220;PKK ba\u015flang\u0131\u00e7ta neyse \u015fimdi de odur&#8221; <\/em><\/strong><\/p>\n<p style=\"text-align: justify;\">Bu d\u00f6nem i\u00e7inde ya\u015fananlara bak\u0131ld\u0131\u011f\u0131nda, h\u00fck\u00fcmetin bu meseleyi &#8220;herkesten g\u00f6r\u00fc\u015f al\u0131yorum&#8221; yakla\u015f\u0131m\u0131 i\u00e7inde birileriyle m\u00fczakere etmeye \u00e7al\u0131\u015ft\u0131\u011f\u0131n\u0131n ortaya \u00e7\u0131kt\u0131\u011f\u0131n\u0131 dile getiren Baykal, &#8220;h\u00fck\u00fcmetin bir m\u00fczakere s\u00fcreci i\u00e7inde oldu\u011funu, m\u00fczakere s\u00fcrecinin &#8216;herkesten g\u00f6r\u00fc\u015f istiyoruz&#8217; diye kamufle edilmeye \u00e7al\u0131\u015f\u0131ld\u0131\u011f\u0131n\u0131&#8221; savundu.<\/p>\n<p style=\"text-align: justify;\">M\u00fczakere s\u00fcreci i\u00e7inde bir muhatap tart\u0131\u015fmas\u0131 ya\u015fand\u0131\u011f\u0131n\u0131 an\u0131msatan Baykal, &#8220;Bunun ger\u00e7ekte hi\u00e7bir anlam ta\u015famad\u0131\u011f\u0131 ortadad\u0131r&#8221; dedi.<\/p>\n<p style=\"text-align: justify;\">Baykal, konuyla ilgili ba\u015flang\u0131\u00e7ta, &#8220;DTP, \u0130mral\u0131 ya da Kandil&#8217;in birbirinden farkl\u0131, birbiriyle \u00e7eli\u015fen, de\u011fi\u015fik, \u00f6neriler ortaya koyabilecek durumda olmad\u0131\u011f\u0131n\u0131, hepsinin ayn\u0131 kap\u0131ya \u00e7\u0131kt\u0131\u011f\u0131n\u0131&#8221; s\u00f6ylediklerini hat\u0131rlatt\u0131.<\/p>\n<p style=\"text-align: justify;\">&#8220;Bug\u00fcn gelinen noktada bunlar aras\u0131nda bir ayr\u0131m ger\u00e7ekle\u015ftirmenin s\u00f6z konusu olmad\u0131\u011f\u0131 ortaya \u00e7\u0131kt\u0131&#8221; diyen Baykal, DTP yetkililerinin \u0131srarla &#8220;\u0130mral\u0131&#8217;n\u0131n muhatap al\u0131nmas\u0131n\u0131 istediklerini&#8221; ifade etti.<\/p>\n<p style=\"text-align: justify;\">Deniz Baykal, &#8220;\u0130mral\u0131, DTP ve Kandil aras\u0131nda bu s\u00fcre\u00e7te bir anlay\u0131\u015f beraberli\u011finin oldu\u011fu ortadad\u0131r. Bir aya yak\u0131n zamand\u0131r yap\u0131lan a\u00e7\u0131klamalardan \u015fu g\u00f6r\u00fclm\u00fc\u015ft\u00fcr ki PKK&#8217;n\u0131n projesi ba\u015flang\u0131\u00e7ta neyse \u015fimdi de odur. De\u011fi\u015fen bir \u015fey yoktur. \u0130mral\u0131&#8217;dan yap\u0131lan a\u00e7\u0131klamalar, \u00f6ng\u00f6r\u00fclen hedefin, milleti ayr\u0131\u015ft\u0131rmak oldu\u011funu, ayr\u0131 millet \u00f6rg\u00fctlemek oldu\u011funu ve bu \u00f6rg\u00fctlenecek milletin, silahl\u0131 kuvvetler, g\u00fcvenlik, milli e\u011fitim dahil her alanda kendisini y\u00f6netme aray\u0131\u015f\u0131 i\u00e7inde oldu\u011funu bize g\u00f6stermi\u015ftir&#8221; dedi.<\/p>\n<p style=\"text-align: justify;\">&#8220;Bu \u00e7ok temel bir noktad\u0131r. &#8216;Apo eski Apo de\u011fil, PKK&#8217;n\u0131n talepleri de\u011fi\u015fti&#8217; s\u00f6ylemine dayal\u0131 olarak yarat\u0131lmak istenen atmosferin ger\u00e7ek\u00e7i olmad\u0131\u011f\u0131 \u00e7ok net g\u00f6r\u00fclm\u00fc\u015ft\u00fcr&#8221; diyen Baykal, &#8220;H\u00fck\u00fcmetin m\u00fczakere etmeye \u00e7al\u0131\u015ft\u0131\u011f\u0131 hangi muhatap olursa olsun ortaya \u00e7\u0131kacak olan proje milleti ayr\u0131\u015ft\u0131rma projesidir, bu g\u00f6r\u00fclm\u00fc\u015ft\u00fcr. Ya\u015fanan ter\u00f6r\u00fcn alt\u0131nda yatan ger\u00e7ek de ter\u00f6r\u00fcn hedefi de budur&#8221; ifadelerini kulland\u0131.<\/p>\n<p style=\"text-align: justify;\"><strong><em>&#8220;Ter\u00f6rle m\u00fccadele yerine m\u00fczakere&#8221; <\/em><\/strong><\/p>\n<p style=\"text-align: justify;\">H\u00fck\u00fcmetin ter\u00f6r kar\u015f\u0131s\u0131ndaki konumunun, son d\u00f6nemde a\u00e7\u0131k bi\u00e7imde ifade edilerek de\u011fi\u015fti\u011fini \u00f6ne s\u00fcren Baykal, T\u00fcrkiye&#8217;de y\u0131llard\u0131r h\u00fck\u00fcmetlerin amac\u0131n\u0131n, ter\u00f6rle m\u00fccadele etmek, etkisizle\u015ftirmek, tasfiye etmek oldu\u011funu, T\u00fcrkiye&#8217;nin y\u0131llarca bu anlay\u0131\u015fla y\u00f6netildi\u011fini dile getirdi.<\/p>\n<p style=\"text-align: justify;\">Ter\u00f6r kar\u015f\u0131s\u0131nda kararl\u0131 m\u00fccadelenin her zaman s\u00fcrd\u00fcr\u00fcld\u00fc\u011f\u00fcn\u00fc anlatan Baykal, &#8220;Ama \u015fimdi h\u00fck\u00fcmetin ve onun etkisi alt\u0131ndaki ortamlar\u0131n, \u00e7evrelerin ter\u00f6rle m\u00fccadele yerine, ter\u00f6rle m\u00fczakere platformuna ge\u00e7meye ba\u015flad\u0131klar\u0131n\u0131 g\u00f6r\u00fcyoruz. Bu ter\u00f6rle m\u00fczakereyi de \u00e7er\u00e7evesi belirsiz, herkesle g\u00f6r\u00fc\u015ferek, yayg\u0131n temaslarla y\u00fcr\u00fctmeye \u00e7al\u0131\u015fmaktad\u0131rlar&#8221; diye konu\u015ftu.<\/p>\n<p style=\"text-align: justify;\">&#8220;Hem ter\u00f6rle m\u00fczakere edildi\u011fini hem de ter\u00f6rle m\u00fczakerenin amac\u0131n\u0131n silahlar\u0131n b\u0131rak\u0131lmas\u0131 olmas\u0131 gerekmedi\u011finin s\u00f6ylendi\u011fini&#8221; belirten Baykal, iktidar partisi s\u00f6zc\u00fclerinin, &#8220;m\u00fczakere i\u00e7inde silahlar\u0131n b\u0131rak\u0131lmas\u0131 \u015fart de\u011fil&#8221; de\u011ferlendirmesi yapt\u0131klar\u0131n\u0131 s\u00f6yledi.<\/p>\n<p style=\"text-align: justify;\">CHP lideri Baykal, &#8220;Bu m\u00fczakerelerin amac\u0131 olarak analar\u0131n g\u00f6z ya\u015flar\u0131na son vermek de\u011fil mi? Bu ter\u00f6re son vermek, silahlar\u0131n b\u0131rak\u0131lmas\u0131n\u0131 sa\u011flamak demektir. \u015eimdi hem m\u00fczakereye ba\u015flayaca\u011f\u0131z hem de m\u00fczakere ederken silahlar\u0131n b\u0131rak\u0131lmas\u0131 \u015fart de\u011fil diyece\u011fiz, muhataplar\u0131n\u0131z hi\u00e7 bir \u015fekilde silahlar\u0131 b\u0131rakmay\u0131 \u00f6ng\u00f6rmediklerini a\u00e7\u0131k\u00e7a ilan edecekler ama siz yine de m\u00fczakereyi \u00f6nemseyip temaslar\u0131 s\u00fcrd\u00fcreceksiniz&#8230;&#8221; dedi.<\/p>\n<p style=\"text-align: justify;\">Deniz Baykal, &#8220;Bu temaslar\u0131n getirece\u011fi nokta ter\u00f6re son verilmesi de\u011fildir. Bu a\u00e7\u0131k\u00e7a ortaya \u00e7\u0131km\u0131\u015ft\u0131r. Hi\u00e7 kimse bunu ne m\u00fczakereyi yapan iktidar s\u00f6zc\u00fcleri, ne de m\u00fczakerenin muhatab\u0131 olan ter\u00f6r kurulu\u015flar\u0131n\u0131n hamileri, y\u00f6neticileri, kendileri b\u00f6yle bir ihtimali dile getirmemektedirler&#8221; diye konu\u015ftu.<\/p>\n<p style=\"text-align: justify;\"><strong><em>&#8220;T\u00fcrkiye&#8217;nin ger\u00e7e\u011fi&#8230;&#8221; <\/em><\/strong><\/p>\n<p style=\"text-align: justify;\">CHP Genel Ba\u015fkan\u0131 Deniz Baykal, &#8220;T\u00fcrkiye&#8217;de yap\u0131lmakta olan ve bir s\u00fcre sonra somut ad\u0131mlar\u0131n\u0131 g\u00f6rece\u011fimizi d\u00fc\u015f\u00fcnd\u00fc\u011f\u00fcm\u00fcz konu etnik kimliklere, belli bir etnik kimli\u011fe siyasi, milli bir kimlik kazand\u0131rmak giri\u015fimidir&#8221; dedi.<\/p>\n<p style=\"text-align: justify;\">Baykal, &#8220;M\u00fczakerenin amac\u0131: T\u00fcrkiye&#8217;de etnik kimliklere bir siyasal, milli kimlik kazand\u0131rma s\u00fcreci harekete ge\u00e7irmektir. M\u00fczakerenin amac\u0131, i\u00e7eri\u011fi ger\u00e7e\u011fi budur. T\u00fcrkiye&#8217;de yap\u0131lmakta olan ve bir s\u00fcre sonra somut ad\u0131mlar\u0131n\u0131 g\u00f6rece\u011fimizi d\u00fc\u015f\u00fcnd\u00fc\u011f\u00fcm\u00fcz konu etnik kimliklere, belli bir etnik kimli\u011fe siyasi, milli bir kimlik kazand\u0131rmak giri\u015fimidir&#8221; diye konu\u015ftu.<\/p>\n<p style=\"text-align: justify;\">Baykal, &#8220;Elbette bug\u00fcn T\u00fcrkiye&#8217;yi olu\u015fturan insanlar\u0131m\u0131z\u0131n birbirinden farkl\u0131 etnik kimliklere sahip olmas\u0131 \u00e7ok do\u011fald\u0131r. Bir imparatorlu\u011fun da\u011f\u0131lmas\u0131 sonucunda ortaya \u00e7\u0131kan bir milli devletiz. Bu devletin i\u00e7inde var olan insanlar\u0131n \u00e7ok do\u011fal olarak imparatorluk i\u00e7indeki de\u011fi\u015fik etnik kesimleri temsil ediyor olmas\u0131 o etnik kesimlere mensup olmas\u0131 \u00e7ok do\u011fald\u0131r. T\u00fcrkiye&#8217;de de durum b\u00f6yledir. Bizim birbirinden farkl\u0131 etnik kimliklere mensup insanlar olarak bir araya gelip bir milli devlet kurmu\u015f olmam\u0131z T\u00fcrkiye&#8217;nin bir ba\u015fka temel ger\u00e7e\u011fidir&#8221; diye konu\u015ftu.<\/p>\n<p style=\"text-align: justify;\">&#8220;Ve bu co\u011frafyan\u0131n bir k\u00fclt\u00fcr kimli\u011fi ve giderek bir siyasi kimli\u011fi haline d\u00f6n\u00fc\u015fm\u00fc\u015ft\u00fcr&#8221; diyen Baykal, &#8220;Osmanl\u0131 \u0130mparatorlu\u011fu, Sel\u00e7uklular d\u00f6nemlerinde dahi burada ya\u015fayan insanlara d\u0131\u015far\u0131dan bakanlar T\u00fcrkler demi\u015flerdir. Onlar T\u00fcrkler derken onu bir etnik kimlik olarak s\u00f6ylememi\u015flerdir. K\u00fcrtleri de dahil etmi\u015flerdir, \u00c7erkezleri de dahil etmi\u015flerdir, Abazalar\u0131 da dahil etmi\u015flerdir, G\u00fcrc\u00fcleri de dahil etmi\u015flerdir. Bu bizim milli kimli\u011fimizdir&#8221; ifadelerini kulland\u0131.<\/p>\n<p style=\"text-align: justify;\"><strong><em>&#8220;Milli kimli\u011fi ortadan kald\u0131rma giri\u015fimi&#8221;<\/em><\/strong><\/p>\n<p style=\"text-align: justify;\">Ba\u015fbakan Recep Tayyip Erdo\u011fan&#8217;\u0131n a\u011f\u0131r bir vebalinin oldu\u011funu savunan Baykal, &#8220;Ba\u015fbakan bu konuyu ya bilmeden ya da bilerek yanl\u0131\u015f bir bi\u00e7imde takip etmektedir. Her konu\u015fmas\u0131nda 30 k\u00fcsur tane etnik kimlik saymaktad\u0131r. Bir ayr\u0131\u015ft\u0131rma \u00e7abas\u0131n\u0131, bir etnik kimlik vurgulamas\u0131n\u0131 Ba\u015fbakan\u0131n a\u011fz\u0131ndan \u0131srarla dile getirmenin anlam\u0131, yarar\u0131 nedir? Ger\u00e7ekten anlamak \u00e7ok g\u00fc\u00e7t\u00fcr&#8221; dedi.<\/p>\n<p style=\"text-align: justify;\">&#8220;Elbette herkesin bir k\u00f6k\u00fc var, k\u00f6keni var, etnik kimli\u011fi var. Hepsi sayg\u0131de\u011fer, hi\u00e7 ku\u015fku yok. Ama buna bu kadar \u0131srarla vurgu yap\u0131lmas\u0131 yanl\u0131\u015ft\u0131r. Bu etnik kimliklerin \u00fczerinde bunlar\u0131n t\u00fcm\u00fcn\u00fc kavrayan b\u00fct\u00fcnle\u015ftiren kucaklayan bir milli kimlik vard\u0131r&#8221; diyen Baykal, &#8220;O milli kimli\u011fin ad\u0131n\u0131 Ba\u015fbakan bir t\u00fcrl\u00fc s\u00f6yleyemiyor. O milli kimli\u011fi g\u00f6rmemezlik geliyor. Elbette herkesin etnik kimli\u011fi mecburi de\u011fil ama olabilir. Bug\u00fcn kendisini T\u00fcrkiye Cumhuriyeti vatanda\u015f\u0131 olarak kabul eden insanlar\u0131m\u0131z\u0131n b\u00fcy\u00fck \u00e7o\u011funlu\u011fu kendisine bir etnik kimlik bulma mecburiyetini hi\u00e7bir \u015fekilde hissetmiyorlar. Zaten net bir etnik kimlik bulmak da giderek g\u00fc\u00e7le\u015fiyor. \u00c7\u00fcnk\u00fc anas\u0131 bir taraftan geliyor, babas\u0131 bir taraftan geliyor&#8221; \u015feklinde konu\u015ftu.<\/p>\n<p style=\"text-align: justify;\"><strong><em>&#8220;S\u00fcre\u00e7 s\u0131k\u0131nt\u0131 verici&#8221; <\/em><\/strong><\/p>\n<p style=\"text-align: justify;\">Baykal, &#8220;\u015eimdi yap\u0131lmak istenen T\u00fcrk milli kimli\u011fini yok sayarak, T\u00fcrkl\u00fc\u011f\u00fc de bir etnik kimli\u011fe indirgeyerek, sadece bir etnik kimlikmi\u015f gibi kabul ederek di\u011fer etnik kimliklerle ayn\u0131 \u00e7er\u00e7eveye \u00e7ekerek birilerinin milli kimlik aray\u0131\u015f\u0131n\u0131n \u00f6n\u00fcn\u00fc a\u00e7mak isteniyor&#8221; dedi.<\/p>\n<p style=\"text-align: justify;\">S\u00fcrecin fevkalade yanl\u0131\u015f ve s\u0131k\u0131nt\u0131 verici oldu\u011funu iddia eden Baykal, s\u00fcrecin en a\u011f\u0131r \u0131st\u0131rab\u0131n\u0131 ya\u015fayacak olanlar\u0131n da o etnik k\u00f6kene mensup olan insanlar olaca\u011f\u0131n\u0131 savundu.<\/p>\n<p style=\"text-align: justify;\">A\u00e7\u0131l\u0131m s\u00fcrecinde ayr\u0131\u015ft\u0131rmaya y\u00f6nelik olarak en iddial\u0131 projelerden birinin T\u00fcrk milli kimli\u011fini Anayasa&#8217;dan \u00e7\u0131karma projesinin oldu\u011funu iddia eden Baykal, ikinci temel noktan\u0131n etnik kimli\u011fi bir milli kimlik haline d\u00f6n\u00fc\u015ft\u00fcrmek i\u00e7in devleti belli bir etnik dili \u00f6\u011freten, yayg\u0131nla\u015ft\u0131ran bir konuma \u00e7ekmek oldu\u011funu \u00f6ne s\u00fcrd\u00fc.<\/p>\n<p style=\"text-align: justify;\">Baykal, &#8220;En hassas olunmas\u0131 gereken noktalar\u0131n ba\u015f\u0131nda bu gelmektedir. Muhtemelen bu s\u00fcrecin i\u00e7inde \u015fu projeler ortaya \u00e7\u0131kacakt\u0131r. Bir, \u00fcniversitelerde ana dilde e\u011fitim i\u00e7in k\u00fcrs\u00fc kural\u0131m. \u0130ki, okullarda milli e\u011fitime ba\u011fl\u0131 okullarda anadili \u00f6\u011fretelim, se\u00e7meli de olsa anadili \u00f6\u011fretelim. \u00dc\u00e7, ana dilde e\u011fitim yapal\u0131m. Yani tarihi, biyolojiyi, edebiyat\u0131 anadilde \u00f6\u011fretelim. Bu i\u015fte T\u00fcrkiye&#8217;yi ayr\u0131\u015ft\u0131rma projesidir. Bunu bir demokrasi projesi diye kabul ettirmek m\u00fcmk\u00fcn de\u011fildir&#8221; dedi.<\/p>\n<p style=\"text-align: justify;\">&#8220;Ne AB \u00fclkelerinde ne demokrasi \u00fclkelerinde etnik kimlikleri b\u00f6yle bir e\u011fitim s\u00fcreciyle ayr\u0131\u015ft\u0131rmay\u0131 \u00f6ng\u00f6ren bir d\u00fczen yoktur&#8221; diyen Baykal, ucu a\u00e7\u0131k s\u00fcrecin bir an \u00f6nce netle\u015fmesi gerekti\u011fini belirtti ve h\u00fck\u00fcmetin ne yapaca\u011f\u0131n\u0131 art\u0131k korkmadan, utanmadan a\u00e7\u0131k\u00e7a \u00e7\u0131k\u0131p ilan etmesi gerekti\u011fini kaydetti.<\/p>\n<p style=\"text-align: justify;\"><strong><em>&#8220;Tehlikeli bir te\u015febb\u00fcs&#8221; <\/em><\/strong><\/p>\n<p style=\"text-align: justify;\">Baykal, &#8220;demokratik a\u00e7\u0131l\u0131m&#8221; \u00e7al\u0131\u015fmalar\u0131yla ilgili, &#8220;Bunun bizim milli birli\u011fimizi, beraberli\u011fimizi, T\u00fcrkiye Cumhuriyeti&#8217;nin ortaya koydu\u011fu temel siyasi kimli\u011fi tahrip etmeye y\u00f6nelik tehlikeli bir te\u015febb\u00fcs oldu\u011fundan hi\u00e7 ku\u015fku duymuyorum&#8221; dedi.<\/p>\n<p style=\"text-align: justify;\">Baykal, Ba\u015fbakan Recep Tayyip Erdo\u011fan&#8217;\u0131n &#8220;susturmaya y\u00f6nelik bir \u00fcslup tercih etti\u011fini, hakaret ederek, k\u00fcfrederek y\u0131ld\u0131rmaya \u00e7al\u0131\u015ft\u0131\u011f\u0131n\u0131&#8221; savundu.<\/p>\n<p style=\"text-align: justify;\">&#8220;T\u00fcrkiye&#8217;nin \u00f6n\u00fcndeki bu projenin uzun s\u00fcreden beri uluslararas\u0131 ilgi ve katk\u0131yla \u015fekillendirildi\u011fini&#8221; iddia eden Baykal, bunun \u00e7ok a\u00e7\u0131k, yal\u0131n bir ger\u00e7ek oldu\u011funu s\u00f6yledi.<\/p>\n<p style=\"text-align: justify;\">Siyasette 2007 tarihli bir rapordan bahsedildi\u011fini, bir de 2009 tarihli bir rapor oldu\u011funu ifade eden Baykal, T\u00fcrkiye&#8217;nin bu konular\u0131na ili\u015fkin y\u00fcksek bir uluslararas\u0131 ilginin kendisini g\u00f6sterdi\u011fini anlatt\u0131.<\/p>\n<p style=\"text-align: justify;\">ABD&#8217;deki Atlantik Konseyi isimli kurulu\u015fun 13-15 Nisan 2009 tarihinde Washington&#8217;da yap\u0131lan toplant\u0131s\u0131n\u0131 hat\u0131rlatan Baykal, toplant\u0131ya, 14 T\u00fcrk ve Irakl\u0131 siyaset\u00e7inin de kat\u0131ld\u0131\u011f\u0131n\u0131 kaydetti.<\/p>\n<p style=\"text-align: justify;\">Toplant\u0131ya kat\u0131lanlar aras\u0131nda Norve\u00e7&#8217;in Washington B\u00fcy\u00fckel\u00e7isi&#8217;nin de bulundu\u011funa dikkati \u00e7eken Baykal, Norve\u00e7 h\u00fck\u00fcmetinin bu \u00e7al\u0131\u015fmalar\u0131n ger\u00e7ekle\u015fmesi i\u00e7in fon tahsisi etti\u011fini, \u00e7al\u0131\u015fmalar\u0131 finanse etti\u011fini savundu. Baykal, T\u00fcrkiye&#8217;den giden ki\u015filerin &#8220;Anayasa&#8217;daki T\u00fcrkl\u00fckle ilgili maddenin de\u011fi\u015ftirilmesine&#8221; y\u00f6nelik talep ortaya att\u0131klar\u0131n\u0131, maddenin T\u00fcrk temsilcilerinin \u0131srar\u0131 \u00fczerine rapora girdi\u011fini ileri s\u00fcrd\u00fc.<\/p>\n<p style=\"text-align: justify;\">Raporda, &#8220;PKK \u00fcyelerine kademeli af \u00e7\u0131kar\u0131lmas\u0131n\u0131n, DTP&#8217;li tutuklular\u0131n serbest b\u0131rak\u0131lmas\u0131n\u0131n, Anayasa&#8217;daki T\u00fcrk kelimesinin \u00e7\u0131kar\u0131lmas\u0131n\u0131n, T\u00fcrk Ceza Kanunu&#8217;nun \u00e7e\u015fitli maddelerinin kald\u0131r\u0131lmas\u0131n\u0131n&#8221; \u00f6nerildi\u011fini anlatan Baykal, &#8220;Yarg\u0131n\u0131n kat\u0131 ve hesap vermeyen niteli\u011fine son verilmesi talep edildi. Yarg\u0131n\u0131n hizaya getirilmesi istendi. O da h\u00fck\u00fcmetin bir projesidir. &#8216;Ankara \u00d6calan ile g\u00f6r\u00fc\u015fmeyi kabul etmeyebilir ama DTP&#8217;liler etkili bir muhatap olabilir, bu meseleyi \u00e7\u00f6zer&#8217; denildi. Bu \u00e7er\u00e7evede yeni d\u00fczenleme ve reformlar\u0131n yap\u0131lmas\u0131 istendi. Bu a\u00e7\u0131k ger\u00e7ek, bunun \u00f6rt\u00fclebilir, kamufle edilebilir bir taraf\u0131 yok&#8221; diye konu\u015ftu.<\/p>\n<p style=\"text-align: justify;\">T\u00fcrkiye&#8217;de d\u00fc\u011fmeye bas\u0131lm\u0131\u015fcas\u0131na bir ay \u00f6nce harekete ge\u00e7ilmesinin ve bu s\u00fcre i\u00e7inde \u0130\u00e7i\u015fleri Bakan\u0131 Be\u015fir Atalay&#8217;\u0131n &#8220;i\u015fini g\u00fcc\u00fcn\u00fc b\u0131rak\u0131p gece g\u00fcnd\u00fcz bu i\u015fle u\u011fra\u015fmaya y\u00f6nelmesinin&#8221; bir tesad\u00fcf olmad\u0131\u011f\u0131n\u0131 savunan Baykal, s\u00f6zlerini \u015f\u00f6yle s\u00fcrd\u00fcrd\u00fc:<\/p>\n<p style=\"text-align: justify;\">&#8220;Bunun alt\u0131nda hi\u00e7 ku\u015fku yok T\u00fcrkiye&#8217;ye y\u00f6nelik bir yol haritas\u0131n\u0131n uygulanmas\u0131 beklentisi vard\u0131r. H\u00fck\u00fcmet de buna girmi\u015ftir. Cumhurba\u015fkan\u0131&#8217;n\u0131n bahsetti\u011fi olay herhalde i\u015fte budur. &#8216;E\u011fer biz \u015fimdi kendimiz hareket ge\u00e7mezsek ba\u015f\u0131m\u0131za ba\u015fka i\u015fler a\u00e7\u0131l\u0131r&#8217; derken kastetti\u011fi herhalde budur. Bunun saklan\u0131r, gizlenir bir taraf\u0131 yoktur. Ba\u015fbakan \u00f6yle a\u011f\u0131r hakaretler, k\u00fcf\u00fcrler s\u00f6yleyerek bu ger\u00e7e\u011fin konu\u015fulmas\u0131n\u0131 engelleyemez. Olay\u0131n bu niteli\u011fi \u00e7ok a\u00e7\u0131kt\u0131r. Ba\u015fbakan&#8217;\u0131n tela\u015f\u0131ndan bu konunun \u00f6nemli ve hassas bir konu oldu\u011fu ortaya \u00e7\u0131km\u0131\u015ft\u0131r. Art\u0131k \u015funu \u00e7ok iyi bilmemiz laz\u0131md\u0131r; T\u00fcrkiye bu konuyu ba\u015fkalar\u0131n\u0131n y\u00f6nlendirmesinde ele al\u0131rsa bu T\u00fcrkiye&#8217;ye de b\u00f6lgeye de yarar getirmez. T\u00fcrkiye&#8217;de ya\u015fayan hi\u00e7bir kesime de yarar getirmez.<\/p>\n<p style=\"text-align: justify;\">Bunun somut \u00f6rneklerini \u00e7evremizde g\u00f6r\u00fcyoruz. Biz kendi ger\u00e7eklerimizi herkesten \u00e7ok daha iyi biliyoruz. Bu sorunlar\u0131m\u0131z\u0131n \u00e7\u00f6z\u00fclmesi i\u00e7in ne yap\u0131lmas\u0131 gerekti\u011fini de biliyoruz, o konuda \u00fczerimize d\u00fc\u015feni de elbette yap\u0131yoruz ve bundan sonra yapmaya da devam edece\u011fiz. \u015eu \u00e7ok iyi g\u00f6r\u00fclmelidir, T\u00fcrkiye her t\u00fcrl\u00fc telkini, bask\u0131y\u0131 g\u00f6\u011f\u00fcsleyerek bir yandan ter\u00f6rle m\u00fccadelesini en ciddi \u015fekilde g\u00f6t\u00fcrmelidir. \u00d6te yandan, toplum i\u00e7indeki ayr\u0131\u015fmalar\u0131 ileri g\u00f6t\u00fcrmek i\u00e7in de\u011fil, ortadan kald\u0131rmak i\u00e7in, ayr\u0131\u015fmalar\u0131 b\u00fct\u00fcnle\u015fmeye, kayna\u015fmaya d\u00f6n\u00fc\u015ft\u00fcrmek i\u00e7in \u00fczerine d\u00fc\u015fenleri yapmal\u0131d\u0131r.&#8221;<\/p>\n<p style=\"text-align: justify;\"><strong><em>&#8220;O zaman milli e\u011fitimin ba\u015f\u0131ndaki milliyi kald\u0131r\u0131n&#8221; <\/em><\/strong><\/p>\n<p style=\"text-align: justify;\">CHP&#8217;nin bu konuda \u00e7ok ciddi haz\u0131rl\u0131klar\u0131 oldu\u011funu, 20 y\u0131l \u00f6nce ilk kez kendilerinin &#8220;etnik kimliklere \u00f6zg\u00fcrl\u00fck&#8221; dediklerinin s\u00f6yleyen Baykal, o d\u00f6nemde etnik kimliklerin devlete bir tehdit olu\u015fturmad\u0131\u011f\u0131, olu\u015fturmamas\u0131 gerekti\u011fi anlay\u0131\u015f\u0131n\u0131 dile getirdiklerini belirtti.<\/p>\n<p style=\"text-align: justify;\">Bug\u00fcn de ayn\u0131 anlay\u0131\u015f i\u00e7inde olduklar\u0131n\u0131 kaydeden Baykal, partinin 1989 tarihli raporunun bug\u00fcn b\u00fcy\u00fck ilgi \u00e7ekti\u011fini ifade etti. &#8220;Ke\u015fke 89&#8217;da o rapor bug\u00fcnk\u00fc ilgiyle kar\u015f\u0131lansayd\u0131, gere\u011fi yerine getirilseydi de T\u00fcrkiye bu noktalara gelmeseydi&#8221; diyen Baykal, \u015fu anda bu konuda dile getirdikleri d\u00fc\u015f\u00fcnceler ile o rapordaki g\u00f6r\u00fc\u015fler aras\u0131nda hi\u00e7bir fark olmad\u0131\u011f\u0131n\u0131 vurgulad\u0131.<\/p>\n<p style=\"text-align: justify;\">Baykal, &#8220;(Devlet etnik kimlik k\u00f6r\u00fc olmal\u0131d\u0131r) demi\u015ftik. Bu anlay\u0131\u015f \u015fimdiki anlay\u0131\u015f\u0131m\u0131zd\u0131r da&#8221; dedi. T\u00fcrkiye&#8217;yi b\u00fct\u00fcnle\u015ftiren en temel kurumlar\u0131n ba\u015f\u0131nda milli e\u011fitimin geldi\u011fini s\u00f6yleyen Baykal, milli e\u011fitimin, birbirinden farkl\u0131 geleneksel \u00f6zelliklere sahip olan insanlar\u0131n ayn\u0131 e\u011fitim d\u00fczeni i\u00e7inde ulusal kimli\u011fi, birli\u011fi ortaya koymalar\u0131na yard\u0131mc\u0131 bir s\u00fcre\u00e7 oldu\u011funu s\u00f6yledi.<\/p>\n<p style=\"text-align: justify;\">Baykal, &#8220;Onun i\u00e7indir ki e\u011fitimin ba\u015f\u0131na milli s\u0131fat\u0131 eklenmi\u015ftir. Milli e\u011fitim o nedenle millidir. Ama \u015fimdi e\u011fer biz etnik kimlikleri esas alan, \u00f6zendiren, geli\u015ftirme amac\u0131yla e\u011fitim yapmaya y\u00f6nelirsek o zaman \u00f6nerim, derhal milli e\u011fitimin ba\u015f\u0131ndaki milliyi kald\u0131rmalar\u0131d\u0131r. Bu bir aldatmaca, yan\u0131ltmad\u0131r. Hem milli e\u011fitim diyeceksiniz hem etnik e\u011fitim yapacaks\u0131n\u0131z. Bu olamaz&#8221; diye konu\u015ftu.<\/p>\n<p style=\"text-align: justify;\"><strong><em>&#8220;Haritalar dola\u015f\u0131yor&#8221; <\/em><\/strong><\/p>\n<p style=\"text-align: justify;\">&#8220;CHP olarak biz hi\u00e7bir \u015fekilde b\u00f6yle bir ayr\u0131\u015fma s\u00fcrecinin par\u00e7as\u0131 olmay\u0131z. Hi\u00e7bir \u015fekilde bizi birbirimizden farkl\u0131la\u015ft\u0131racak, birbirimize kar\u015f\u0131 bir noktaya \u00e7ekecek bir geli\u015fmenin sorumlulu\u011funu \u00fcstlenmeyiz&#8221; diyen Baykal, H\u00fcrriyet gazetesi yazar\u0131 Y\u0131lmaz \u00d6zdil&#8217;in bir yaz\u0131s\u0131n\u0131 hat\u0131rlatt\u0131.<\/p>\n<p style=\"text-align: justify;\">\u00d6zdil&#8217;in &#8220;Bizi ter\u00f6r b\u00f6lemez, bizi b\u00f6lerse dil b\u00f6ler&#8221; dedi\u011fini an\u0131msatan Baykal, bunun \u00e7ok do\u011fru bir g\u00f6zlem oldu\u011funu ifade etti. Birilerinin bunu \u00e7ok iyi bilerek, T\u00fcrkiye&#8217;de dile \u00f6zg\u00fcrl\u00fck vermeye de\u011fil dili ayr\u0131\u015ft\u0131rmaya y\u00f6nelik ad\u0131mlar att\u0131\u011f\u0131n\u0131, bunun da demokrasi ve insan haklar\u0131 diye sunuldu\u011funu savunan Baykal, T\u00fcrkiye&#8217;yi ayr\u0131\u015ft\u0131rmaya y\u00f6nelindi\u011fini ileri s\u00fcrd\u00fc.<\/p>\n<p style=\"text-align: justify;\"><em><strong>Baykal, \u015f\u00f6yle konu\u015ftu: <\/strong><\/em><\/p>\n<p style=\"text-align: justify;\">&#8220;Pek \u00e7ok \u00e7evre &#8216;Nereden biliyorsun, bunlar\u0131n hi\u00e7birisi s\u00f6z konusu de\u011fildir&#8217; diyebilir. \u0130n\u015fallah s\u00f6z konusu de\u011fildir. \u0130n\u015fallah b\u00f6yle bir \u015fey s\u00f6z konusu de\u011fildir ama b\u00fct\u00fcn i\u015faretler bize bunlar\u0131n ciddiyetle s\u00f6z konusu oldu\u011funu, e\u011fer T\u00fcrkiye gerekli duyarl\u0131l\u0131\u011f\u0131, dikkati g\u00f6stermezse bu ayr\u0131\u015fma s\u00fcrecinin \u00e7ok a\u00e7\u0131k bir bi\u00e7imde harekete ge\u00e7ece\u011fini bize g\u00f6stermektedir. T\u00fcrkiye&#8217;yi ku\u015fatan d\u0131\u015f ortam, d\u0131\u015f \u00e7evre, d\u0131\u015f \u00e7evrenin \u015fu ana kadar izledi\u011fi politika, bug\u00fcn T\u00fcrkiye&#8217;ye y\u00f6nelik ya\u015fad\u0131\u011f\u0131m\u0131z olaylar birbirinden kopuk da olabilir ama her \u015feyi de birbirinden kopuk d\u00fc\u015f\u00fcnecek halimiz yok. Haritalar dola\u015f\u0131yor, en ciddi, en sorumlu olmas\u0131 gereken devlet kurumlar\u0131nda, resmi kurumlar\u0131nda haritalar dola\u015f\u0131yor, ayr\u0131\u015fma projeleri konu\u015fuluyor.&#8221;<\/p>\n<p style=\"text-align: justify;\">Gazetecilerin sorular\u0131n\u0131 yan\u0131tlad\u0131<\/p>\n<p style=\"text-align: justify;\">Baykal, &#8220;MGK&#8217;n\u0131n b\u00fct\u00fcn \u00fcyeleri bu s\u00fcre\u00e7ten (demokratik a\u00e7\u0131l\u0131m) ne \u00e7\u0131kaca\u011f\u0131n\u0131 biliyor mu? &#8216;Can\u0131m biz az\u0131nl\u0131ktay\u0131z, biz d\u00fc\u015f\u00fcncemizi s\u00f6yledik, kurul karar\u0131n\u0131 ald\u0131, ne yapal\u0131m b\u00f6yle \u00e7\u0131kt\u0131&#8217;. Bizi ilgilendiren bu anlay\u0131\u015ft\u0131r&#8221; dedi.<\/p>\n<p style=\"text-align: justify;\">Baykal, parti genel merkezinde d\u00fczenledi\u011fi bas\u0131n toplant\u0131s\u0131nda, a\u00e7\u0131klamas\u0131n\u0131n ard\u0131ndan gazetecilerin sorular\u0131n\u0131 yan\u0131tlad\u0131. Bir gazetecinin, &#8220;Siz konu\u015furken, ABD B\u00fcy\u00fckel\u00e7ili\u011fi&#8217;nden bir a\u00e7\u0131klama geldi. A\u00e7\u0131l\u0131ma ili\u015fkin projenin tamamen T\u00fcrkiye Cumhuriyeti projesi oldu\u011fu, kendileriyle ilgisi olmad\u0131\u011f\u0131 y\u00f6n\u00fcnde. Sizin de\u011ferlendirmeniz nedir?&#8221; sorusu \u00fczerine, Baykal, &#8220;Norve\u00e7 H\u00fck\u00fcmeti&#8217;nden de geldi mi b\u00f6yle bir a\u00e7\u0131klama? S\u00f6ylediklerim \u00e7ok a\u00e7\u0131k, net. B\u00f6yle yalanlamalarla ve tek tarafl\u0131 de\u011ferlendirmelerle bu konudaki ger\u00e7ekler \u00f6rtbas edilemez&#8221; dedi.<\/p>\n<p style=\"text-align: justify;\"><strong><em>&#8220;Resmi bir politika olmayabilir. Bunu elbette Say\u0131n B\u00fcy\u00fckel\u00e7inin ifade etme hakk\u0131 vard\u0131r&#8221; diyen Baykal, \u015f\u00f6yle devam etti: <\/em><\/strong><\/p>\n<p style=\"text-align: justify;\">&#8220;\u00c7ok uzun s\u00fcreden beri T\u00fcrkiye&#8217;nin bu konuda ne yapmas\u0131 gerekti\u011fi konusunda T\u00fcrk H\u00fck\u00fcmeti&#8217;nin aktif katk\u0131s\u0131yla Norve\u00e7 B\u00fcy\u00fckel\u00e7isi&#8217;nin kat\u0131l\u0131m\u0131yla diyorum size. ABD&#8217;nin, \u0130ngiltere&#8217;nin eski b\u00fcy\u00fckel\u00e7ilerinin kat\u0131l\u0131m\u0131yla Amerika&#8217;daki Atlantik Konsey&#8217;in d\u00fczenledi\u011fi toplant\u0131lar ve o toplant\u0131lar sonucunda \u00e7\u0131kan bir rapor. Bu raporun ne oldu\u011fu ortada. Bunun bir anlam\u0131 yok mu? Niye Cumhurba\u015fkan\u0131 birden bire \u00e7\u0131k\u0131p da &#8216;tarihi f\u0131rsat&#8217; dedi. &#8216;Tarihi mecburiyet&#8217; demek diye onu anlayacaks\u0131n\u0131z. &#8216;Hemen harekete ge\u00e7memiz laz\u0131m.&#8217; Ba\u015fbakan&#8217;a soruyorlar, &#8216;y\u0131lba\u015f\u0131na kadar zaman\u0131m\u0131z yok&#8217; diyor. Ne demek zaman\u0131n yok? 80 k\u00fcsur y\u0131l ge\u00e7mi\u015f \u015fimdi y\u0131lba\u015f\u0131na kadar zaman\u0131m\u0131z yokmu\u015f. Kimin takvimi bu? Bu konuda ya\u015fanan geli\u015fmeleri hepimiz \u00e7ok iyi hat\u0131rl\u0131yoruz. Elbette, uluslararas\u0131 bir ge\u00e7mi\u015fi vard\u0131r ve tart\u0131\u015fma g\u00f6t\u00fcrmez bir ger\u00e7ektir.&#8221;<\/p>\n<p style=\"text-align: justify;\">Baykal, &#8220;MGK, bu s\u00fcrece yay\u0131mlad\u0131\u011f\u0131 bildiriyle destek verdi\u011fini a\u00e7\u0131klad\u0131. Siz ise &#8216;vahim bir s\u00fcre\u00e7&#8217; dediniz. MGK&#8217;n\u0131n bu vahim s\u00fcrece destek verdi\u011fini s\u00f6yleyebilir miyiz?&#8221; sorusuna, &#8220;Bu konu, ayd\u0131nl\u0131\u011fa kavu\u015fturulmas\u0131 gereken bir konu. MGK tart\u0131\u015fmalar\u0131 gizlidir, orada kim ne s\u00f6yledi, bilmiyoruz. Bizi ilgilendiren yap\u0131lan resmi a\u00e7\u0131klamad\u0131r. Resmi a\u00e7\u0131klamada birilerinin MGK&#8217;da milli birlik ve b\u00fct\u00fcnl\u00fck konusunda \u0131srarl\u0131 vurgu yapt\u0131klar\u0131 anla\u015f\u0131l\u0131yor. Nitekim yap\u0131lan \u00e7al\u0131\u015fmalar\u0131, &#8216;milli birlik ve b\u00fct\u00fcnl\u00fc\u011f\u00fc peki\u015ftirme amac\u0131na y\u00f6nelik&#8217; diye niteliyor&#8221; yan\u0131t\u0131n\u0131 verdi.<\/p>\n<p style=\"text-align: justify;\"><strong><em>&#8220;Birisi yan\u0131l\u0131yor. Kim yan\u0131l\u0131yor?&#8221; <\/em><\/strong><\/p>\n<p style=\"text-align: justify;\">Baykal, &#8220;Say\u0131n Cumhurba\u015fkan\u0131 ayn\u0131 konuya ili\u015fkin g\u00f6r\u00fc\u015fme talebinde bulundu mu? MHP Genel Merkezi b\u00f6yle bir talebi reddetmi\u015fti&#8221; sorusuna, &#8220;B\u00f6yle bir yan\u0131t gelmedi. Ayn\u0131 tablo oras\u0131 i\u00e7in de s\u00f6ylediklerim ayn\u0131 \u015fekilde ge\u00e7erli&#8221; cevab\u0131n\u0131 verdi.<\/p>\n<p style=\"text-align: justify;\">Cumhurba\u015fkan\u0131 Abdullah G\u00fcl&#8217;\u00fcn MHP&#8217;yi ni\u00e7in arad\u0131\u011f\u0131n\u0131n kendisinin bilmesinin m\u00fcmk\u00fcn olmad\u0131\u011f\u0131n\u0131 anlatan Baykal, \u015funlar\u0131 kaydetti:<\/p>\n<p style=\"text-align: justify;\">&#8220;Bana \u00f6yle geliyor ki, &#8216;MGK&#8217;da askerler senin hassas oldu\u011fun noktalarda susmad\u0131lar. Onlar da gerekeni s\u00f6ylediler&#8217; demek i\u00e7in arad\u0131 galiba. Bunu ona s\u00f6yleme ihtiyac\u0131n\u0131 hissetmi\u015f olabilir. \u00c7\u00fcnk\u00fc, MGK&#8217;ya y\u00f6nelik ele\u015ftiriler b\u00f6yle bir ihtiyac\u0131 Cumhurba\u015fkan\u0131&#8217;n\u0131n g\u00f6z\u00fcnde yaratm\u0131\u015f olabilir. Ben, MGK \u00fcyelerinin bu konularda \u00e7ok do\u011fru d\u00fc\u015f\u00fcnceler s\u00f6ylemi\u015f olabilece\u011fini \u00f6ng\u00f6rebilirim. O nedenle bir su\u00e7lama yapm\u0131yorum ama bildirinin, kim ne s\u00f6ylemi\u015f olursa olsun, bu tehlikeli s\u00fcrece destek vermenin do\u011fru olmad\u0131\u011f\u0131n\u0131 ifade ediyorum. Bu sosyolojik, nereye varaca\u011f\u0131 hen\u00fcz bilinmeyen ya da s\u00f6ylenmeye cesaret edilemeyen bu s\u00fcrece pe\u015finden destek vermek bence yanl\u0131\u015f. MGK, b\u00f6yle bir sonu\u00e7 vermeyece\u011fini bilerek s\u00f6ylediyse mesele yok.<\/p>\n<p style=\"text-align: justify;\">MGK ile &#8216;Anayasa&#8217;y\u0131 de\u011fi\u015ftirelim&#8217; diyenler ayn\u0131 s\u00fcrecin par\u00e7as\u0131. Kim bu s\u00fcrece destek veriyor? Bir d\u00fc\u015f\u00fcn\u00fcn bakal\u0131m. Bu h\u00fck\u00fcmetin ba\u015flatt\u0131\u011f\u0131 a\u00e7\u0131l\u0131m\u0131n i\u00e7inde yer alanlar kimler? Her g\u00fcn o a\u00e7\u0131l\u0131m\u0131n i\u00e7inde yer alanlar hangi b\u00fcy\u00fck s\u00f6zleri s\u00f6yl\u00fcyorlar. Kimisi diyor ki, &#8216;T\u00fcrkl\u00fck maddesi \u00e7\u0131kar\u0131ls\u0131n, kimisi diyor ki &#8216;ana dil e\u011fitimi ba\u015flas\u0131n.&#8217; Onlar da destekliyor bu s\u00fcreci, MGK da&#8230; Birisi yan\u0131l\u0131yor. Kim yan\u0131l\u0131yor? Bu \u00e7eli\u015fkiyi de g\u00f6r\u00fcyorum \u00e7ok a\u00e7\u0131k \u015fekilde. \u0130sim vermek istemiyorum ben sayabilirim. Siz de sayabilirsiniz. &#8216;falan falan ki\u015filerle MGK birlikte bu s\u00fcreci destekliyorlar&#8217; Bu iyi \u015fey mi? Kim yan\u0131l\u0131yor? O ki\u015filer mi MGK m\u0131? &#8216;Can\u0131m, biz MGK olarak d\u00fc\u015f\u00fcncelerimizi, \u015fartlar\u0131m\u0131z\u0131 s\u00f6yledik.&#8217; Sen \u015fart\u0131n\u0131 s\u00f6yledin de o b\u00f6yle, bu b\u00f6yle anl\u0131yor. \u00c7\u00d6z\u00fcm derken sorun \u00e7\u0131kt\u0131. Yar\u0131n somutla\u015ft\u0131\u011f\u0131nda as\u0131l o zaman g\u00f6r\u00fcn siz tart\u0131\u015fmay\u0131.&#8221;<\/p>\n<p style=\"text-align: justify;\"><span style=\"color: #888888;\">CNN T\u00dcRK<\/span><\/p>\n","protected":false},"excerpt":{"rendered":"<\/p>\n<p style=\"text-align: justify;\">Ana muhalefet lideri Deniz Baykal&#8217;dan K\u00fcrt a\u00e7\u0131l\u0131m\u0131na destek veren Milli G\u00fcvenlik Kurulu&#8217;na sert ele\u015ftiri&#8230; Baykal, &#8220;MGK, s\u00fcrecin par\u00e7as\u0131 haline geldi&#8221; dedi. A\u00e7\u0131l\u0131m\u0131n i\u00e7 ve d\u0131\u015f boyutu oldu\u011funu iddia eden Baykal, &#8220;Bu ayr\u0131\u015fma s\u00fcrecinin par\u00e7as\u0131 olmay\u0131z&#8221; diye konu\u015ftu.<\/p>\n<p style=\"text-align: justify;\">Baykal, parti genel merkezinde d\u00fczenledi\u011fi bas\u0131n toplant\u0131s\u0131nda, son bas\u0131n toplant\u0131s\u0131n\u0131 d\u00fczenledi\u011finden bu yana <\/p>\n","protected":false},"author":1,"featured_media":0,"comment_status":"open","ping_status":"closed","sticky":false,"template":"","format":"standard","meta":{"footnotes":""},"categories":[105],"tags":[],"class_list":["post-15086","post","type-post","status-publish","format-standard","hentry","category-gundem","odd"],"_links":{"self":[{"href":"http:\/\/www.korhanyilmaz.com\/index.php?rest_route=\/wp\/v2\/posts\/15086","targetHints":{"allow":["GET"]}}],"collection":[{"href":"http:\/\/www.korhanyilmaz.com\/index.php?rest_route=\/wp\/v2\/posts"}],"about":[{"href":"http:\/\/www.korhanyilmaz.com\/index.php?rest_route=\/wp\/v2\/types\/post"}],"author":[{"embeddable":true,"href":"http:\/\/www.korhanyilmaz.com\/index.php?rest_route=\/wp\/v2\/users\/1"}],"replies":[{"embeddable":true,"href":"http:\/\/www.korhanyilmaz.com\/index.php?rest_route=%2Fwp%2Fv2%2Fcomments&post=15086"}],"version-history":[{"count":0,"href":"http:\/\/www.korhanyilmaz.com\/index.php?rest_route=\/wp\/v2\/posts\/15086\/revisions"}],"wp:attachment":[{"href":"http:\/\/www.korhanyilmaz.com\/index.php?rest_route=%2Fwp%2Fv2%2Fmedia&parent=15086"}],"wp:term":[{"taxonomy":"category","embeddable":true,"href":"http:\/\/www.korhanyilmaz.com\/index.php?rest_route=%2Fwp%2Fv2%2Fcategories&post=15086"},{"taxonomy":"post_tag","embeddable":true,"href":"http:\/\/www.korhanyilmaz.com\/index.php?rest_route=%2Fwp%2Fv2%2Ftags&post=15086"}],"curies":[{"name":"wp","href":"https:\/\/api.w.org\/{rel}","templated":true}]}}