{"id":150703,"date":"2025-05-26T13:55:58","date_gmt":"2025-05-26T10:55:58","guid":{"rendered":"http:\/\/www.korhanyilmaz.com\/?p=150703"},"modified":"2025-05-28T11:08:20","modified_gmt":"2025-05-28T08:08:20","slug":"aihm-sokaga-cikma-yasaklari-sirasinda-cizre-bodrumlarinda-yasananlara-dair-turkiyeden-savunma-istedi","status":"publish","type":"post","link":"http:\/\/www.korhanyilmaz.com\/?p=150703","title":{"rendered":"A\u0130HM, soka\u011fa \u00e7\u0131kma yasaklar\u0131 s\u0131ras\u0131nda Cizre bodrumlar\u0131nda ya\u015fananlara dair T\u00fcrkiye&#8217;den savunma istedi"},"content":{"rendered":"<p><a href=\"http:\/\/www.korhanyilmaz.com\/wp-content\/uploads\/2025\/05\/savunma-istedi-sner-1.png\"  class=\"lightview\"><img loading=\"lazy\" decoding=\"async\" class=\"aligncenter wp-image-150706\" src=\"http:\/\/www.korhanyilmaz.com\/wp-content\/uploads\/2025\/05\/savunma-istedi-sner-1.png\" alt=\"\" width=\"550\" height=\"309\" \/><\/a><\/p>\n<p style=\"text-align: justify;\">A\u0130HM, Cizre&#8217;de soka\u011fa \u00e7\u0131kma yasaklar\u0131 d\u00f6nemindeki hak ihlallerine dair yap\u0131lan ba\u015fvuru \u00fczerine T\u00fcrkiye&#8217;den savunma istedi.<br \/>\nArt\u0131 Ger\u00e7ek &#8211; \u015e\u0131rnak&#8217;\u0131n Cizre il\u00e7esinde 2015-16 y\u0131llar\u0131 aras\u0131nda ilan edilen soka\u011fa \u00e7\u0131kma yasaklar\u0131 d\u00f6neminde 137 ki\u015finin mahsur kald\u0131klar\u0131 3 binan\u0131n bodrum kat\u0131nda katledilmesi ve ya\u015fanan ihlallere dair 13 Kas\u0131m 2019 tarihinde Avrupa \u0130nsan Haklar\u0131 Mahkemesi&#8217;nde (A\u0130HM) duru\u015fma yap\u0131ld\u0131.<\/p>\n<p style=\"text-align: justify;\">A\u0130HM, kabul edilebilirlik ve esas \u00fczerinde g\u00f6r\u00fclen duru\u015fmaya dair karar\u0131n\u0131 daha a\u00e7\u0131klam\u0131\u015f ve davay\u0131 \u201ckabul edilemez\u201d bulmu\u015ftu. A\u0130HM karar\u0131nda, i\u00e7 hukuk yollar\u0131n\u0131n t\u00fcketilmedi\u011fine i\u015faret edilmi\u015fti.<!--more--><\/p>\n<p style=\"text-align: justify;\"><strong>A\u0130HM SAVUNMA \u0130STED\u0130<\/strong><\/p>\n<p style=\"text-align: justify;\">Avukatlar, bunun \u00fczerine Anayasa Mahkemesi&#8217;ne (AYM) ba\u015fvurdu. AYM&#8217;nin ret karar\u0131 \u00fczerine A\u0130HM&#8217;e yeni bir ba\u015fvuru yap\u0131ld\u0131. A\u0130HM, 22 May\u0131s&#8217;ta yapt\u0131\u011f\u0131 bildirimle T\u00fcrkiye&#8217;den savunma istedi.<\/p>\n<p style=\"text-align: justify;\"><span style=\"text-decoration: underline;\">Dosya avukatlar\u0131ndan Ramazan Demir, konuya dair \u015fu payla\u015f\u0131m\u0131 yapt\u0131<\/span>:<\/p>\n<p style=\"text-align: justify;\">&#8220;Soka\u011fa \u00e7\u0131kma yasaklar\u0131 ve Cizre bodrum dosyalar\u0131 yeniden A\u0130HM g\u00fcndeminde. A\u0130HM, 2019\u2019de verdi\u011fi karar ile AYM s\u00fcrecinin beklenmesine karar vermi\u015fti. AYM\u2019nin ret karar\u0131 \u00fczerine yeniden yapt\u0131\u011f\u0131m\u0131z ba\u015fvurularda A\u0130HM, 22 May\u0131s\u2019ta yapt\u0131\u011f\u0131 bildirimle h\u00fck\u00fcmetten tekrar savunma istedi.&#8221;<\/p>\n<p style=\"text-align: justify;\"><strong>YANIT BEKLEYEN SORULAR<\/strong><\/p>\n<p style=\"text-align: justify;\">A\u0130HM, T\u00fcrkiye&#8217;den \u015fu sorulara yan\u0131t istedi:<\/p>\n<p style=\"text-align: justify;\">&#8220;* Ba\u015fvurucular\u0131n yak\u0131nlar\u0131n\u0131n ya\u015fam hakk\u0131 Avrupa \u0130nsan Haklar\u0131 S\u00f6zle\u015fmesi&#8217;nin 2. maddesi kapsam\u0131nda, Cizre&#8217;de uygulanan soka\u011fa \u00e7\u0131kma yasaklar\u0131 s\u00fcrecinde y\u00fcr\u00fct\u00fclen askeri operasyonlar s\u0131ras\u0131nda devlet g\u00fc\u00e7lerinin g\u00fc\u00e7 kullan\u0131m\u0131 nedeniyle ihlal edilmi\u015f midir?<\/p>\n<p style=\"text-align: justify;\">* G\u00fcvenlik operasyonlar\u0131n\u0131 planlayan ve y\u00fcr\u00fcten yetkililer, sivillerin ya\u015fam\u0131n\u0131 korumak i\u00e7in gerekli \u00f6zeni g\u00f6stermi\u015f midir? \u00d6zellikle, sivillerin yo\u011fun \u015fekilde bulundu\u011fu b\u00f6lgelerde operasyonlar\u0131n ba\u015flat\u0131lmas\u0131 ve s\u00fcrd\u00fcr\u00fclmesi s\u0131ras\u0131nda sivil can kay\u0131plar\u0131n\u0131n \u00f6nlenmesi ad\u0131na gerekli tedbirler al\u0131nm\u0131\u015f m\u0131d\u0131r?<\/p>\n<p style=\"text-align: justify;\">* Devlet, ba\u015fvurucular\u0131n yak\u0131nlar\u0131n\u0131n ya\u015famlar\u0131n\u0131 koruma y\u00fck\u00fcml\u00fcl\u00fc\u011f\u00fc kapsam\u0131nda, yaral\u0131 ki\u015filere t\u0131bbi yard\u0131m\u0131n ula\u015ft\u0131r\u0131lmas\u0131n\u0131 sa\u011flamayarak -\u00f6zellikle bodrum katlar\u0131nda mahsur kalan yaral\u0131lara ambulans g\u00f6nderilmesini engelleyerek- S\u00f6zle\u015fme\u2019nin 2. maddesini ihlal etmi\u015f midir?<\/p>\n<p style=\"text-align: justify;\">* Devletin yetkili organlar\u0131n\u0131n, yard\u0131m \u00e7a\u011fr\u0131s\u0131nda bulunan ve hayatta olan ki\u015filerin bulunduklar\u0131 yerlerde uzun s\u00fcre yaral\u0131 \u015fekilde bekletildikten sonra ya\u015famlar\u0131n\u0131 yitirmesine ve baz\u0131 vakalarda bu ki\u015filerin bedenlerinin yak\u0131larak \u00f6ld\u00fcr\u00fclmesine yol a\u00e7acak \u015fekilde hareket etmesi, ya\u015fam hakk\u0131 bak\u0131m\u0131ndan devletin do\u011frudan sorumlulu\u011funu do\u011furmakta m\u0131d\u0131r?<\/p>\n<p style=\"text-align: justify;\">* Ya\u015fam hakk\u0131n\u0131n usule ili\u015fkin korunmas\u0131 ba\u011flam\u0131nda, Cizre&#8217;de ger\u00e7ekle\u015fen \u00f6l\u00fcmlerle ilgili olarak y\u00fcr\u00fct\u00fclen i\u00e7 hukuk soru\u015fturmalar\u0131, Avrupa \u0130nsan Haklar\u0131 S\u00f6zle\u015fmesi\u2019nin 2. maddesi kapsam\u0131nda gerekli etkinlik, tarafs\u0131zl\u0131k ve \u015feffafl\u0131k \u00f6l\u00e7\u00fctlerini kar\u015f\u0131lam\u0131\u015f m\u0131d\u0131r?<\/p>\n<p style=\"text-align: justify;\">* T\u00fcrk adli makamlar\u0131n\u0131n, ba\u015fvurucular\u0131n yak\u0131nlar\u0131n\u0131n \u00f6l\u00fcmlerine y\u00f6nelik tutumu, olaylarda devlet yetkililerinin sorumlulu\u011funu ortaya koymu\u015f mudur? Devletin bu olaylara dair i\u00e7 hukuktaki ya\u015fam hakk\u0131n\u0131 g\u00fcvence alt\u0131na alan d\u00fczenlemeleri etkili \u015fekilde uygulad\u0131\u011f\u0131 s\u00f6ylenebilir mi?<\/p>\n<p style=\"text-align: justify;\">* \u0130lgili soru\u015fturma ve yarg\u0131 s\u00fcre\u00e7leri -hem olaylar\u0131n ilk inceleme a\u015famas\u0131nda hem de Anayasa Mahkemesi a\u015famas\u0131nda- gerekli h\u0131zda, ciddiyetle ve tarafs\u0131zl\u0131kla y\u00fcr\u00fct\u00fclm\u00fc\u015f m\u00fcd\u00fcr?<\/p>\n<p style=\"text-align: justify;\">* Soru\u015fturmay\u0131 y\u00fcr\u00fcten savc\u0131l\u0131k makamlar\u0131, olay\u0131n ko\u015fullar\u0131n\u0131 ayd\u0131nlatmak ve t\u00fcm delilleri nesnel bi\u00e7imde de\u011ferlendirerek sorumlular\u0131 belirlemek ad\u0131na elindeki t\u00fcm olanaklar\u0131 yeterince kullanm\u0131\u015f m\u0131d\u0131r?<\/p>\n<p style=\"text-align: justify;\">* Y\u00fcr\u00fct\u00fclen soru\u015fturmalar, ba\u015fvurucular\u0131n olaylara dair me\u015fru menfaatlerini koruyacak \u00f6l\u00e7\u00fcde eri\u015filebilir olmu\u015f mudur?&#8221;<\/p>\n<p style=\"text-align: justify;\"><strong>NE OLMU\u015eTU?<\/strong><\/p>\n<p style=\"text-align: justify;\">\u015e\u0131rnak&#8217;\u0131n Cizre il\u00e7esinde 14 Aral\u0131k 2015 tarihinde ilan edilen 79 g\u00fcnl\u00fck soka\u011fa \u00e7\u0131kma yasa\u011f\u0131n\u0131n devam etti\u011fi 7 \u015eubat 2016&#8217;da, 137 ki\u015fi mahsur kald\u0131klar\u0131 3 binan\u0131n bodrum kat\u0131nda yak\u0131larak \u00f6ld\u00fcr\u00fclm\u00fc\u015ft\u00fc. Birle\u015fmi\u015f Milletler (BM) \u0130nsan Haklar\u0131 Y\u00fcksek Komiserli\u011fi, ya\u015fananlar i\u00e7in &#8220;K\u0131yamet benzeri bir tablo&#8221; tan\u0131mlamas\u0131 yapm\u0131\u015ft\u0131.<\/p>\n<p style=\"text-align: justify;\"><strong>BAZI CENAZELER HALA KAYIP<\/strong><\/p>\n<p style=\"text-align: justify;\">Kamuoyunda b\u00fcy\u00fck tepkiye neden olan ve bir\u00e7ok ki\u015finin s\u0131rf tedavi edilmediklerinden kaynakl\u0131 hayat\u0131n\u0131 kaybetti\u011fi bodrumlar\u0131n birincisinde 31, ikincisinde 62 ve \u00fc\u00e7\u00fcnc\u00fcs\u00fcnde 44 ki\u015fi can verdi. S\u00f6z konusu bodrumlarda hayat\u0131n\u0131 kaybedenler aras\u0131nda, Cizre Halk Meclisi E\u015fba\u015fkanlar\u0131 Mehmet Tun\u00e7 ve Asya Y\u00fcksel, gazeteci Rohat Akta\u015f, Demokratik B\u00f6lgeler Partisi (DBP) PM \u00fcyeleri, MKM sanat\u00e7\u0131lar\u0131, KJA \u00fcyeleri ve \u00e7ok say\u0131da \u00f6\u011frencinin yan\u0131 s\u0131ra \u00e7ocuklar da bulunuyordu.<\/p>\n<p style=\"text-align: justify;\">Bodrumlarda hayat\u0131n\u0131 kaybedenlerin baz\u0131lar\u0131n\u0131n cenazelerine halen ula\u015f\u0131lm\u0131\u015f de\u011fil.<\/p>\n<p style=\"text-align: justify;\"><strong>BODRUMLARIN \u00dcZER\u0130NE TOK\u0130 KONUTLARI YAPILDI<\/strong><\/p>\n<p style=\"text-align: justify;\">Olay\u0131n ya\u015fanmas\u0131n\u0131n ard\u0131ndan binalar y\u0131k\u0131larak, molozlarla doldurulan alanda Toplu Konut \u0130daresi (TOK\u0130) taraf\u0131ndan yeni konutlar in\u015fa edildi.<\/p>\n<p style=\"text-align: justify;\">T\u00fcm giri\u015fimlere ra\u011fmen \u00f6ld\u00fcr\u00fclen ki\u015filerin \u00f6l\u00fcmlerine ili\u015fkin ba\u015flat\u0131lan soru\u015fturmalar\u0131n bir\u00e7o\u011fu hakk\u0131nda &#8220;takipsizlik&#8221; karar\u0131 verildi. &#8220;\u00d6rg\u00fct \u00fcyesi&#8221; iddias\u0131yla verilen kararlar\u0131n bir\u00e7o\u011funda, \u00f6l\u00fcmler &#8220;hukuka uygun&#8221; kabul edildi.<\/p>\n<p style=\"text-align: justify;\">Avukatlar, ya\u015fanan \u00f6l\u00fcmlere dair A\u0130HM&#8217;e ba\u015fvurdu.<\/p>\n<p style=\"text-align: justify;\">A\u0130HM, 13 Kas\u0131m 2019 tarihinde duru\u015fma yapt\u0131. A\u0130HM, kabul edilebilirlik ve esas \u00fczerinde g\u00f6r\u00fclen duru\u015fmaya dair karar\u0131n\u0131 daha sonra a\u00e7\u0131klayarak, davay\u0131 \u201ckabul edilemez\u201d buldu. A\u0130HM, Avrupa \u0130nsan Haklar\u0131 S\u00f6zle\u015fmesi&#8217;nin (A\u0130HS) 35&#8217;inci Maddesi kapsam\u0131nda i\u00e7 hukuk yolunun t\u00fcketilmedi\u011fini ileri s\u00fcrd\u00fc.<\/p>\n<p style=\"text-align: justify;\">Mahkeme, Anayasa Mahkemesi (AYM) s\u00fcrecinin t\u00fcketilmedi\u011fi gerek\u00e7esiyle kabul edilemezlik karar\u0131 verdi.<\/p>\n<p style=\"text-align: justify;\">Avukatlar, bunun \u00fczerine AYM&#8217;ye ba\u015fvurdu. (MA)<\/p>\n<p><span style=\"color: #808080;\">Kaynak : <a href=\"https:\/\/artigercek.com\/guncel\/aihm-sokaga-cikma-yasaklari-sirasinda-cizre-bodrumlarinda-yasananlara-dair-turkiyeden-savunma-istedi-336644h\" target=\"_blank\" rel=\"noopener\">artigercek.com<\/a><\/span><\/p>\n","protected":false},"excerpt":{"rendered":"<\/p>\n<p style=\"text-align: justify;\">A\u0130HM, Cizre&#8217;de soka\u011fa \u00e7\u0131kma yasaklar\u0131 d\u00f6nemindeki hak ihlallerine dair yap\u0131lan ba\u015fvuru \u00fczerine T\u00fcrkiye&#8217;den savunma istedi. Art\u0131 Ger\u00e7ek &#8211; \u015e\u0131rnak&#8217;\u0131n Cizre il\u00e7esinde 2015-16 y\u0131llar\u0131 aras\u0131nda ilan edilen soka\u011fa \u00e7\u0131kma yasaklar\u0131 d\u00f6neminde 137 ki\u015finin mahsur kald\u0131klar\u0131 3 binan\u0131n bodrum kat\u0131nda katledilmesi ve ya\u015fanan ihlallere dair 13 Kas\u0131m 2019 tarihinde Avrupa \u0130nsan Haklar\u0131 Mahkemesi&#8217;nde (A\u0130HM) <\/p>\n","protected":false},"author":1,"featured_media":0,"comment_status":"open","ping_status":"open","sticky":false,"template":"","format":"standard","meta":{"footnotes":""},"categories":[105],"tags":[242,3155,1643,7358,7363,877,7361,4395,7360,7359,7362,7357,746],"class_list":["post-150703","post","type-post","status-publish","format-standard","hentry","category-gundem","tag-aihm","tag-anayasa-mahkemesi-aym","tag-avrupa-insan-haklari-sozlesmesi","tag-basvuru","tag-bodrumlarda-hayatini-kaybedenler","tag-cizre","tag-guc-kullanimi","tag-hak-ihlalleri","tag-ramazan-demir","tag-savunma","tag-sivil-can-kayiplari","tag-sokaga-cikma-yasaklari-donemi","tag-turkiye","odd"],"_links":{"self":[{"href":"http:\/\/www.korhanyilmaz.com\/index.php?rest_route=\/wp\/v2\/posts\/150703","targetHints":{"allow":["GET"]}}],"collection":[{"href":"http:\/\/www.korhanyilmaz.com\/index.php?rest_route=\/wp\/v2\/posts"}],"about":[{"href":"http:\/\/www.korhanyilmaz.com\/index.php?rest_route=\/wp\/v2\/types\/post"}],"author":[{"embeddable":true,"href":"http:\/\/www.korhanyilmaz.com\/index.php?rest_route=\/wp\/v2\/users\/1"}],"replies":[{"embeddable":true,"href":"http:\/\/www.korhanyilmaz.com\/index.php?rest_route=%2Fwp%2Fv2%2Fcomments&post=150703"}],"version-history":[{"count":0,"href":"http:\/\/www.korhanyilmaz.com\/index.php?rest_route=\/wp\/v2\/posts\/150703\/revisions"}],"wp:attachment":[{"href":"http:\/\/www.korhanyilmaz.com\/index.php?rest_route=%2Fwp%2Fv2%2Fmedia&parent=150703"}],"wp:term":[{"taxonomy":"category","embeddable":true,"href":"http:\/\/www.korhanyilmaz.com\/index.php?rest_route=%2Fwp%2Fv2%2Fcategories&post=150703"},{"taxonomy":"post_tag","embeddable":true,"href":"http:\/\/www.korhanyilmaz.com\/index.php?rest_route=%2Fwp%2Fv2%2Ftags&post=150703"}],"curies":[{"name":"wp","href":"https:\/\/api.w.org\/{rel}","templated":true}]}}