{"id":15061,"date":"2009-09-26T18:46:13","date_gmt":"2009-09-26T15:46:13","guid":{"rendered":"http:\/\/www.korhanyilmaz.com\/?p=15061"},"modified":"2009-09-26T18:46:13","modified_gmt":"2009-09-26T15:46:13","slug":"amca-garipoglu-isyan-etti-ailemiz-linc-ediliyor","status":"publish","type":"post","link":"http:\/\/www.korhanyilmaz.com\/?p=15061","title":{"rendered":"Amca Garipo\u011flu isyan etti: &#039;&#039;Ailemiz lin\u00e7 ediliyor&#039;&#039;"},"content":{"rendered":"<p><a href=\"http:\/\/www.korhanyilmaz.com\/wp-content\/uploads\/2009\/09\/GAR\u0130POGLU.jpg\"  class=\"lightview\"><img loading=\"lazy\" decoding=\"async\" class=\"aligncenter size-full wp-image-15062\" src=\"http:\/\/www.korhanyilmaz.com\/wp-content\/uploads\/2009\/09\/GAR\u0130POGLU.jpg\" alt=\"\" width=\"292\" height=\"201\" \/><\/a><\/p>\n<p style=\"text-align: justify;\">&#8220;M\u00fcnevver Karabulut&#8221; cinayeti zanl\u0131s\u0131 Cem Garipo\u011flu&#8217;nun amcas\u0131 i\u015fadam\u0131 Hayyam Garipo\u011flu, savc\u0131l\u0131k sorgusunun ard\u0131ndan tutuklama istemiyle sevkedildi\u011fi mahkeme taraf\u0131ndan serbest b\u0131rak\u0131ld\u0131. Hayyam Garipo\u011flu adliye \u00e7\u0131k\u0131\u015f\u0131nda yapt\u0131\u011f\u0131 a\u00e7\u0131klamada, &#8220;7 ayd\u0131r ailemiz lin\u00e7 ediliyor&#8221; s\u00f6zleriyle isyan etti.<\/p>\n<p style=\"text-align: justify;\">Soru\u015fturmay\u0131 y\u00fcr\u00fcten Cumhuriyet Savc\u0131s\u0131 Faruk Er\u015fen Y\u0131lmaz&#8217;\u0131n tutuklanmas\u0131 istemiyle \u0130stanbul N\u00f6bet\u00e7i 4. Asliye Ceza Mahkemesi&#8217;ne g\u00f6nderdi\u011fi Garipo\u011flu, burada yeniden yap\u0131lan sorgusunun ard\u0131ndan su\u00e7un mahiyeti ve delil durumu dikkate al\u0131narak, tutuksuz yarg\u0131lanmak \u00fczere sal\u0131verildi.<!--more--><\/p>\n<p style=\"text-align: justify;\">Serbest b\u0131rak\u0131ld\u0131ktan sonra Sultanahmet&#8217;teki \u0130stanbul Adalet Saray\u0131&#8217;ndan \u00e7\u0131kan Garipo\u011flu, kendisini bekleyen bas\u0131n mensuplar\u0131na yapt\u0131\u011f\u0131 a\u00e7\u0131klamada, farkl\u0131 bir su\u00e7lamayla buraya geldi\u011fini ve kamuoyunun g\u00fcndemine gelen bu olayla ilgisi olmad\u0131\u011f\u0131 i\u00e7in serbest kald\u0131\u011f\u0131n\u0131 belirtti.<\/p>\n<p style=\"text-align: justify;\">Garipo\u011flu, &#8220;Ben adalete, hukuka inanan bir insan\u0131m. Burada yine Allah&#8217;a \u015f\u00fck\u00fcr ki adalet ve hukuk ger\u00e7ekle\u015fmi\u015ftir&#8221; dedi.<\/p>\n<p style=\"text-align: justify;\">Bir gazetecinin cinayet s\u00fcrecinde ilgin\u00e7 olaylar ya\u015fand\u0131\u011f\u0131n\u0131 s\u00f6ylemesi \u00fczerine Garipo\u011flu, &#8220;Bu olay\u0131n neresi ilgin\u00e7? Bir ki\u015fi bu cinayeti i\u015flemi\u015f, \u00e7ok k\u00f6t\u00fc bir \u015fey yapm\u0131\u015f ve sonra kendisi gelmi\u015f teslim olmu\u015f. \u015eimdi cezas\u0131n\u0131 \u00e7ekecek. Bu olay\u0131n ilgin\u00e7li\u011fi, gizemlili\u011fi nerede?&#8221; \u015feklinde konu\u015ftu.<\/p>\n<p style=\"text-align: justify;\">Garipo\u011flu, &#8220;Emniyette, i\u015f adam\u0131 oldu\u011fu i\u00e7in kendisine komplo yap\u0131ld\u0131\u011f\u0131&#8221; \u015feklinde verdi\u011fi ifadesinin hat\u0131rlat\u0131lmas\u0131 \u00fczerine de &#8220;Bizim bir s\u00fcr\u00fc rakiplerimiz var. Bunlardan biri taraf\u0131ndan organize edilmi\u015f olabilir, dedim&#8221; yan\u0131t\u0131n\u0131 verdi.<\/p>\n<p style=\"text-align: justify;\">Olayla ilgili herkesin varsay\u0131mlarla konu\u015ftu\u011funu belirten Garipo\u011flu,cinayet g\u00fcn\u00fc evinde oldu\u011funu ve bu konuda \u015fahitlerinin de bulundu\u011funu ifade etti. Garipo\u011flu, Cem Garipo\u011flu&#8217;nun babas\u0131 N.G&#8217;nin de haks\u0131z bir \u015fekilde hapiste oldu\u011funu ancak en k\u0131sa s\u00fcrede cezaevinden \u00e7\u0131kaca\u011f\u0131na inand\u0131\u011f\u0131n\u0131 kaydetti.<\/p>\n<p style=\"text-align: justify;\"><strong><em>&#8220;B\u00fct\u00fcn ailemiz lin\u00e7 ediliyor&#8221; <\/em><\/strong><\/p>\n<p style=\"text-align: justify;\">Bas\u0131n mensuplar\u0131n\u0131n &#8220;S\u00fcrekli yeni isimlerden bahsediliyor, cinayetin arka bah\u00e7esinden bahsediliyor, bu konuda ne diyeceksiniz?&#8221; sorusuna kar\u015f\u0131l\u0131k \u015funlar\u0131 s\u00f6yledi: &#8220;Biri cinayeti i\u015fler ve o yakalan\u0131p cezaevine at\u0131l\u0131rsa ondan sonra arka bah\u00e7esi ne olabilir? \u00c7ok k\u00f6t\u00fc bir \u015fey, Allah kimsenin ba\u015f\u0131na vermesin. \u00c7ok \u00fczg\u00fcn\u00fcz. Bir de \u015f\u00f6yle d\u00fc\u015f\u00fcn\u00fcn; 7 ayd\u0131r medya taraf\u0131ndan ailemiz lin\u00e7 ediliyor. T\u00fcm ailemiz, \u00e7ocuklar\u0131m\u0131z, annem, babam, b\u00fct\u00fcn ailemiz&#8230; Hepimiz sanki su\u00e7luyuz. Bunu biz \u00f6ld\u00fcrmedik, bunu bu \u00e7ocu\u011fun ailesi de \u00f6ld\u00fcrmedi. Art\u0131k \u00e7ocuk da demeyeyim koca adam&#8230; Bu olay\u0131 birisi i\u015fledi ve cezas\u0131n\u0131 \u00e7eksin. Bunu b\u00fct\u00fcn T\u00fcrkiye&#8217;nin istedi\u011fi gibi evvela biz istiyoruz. Su\u00e7 i\u015fleyen herkes mutlaka cezas\u0131n\u0131 \u00e7eksin. Bu, ailemize, i\u015f yerimize, \u00e7al\u0131\u015fan\u0131m\u0131za ba\u011flanmas\u0131n. Art\u0131k yeter, herkes elini vicdan\u0131na koysun.&#8221;<\/p>\n<p style=\"text-align: justify;\">Kendisinin &#8220;olay incelenmesin&#8221; ya da olayla ilgili &#8220;kimse yakalanmas\u0131n&#8221; demedi\u011fini aktaran Garipo\u011flu, ancak d\u00fcnyada da medyan\u0131n 7 ay boyunca bir cinayeti g\u00fcndemde tuttu\u011funa \u015fahit olmad\u0131\u011f\u0131n\u0131 bildirdi.<\/p>\n<p style=\"text-align: justify;\">Garipo\u011flu ailesinin avukat\u0131 Aytekin Kaya da yapt\u0131\u011f\u0131 a\u00e7\u0131klamada, soru\u015fturma makam\u0131n\u0131n Garipo\u011flu&#8217;nu tutuklanmas\u0131 talebiyle n\u00f6bet\u00e7i mahkemeye sevk etti\u011fini belirterek, &#8220;Say\u0131n mahkeme, su\u00e7un vasf\u0131 ve mahiyeti, delil durumu ve de sabit ikametgah sahibi olmas\u0131n\u0131 dikkate alarak tutuklanma talebini reddetti&#8221; dedi. Avukat Kaya, &#8220;Garipo\u011flu hakk\u0131nda yurt d\u0131\u015f\u0131na \u00e7\u0131k\u0131\u015f yasa\u011f\u0131 olup olmad\u0131\u011f\u0131n\u0131n&#8221; sorulmas\u0131 \u00fczerine de herhangi bir kontrol ya da tedbirin konulmad\u0131\u011f\u0131n\u0131 s\u00f6yledi.<\/p>\n<p style=\"text-align: justify;\"><strong><em>Niye g\u00f6zalt\u0131na al\u0131nd\u0131? <\/em><\/strong><\/p>\n<p style=\"text-align: justify;\">\u015eof\u00f6r Ahmet Batur, d\u00fcn, ifadesinde Cem Garipo\u011flu&#8217;nu bir s\u00fcre sakland\u0131\u011f\u0131 Beylikd\u00fcz\u00fc&#8217;ndeki evden babas\u0131 Mehmet Nida Garipo\u011flu ile Hayyam Garipo\u011flu g\u00f6t\u00fcrd\u00fc\u011f\u00fcn\u00fc iddia etti.<\/p>\n<p style=\"text-align: justify;\">Batur&#8217;un iddias\u0131 \u00fczerine savc\u0131l\u0131\u011f\u0131n talimat\u0131 ile Hayyam Garipo\u011flu d\u00fcn ak\u015fam saatlerinde g\u00f6zalt\u0131na al\u0131nd\u0131.<\/p>\n<p style=\"text-align: justify;\">Garipo\u011flu&#8217;nun polisteki ifadesinde, Cem Garipo\u011flu&#8217;nu Beylikd\u00fcz\u00fc&#8217;ndeki evden ald\u0131\u011f\u0131 y\u00f6n\u00fcndeki iddialar\u0131 kabul etmedi\u011fi \u00f6\u011frenildi.<\/p>\n<p style=\"text-align: justify;\">Hayyam Garipo\u011flu sorgusunun tamamlanmas\u0131n\u0131n ard\u0131ndan Sultanahmet Adliyesi&#8217;ne getirildi.<\/p>\n<p style=\"text-align: justify;\">&#8220;Cem Garibo\u011flu&#8217;nu siz mi ka\u00e7\u0131rd\u0131n\u0131z?&#8221; sorusu<\/p>\n<p style=\"text-align: justify;\">Elleri kelep\u00e7eli olan Garipo\u011flu, bas\u0131n mensuplar\u0131n\u0131n &#8220;Cem Garibo\u011flu&#8217;nu siz mi ka\u00e7\u0131rd\u0131n\u0131z?&#8221; \u015feklindeki sorusuna, &#8220;Hay\u0131r. Deli misiniz ben niye ka\u00e7\u0131ray\u0131m?&#8221; kar\u015f\u0131l\u0131\u011f\u0131n\u0131 verdi.<\/p>\n<p style=\"text-align: justify;\"><strong><em>Serbest b\u0131rak\u0131ld\u0131 <\/em><\/strong><\/p>\n<p style=\"text-align: justify;\">Sultanahmet&#8217;teki \u0130stanbul Adalet Saray\u0131&#8217;nda soru\u015fturmay\u0131 y\u00fcr\u00fcten Cumhuriyet Savc\u0131s\u0131 Faruk Er\u015fen Y\u0131lmaz taraf\u0131ndan yakla\u015f\u0131k 1,5 saat s\u00fcreyle sorgulanan Garipo\u011flu, tutuklanmas\u0131 istemiyle n\u00f6bet\u00e7i mahkemeye g\u00f6nderildi.<\/p>\n<p style=\"text-align: justify;\">\u0130\u015fadam\u0131 Hayyam Garipo\u011flu, su\u00e7un mahiyeti ve delil durumu dikkate al\u0131narak mahkeme taraf\u0131ndan serbest b\u0131rak\u0131ld\u0131.<\/p>\n<p style=\"text-align: justify;\"><span style=\"color: #888888;\">CNN T\u00dcRK<\/span><\/p>\n","protected":false},"excerpt":{"rendered":"<\/p>\n<p style=\"text-align: justify;\">&#8220;M\u00fcnevver Karabulut&#8221; cinayeti zanl\u0131s\u0131 Cem Garipo\u011flu&#8217;nun amcas\u0131 i\u015fadam\u0131 Hayyam Garipo\u011flu, savc\u0131l\u0131k sorgusunun ard\u0131ndan tutuklama istemiyle sevkedildi\u011fi mahkeme taraf\u0131ndan serbest b\u0131rak\u0131ld\u0131. Hayyam Garipo\u011flu adliye \u00e7\u0131k\u0131\u015f\u0131nda yapt\u0131\u011f\u0131 a\u00e7\u0131klamada, &#8220;7 ayd\u0131r ailemiz lin\u00e7 ediliyor&#8221; s\u00f6zleriyle isyan etti.<\/p>\n<p style=\"text-align: justify;\">Soru\u015fturmay\u0131 y\u00fcr\u00fcten Cumhuriyet Savc\u0131s\u0131 Faruk Er\u015fen Y\u0131lmaz&#8217;\u0131n tutuklanmas\u0131 istemiyle \u0130stanbul N\u00f6bet\u00e7i 4. Asliye Ceza Mahkemesi&#8217;ne g\u00f6nderdi\u011fi <\/p>\n","protected":false},"author":1,"featured_media":0,"comment_status":"open","ping_status":"closed","sticky":false,"template":"","format":"standard","meta":{"footnotes":""},"categories":[105],"tags":[],"class_list":["post-15061","post","type-post","status-publish","format-standard","hentry","category-gundem","odd"],"_links":{"self":[{"href":"http:\/\/www.korhanyilmaz.com\/index.php?rest_route=\/wp\/v2\/posts\/15061","targetHints":{"allow":["GET"]}}],"collection":[{"href":"http:\/\/www.korhanyilmaz.com\/index.php?rest_route=\/wp\/v2\/posts"}],"about":[{"href":"http:\/\/www.korhanyilmaz.com\/index.php?rest_route=\/wp\/v2\/types\/post"}],"author":[{"embeddable":true,"href":"http:\/\/www.korhanyilmaz.com\/index.php?rest_route=\/wp\/v2\/users\/1"}],"replies":[{"embeddable":true,"href":"http:\/\/www.korhanyilmaz.com\/index.php?rest_route=%2Fwp%2Fv2%2Fcomments&post=15061"}],"version-history":[{"count":0,"href":"http:\/\/www.korhanyilmaz.com\/index.php?rest_route=\/wp\/v2\/posts\/15061\/revisions"}],"wp:attachment":[{"href":"http:\/\/www.korhanyilmaz.com\/index.php?rest_route=%2Fwp%2Fv2%2Fmedia&parent=15061"}],"wp:term":[{"taxonomy":"category","embeddable":true,"href":"http:\/\/www.korhanyilmaz.com\/index.php?rest_route=%2Fwp%2Fv2%2Fcategories&post=15061"},{"taxonomy":"post_tag","embeddable":true,"href":"http:\/\/www.korhanyilmaz.com\/index.php?rest_route=%2Fwp%2Fv2%2Ftags&post=15061"}],"curies":[{"name":"wp","href":"https:\/\/api.w.org\/{rel}","templated":true}]}}