{"id":15057,"date":"2009-09-27T07:27:05","date_gmt":"2009-09-27T04:27:05","guid":{"rendered":"http:\/\/www.korhanyilmaz.com\/?p=15057"},"modified":"2009-09-27T07:27:05","modified_gmt":"2009-09-27T04:27:05","slug":"7-cadde-referandumu-bugun-yapilacak","status":"publish","type":"post","link":"http:\/\/www.korhanyilmaz.com\/?p=15057","title":{"rendered":"7. Cadde referandumu bug\u00fcn yap\u0131lacak"},"content":{"rendered":"<p><a href=\"http:\/\/www.korhanyilmaz.com\/wp-content\/uploads\/2009\/09\/MEL\u0130H.jpg\"  class=\"lightview\"><img loading=\"lazy\" decoding=\"async\" class=\"aligncenter size-full wp-image-15058\" src=\"http:\/\/www.korhanyilmaz.com\/wp-content\/uploads\/2009\/09\/MEL\u0130H.jpg\" alt=\"\" width=\"292\" height=\"190\" \/><\/a><\/p>\n<p style=\"text-align: justify;\">\u0130\u00e7ki sat\u0131\u015f\u0131 yap\u0131l\u0131p yap\u0131lmas\u0131n tart\u0131\u015fmas\u0131yla g\u00fcndeme gelen 7. Cadde referandumu bug\u00fcn. Ankara Bah\u00e7elievler&#8217;deki 7. Cadde sakinleri bug\u00fcn sand\u0131k ba\u015f\u0131na gidecek. 7. Caddeliler i\u00e7ki sat\u0131\u015f\u0131 ile ilgili maddenin \u00e7\u0131kar\u0131ld\u0131\u011f\u0131 referandumda, 12 soruya yan\u0131t verecek.<\/p>\n<p style=\"text-align: justify;\">12 sorudan olu\u015fan ankete, 7. Cadde ile ba\u011flant\u0131l\u0131 22 sokakta oturan 2 bin 745 ev ve i\u015f yeri sahibi kat\u0131lacak.<\/p>\n<p style=\"text-align: justify;\">Ankara B\u00fcy\u00fck\u015fehir Belediyesinden yap\u0131lan yaz\u0131l\u0131 a\u00e7\u0131klamaya g\u00f6re, anket, bug\u00fcn 10.00-17.00 saatleri aras\u0131nda 7. Cadde&#8217;nin giri\u015findeki akaryak\u0131t istasyonunun kar\u015f\u0131s\u0131ndaki geni\u015f alanda yap\u0131lacak. <!--more--><\/p>\n<p style=\"text-align: justify;\">Daha \u00f6nce kendilerine da\u011f\u0131t\u0131lan anket formlar\u0131n\u0131 doldurarak sand\u0131klara atabilecek vatanda\u015flar, isterlerse anket arac\u0131nda oylar\u0131n\u0131 bilgisayar ortam\u0131nda da kullanabilecekler.<\/p>\n<p style=\"text-align: justify;\"><strong><em>Ankette yer alan sorular <\/em><\/strong><\/p>\n<p style=\"text-align: justify;\">Ankara B\u00fcy\u00fck\u015fehir Belediyesi taraf\u0131ndan yap\u0131lacak anket \u00e7al\u0131\u015fmas\u0131nda vatanda\u015flara sorulacak sorular \u015f\u00f6yle:<\/p>\n<p style=\"text-align: justify;\"><strong>1-<\/strong> Bah\u00e7elievler A\u015fkabat Caddesi (7. Cadde) trafi\u011fe kapat\u0131larak yaya b\u00f6lgesi haline getirilsin mi?<\/p>\n<p style=\"text-align: justify;\"><strong>2-<\/strong> Bah\u00e7elievler 7. Cadde trafi\u011fi i\u00e7in a\u015fa\u011f\u0131daki \u015fartlardan en uygun olan\u0131 sizce hangisidir? (Ara\u00e7 trafi\u011fine kapan\u0131\u015f saatleri)<\/p>\n<p style=\"text-align: justify;\"><strong>3-<\/strong> Binan\u0131z\u0131n \u00f6zel ara\u00e7 park yeri var m\u0131?<\/p>\n<p style=\"text-align: justify;\"><strong>4-<\/strong> Bah\u00e7elievler 7. Cadde trafi\u011fe kapat\u0131l\u0131rsa, 7. Cadde&#8217;yi dik kesen 7. (eski 27.) Sokak, 61. (eski 29.) Sokak, 69. (eski 17.) Sokak ve 54. (eski 6.) Cadde&#8217;den devaml\u0131 trafik ak\u0131\u015f\u0131na h\u0131z bariyeri konulmak suretiyle izin verilsin mi?<\/p>\n<p style=\"text-align: justify;\"><strong>5-<\/strong> Bah\u00e7elievler 7. Cadde trafi\u011fe kapat\u0131l\u0131rsa, Cadde&#8217;ye bir nostalji treni konulsun ister misiniz?<\/p>\n<p style=\"text-align: justify;\"><strong>6-<\/strong> Bah\u00e7elievler 7. Cadde trafi\u011fe kapat\u0131l\u0131rsa, Cadde&#8217;de yeni bir peyzaj d\u00fczenlemesi yap\u0131lmal\u0131 m\u0131?<\/p>\n<p style=\"text-align: justify;\"><strong>7-<\/strong> 7. Cadde trafi\u011fe kapat\u0131l\u0131rsa ayd\u0131nlatma yo\u011fun mu olmal\u0131, yoksa lo\u015f bir \u0131\u015f\u0131k sistemi mi gerekli?<\/p>\n<p style=\"text-align: justify;\"><strong>8-<\/strong> 7. Cadde&#8217;de m\u00fczik yay\u0131n\u0131 olmal\u0131 m\u0131?<\/p>\n<p style=\"text-align: justify;\"><strong>9-<\/strong> 7. Cadde trafi\u011fe kapat\u0131l\u0131rsa B\u00fcy\u00fck\u015fehir Belediyesi hafta sonu caddede de\u011fi\u015fik etkinlikler yapmal\u0131 m\u0131?<\/p>\n<p style=\"text-align: justify;\"><strong>10- <\/strong>Bah\u00e7elievler 7. Cadde trafi\u011fe kapat\u0131l\u0131rsa caddeye konulacak banklar\u0131n say\u0131s\u0131 \u00e7o\u011falt\u0131lmal\u0131 m\u0131?<\/p>\n<p style=\"text-align: justify;\"><strong>11-<\/strong> Bah\u00e7elievler 7. Cadde&#8217;nin trafi\u011fe kapat\u0131lmas\u0131 projesi kapsam\u0131nda, tekrar ele al\u0131nacak olan G\u00f6kku\u015fa\u011f\u0131 Rekreasyon Alan\u0131&#8217;n\u0131n ne \u015fekilde de\u011ferlendirilmesini istersiniz? &#8211; \u00d6\u011frencilere y\u00f6nelik bilimsel kitap sat\u0131\u015f yeri &#8211; Ressamlar ve heykelt\u0131ra\u015flar i\u00e7in sanat soka\u011f\u0131 &#8211; El\u00e7iliklerin \u00fclkelerini tan\u0131taca\u011f\u0131 bir sat\u0131\u015f alan\u0131 &#8211; Ayakkab\u0131c\u0131lar \u00e7ar\u015f\u0131s\u0131 &#8211; Elektronik\u00e7iler \u00e7ar\u015f\u0131s\u0131 &#8211; Hi\u00e7biri<\/p>\n<p style=\"text-align: justify;\"><strong>12- <\/strong>G\u00f6kku\u015fa\u011f\u0131 Rekreasyon Alan\u0131 i\u00e7in sizin ba\u015fka bir \u00f6neriniz var m\u0131?<\/p>\n<p style=\"text-align: justify;\"><strong><em>&#8220;\u0130\u00e7kili b\u00f6lge&#8221; sorusu<\/em><\/strong><\/p>\n<p style=\"text-align: justify;\">Ankara B\u00fcy\u00fck\u015fehir Belediyesi referandumda, &#8220;7. Cadde&#8217;nin i\u00e7kili b\u00f6lge ilan edilip edilmemesini&#8221; de soracakt\u0131. Ancak gelen tepkiler \u00fczerine belediye geri ad\u0131m atm\u0131\u015f ve tart\u0131\u015fma yaratan soru anketten \u00e7\u0131kar\u0131lm\u0131\u015ft\u0131.<\/p>\n<p style=\"text-align: justify;\"><span style=\"color: #888888;\">CNN T\u00dcRK<\/span><\/p>\n","protected":false},"excerpt":{"rendered":"<\/p>\n<p style=\"text-align: justify;\">\u0130\u00e7ki sat\u0131\u015f\u0131 yap\u0131l\u0131p yap\u0131lmas\u0131n tart\u0131\u015fmas\u0131yla g\u00fcndeme gelen 7. Cadde referandumu bug\u00fcn. Ankara Bah\u00e7elievler&#8217;deki 7. Cadde sakinleri bug\u00fcn sand\u0131k ba\u015f\u0131na gidecek. 7. Caddeliler i\u00e7ki sat\u0131\u015f\u0131 ile ilgili maddenin \u00e7\u0131kar\u0131ld\u0131\u011f\u0131 referandumda, 12 soruya yan\u0131t verecek.<\/p>\n<p style=\"text-align: justify;\">12 sorudan olu\u015fan ankete, 7. Cadde ile ba\u011flant\u0131l\u0131 22 sokakta oturan 2 bin 745 ev ve i\u015f <\/p>\n","protected":false},"author":1,"featured_media":0,"comment_status":"open","ping_status":"closed","sticky":false,"template":"","format":"standard","meta":{"footnotes":""},"categories":[105],"tags":[],"class_list":["post-15057","post","type-post","status-publish","format-standard","hentry","category-gundem","odd"],"_links":{"self":[{"href":"http:\/\/www.korhanyilmaz.com\/index.php?rest_route=\/wp\/v2\/posts\/15057","targetHints":{"allow":["GET"]}}],"collection":[{"href":"http:\/\/www.korhanyilmaz.com\/index.php?rest_route=\/wp\/v2\/posts"}],"about":[{"href":"http:\/\/www.korhanyilmaz.com\/index.php?rest_route=\/wp\/v2\/types\/post"}],"author":[{"embeddable":true,"href":"http:\/\/www.korhanyilmaz.com\/index.php?rest_route=\/wp\/v2\/users\/1"}],"replies":[{"embeddable":true,"href":"http:\/\/www.korhanyilmaz.com\/index.php?rest_route=%2Fwp%2Fv2%2Fcomments&post=15057"}],"version-history":[{"count":0,"href":"http:\/\/www.korhanyilmaz.com\/index.php?rest_route=\/wp\/v2\/posts\/15057\/revisions"}],"wp:attachment":[{"href":"http:\/\/www.korhanyilmaz.com\/index.php?rest_route=%2Fwp%2Fv2%2Fmedia&parent=15057"}],"wp:term":[{"taxonomy":"category","embeddable":true,"href":"http:\/\/www.korhanyilmaz.com\/index.php?rest_route=%2Fwp%2Fv2%2Fcategories&post=15057"},{"taxonomy":"post_tag","embeddable":true,"href":"http:\/\/www.korhanyilmaz.com\/index.php?rest_route=%2Fwp%2Fv2%2Ftags&post=15057"}],"curies":[{"name":"wp","href":"https:\/\/api.w.org\/{rel}","templated":true}]}}