{"id":15053,"date":"2009-09-27T09:18:45","date_gmt":"2009-09-27T06:18:45","guid":{"rendered":"http:\/\/www.korhanyilmaz.com\/?p=15053"},"modified":"2009-09-27T09:18:45","modified_gmt":"2009-09-27T06:18:45","slug":"erdogan-tezkere-meclise-gelecek","status":"publish","type":"post","link":"http:\/\/www.korhanyilmaz.com\/?p=15053","title":{"rendered":"Erdo\u011fan: &#8221; Tezkere Meclis&#8217;e gelecek &#8221;"},"content":{"rendered":"<p style=\"text-align: center;\"><a href=\"http:\/\/www.korhanyilmaz.com\/wp-content\/uploads\/2009\/09\/tezkere.jpg\"  class=\"lightview\"><img loading=\"lazy\" decoding=\"async\" class=\"aligncenter size-full wp-image-15054\" src=\"http:\/\/www.korhanyilmaz.com\/wp-content\/uploads\/2009\/09\/tezkere.jpg\" alt=\"\" width=\"307\" height=\"236\" \/><\/a><\/p>\n<p style=\"text-align: justify;\">Ba\u015fbakan Recep Rayyip Erdo\u011fan, ABD ziyareti s\u00fcresince k\u00fcrt a\u00e7\u0131l\u0131m\u0131 konusunda \u00f6nemli mesajlar verdi. &#8220;Demokratik ad\u0131mlardan asla vazge\u00e7meyece\u011fiz&#8221; diye konu\u015fan Erdo\u011fan, 17 Ekim&#8217;de s\u00fcresi dolacak s\u0131n\u0131r \u00f6tesi operasyon tezkeresinin 1 y\u0131l daha uzat\u0131lmas\u0131ndan yana olduklar\u0131n\u0131 s\u00f6yledi. Sal\u0131 g\u00fcn\u00fc toplanacak Bakanlar Kurulu&#8217;nda konunun g\u00f6r\u00fc\u015f\u00fclece\u011fini ve hemen Meclis&#8217;e sevk edilece\u011fini belirtti.<\/p>\n<p style=\"text-align: justify;\">Ba\u015fbakan Erdo\u011fan, ABD temaslar\u0131yla ilgili olarak The Plaza Oteli&#8217;nde d\u00fczenledi\u011fi bas\u0131n toplant\u0131s\u0131nda bas\u0131n mensuplar\u0131n\u0131n sorular\u0131n\u0131 yan\u0131tlad\u0131. <!--more--><\/p>\n<p style=\"text-align: justify;\"><em><strong>TEZKERE <\/strong><\/em><\/p>\n<p style=\"text-align: justify;\">Erdo\u011fan, h\u00fck\u00fcmete s\u0131n\u0131r \u00f6tesi operasyon i\u00e7in yetki verilmesini \u00f6ng\u00f6ren tezkere ile ilgili sorulan soruya da &#8220;ilk Bakanlar Kurulu Toplant\u0131s\u0131nda tezkere konusunu g\u00f6r\u00fc\u015f\u00fcp hemen Parlamento&#8217;ya sevk edece\u011fiz. Bu konuda gazetelerde \u00e7\u0131kan olumsuz haberler kesinlikle yanl\u0131\u015ft\u0131r. Biz tekrar bir y\u0131l daha uzat\u0131lmas\u0131ndan yanay\u0131z. Bunuda bilmenizi istiyoruz&#8221; yan\u0131t\u0131n\u0131 verdi.<\/p>\n<p style=\"text-align: justify;\"><strong><em>OBAMA \u0130LE G\u00d6R\u00dc\u015eME <\/em><\/strong><\/p>\n<p style=\"text-align: justify;\">Erdo\u011fan, &#8220;ABD Ba\u015fkan\u0131 Obama ile yapt\u0131\u011f\u0131n\u0131z g\u00f6r\u00fc\u015fmede neler konu\u015fuldu? Demokratik a\u00e7\u0131l\u0131m g\u00fcndeme geldi mi?&#8221; sorusuna &#8220;Aral\u0131k ay\u0131nda ger\u00e7ekle\u015ftirece\u011fimiz g\u00f6r\u00fc\u015fmenin g\u00fcndemini \u015fimdiden konu\u015fursak o \u00e7ok erken olur, do\u011fru da olmaz. \u00d6zellikle Say\u0131n Obama ile yapt\u0131\u011f\u0131m\u0131z g\u00f6r\u00fc\u015fmede Ermenistan&#8217;la ilgili devam eden g\u00f6r\u00fc\u015fmelerle ilgili k\u0131sa bir kar\u015f\u0131l\u0131kl\u0131 de\u011ferlendirmemiz oldu. B\u00f6lgesel konular\u0131, ba\u015fta Ortado\u011fu olmak \u00fczere g\u00f6r\u00fc\u015fme imkan\u0131m\u0131z oldu&#8221; yan\u0131t\u0131n\u0131 verdi.<\/p>\n<p style=\"text-align: justify;\">Ba\u015fbakan, &#8220;Bunlar\u0131n i\u00e7inde Irak, malum en \u00f6nemli konu. Bir di\u011fer konu; bundan \u00f6nceki h\u00fck\u00fcmetle m\u00fc\u015fterek bir karar\u0131m\u0131z olmu\u015ftu. Ter\u00f6r \u00f6rg\u00fct\u00fcne kar\u015f\u0131 bir karar\u0131m\u0131z olmu\u015ftu. Ter\u00f6r \u00f6rg\u00fct\u00fcne kar\u015f\u0131 ortak d\u00fc\u015fman ilan etme olay\u0131 ve bu s\u00fcrecin devam\u0131na y\u00f6nelik g\u00f6r\u00fc\u015fmelerimiz olmu\u015ftu. Ayn\u0131 \u015fekilde Ermenistan ile ili\u015fkiler noktas\u0131nda, az\u0131nl\u0131klar da bunun i\u00e7inde&#8221; diye konu\u015ftu.<\/p>\n<p style=\"text-align: justify;\">Erdo\u011fan ayr\u0131ca, &#8220;Buna y\u00f6nelik olarak bir fikir al\u0131\u015fveri\u015fimiz de oldu. Bundan sonraki s\u00fcrece y\u00f6nelik olarak da a\u011f\u0131rl\u0131kl\u0131 olarak T\u00fcrkiye-ABD ili\u015fkilerinde \u00f6zellikle bulundu\u011fumuz b\u00f6lgede, T\u00fcrkiye&#8217;nin \u00fczerindeki y\u00fck\u00fcn her zaman i\u00e7in \u00e7ok daha a\u011f\u0131r oldu\u011fu ortada. Bu konularda da \u00f6zellikle Filistin-\u0130srail aras\u0131ndaki sorunlarda Irak, Suriye aras\u0131ndaki s\u0131k\u0131nt\u0131lar da rol alabilece\u011fimiz ortada. Bunlar\u0131 da kendilerine ifade ettik. A\u011f\u0131rl\u0131kl\u0131 olarak g\u00f6r\u00fc\u015fme bu \u00e7er\u00e7evede gitti&#8221; dedi.<\/p>\n<p style=\"text-align: justify;\"><strong><em>\u0130RAN&#8217;IN N\u00dcKLEER \u00c7ALI\u015eMALARI <\/em><\/strong><\/p>\n<p style=\"text-align: justify;\">Ba\u015fbakan Erdo\u011fan, &#8220;\u0130ran&#8217;\u0131n n\u00fckleer \u00e7al\u0131\u015fmalar\u0131yla ilgili bir arabuluculuk teklifi oldu mu?&#8221; sorusu \u00fczerine &#8220;\u015eu ana kadar bize herhangi bir teklif s\u00f6z konusu de\u011fil. Ancak 1 Ekim&#8217;de Solana ile ayn\u0131 \u015fekilde \u0130ran&#8217;dan Celili, bir araya gelme durumlar\u0131 var. Bu konuyla ilgili yine T\u00fcrkiye&#8217;nin giri\u015fimiyle bu bir araya geli\u015f ger\u00e7ekle\u015fti. \u015eimdi bir araya gelecekler ve bu bir araya gelme konusunda at\u0131lan bir ad\u0131m var. Bundan sonraki s\u00fcre\u00e7te T\u00fcrkiye&#8217;den herhangi bir \u015fey talep edilirse bu konuyla ilgili biz her zaman haz\u0131r\u0131z diyoruz. Bunu s\u00f6yl\u00fcyoruz&#8221; dedi.<\/p>\n<p style=\"text-align: justify;\">&#8220;Benim Ekim ay\u0131 i\u00e7inde, sonuna do\u011fru bir Tahran seyahatim s\u00f6z konusu&#8230; Bu seyahatte de b\u00f6lgenin sorunlar\u0131n\u0131 m\u00fczakere edece\u011fimiz gibi bunlar\u0131 da g\u00f6r\u00fc\u015fece\u011fiz. Say\u0131n Ahmedinejad&#8217;\u0131n yapt\u0131\u011f\u0131 a\u00e7\u0131klamalar bir n\u00fckleer silaha y\u00f6nelik de\u011fil, bar\u0131\u015f\u00e7\u0131l ama\u00e7l\u0131 zenginle\u015ftirmeye y\u00f6nelik. Ve bunun da Uluslararas\u0131 Atom Enerjisi Kurumu&#8217;na bildirildi\u011fi y\u00f6n\u00fcnde a\u00e7\u0131klamalar\u0131 var&#8221; diyen Erdo\u011fan, &#8220;Bunlar da b\u00fct\u00fcn ortadayken, d\u00fcnya bunu nas\u0131l de\u011ferlendirir bilemem ama dedi\u011finiz gibi, bak\u0131yorum, uluslararas\u0131 medya s\u00fcrekli \u0130ran&#8217;\u0131 bu konuda konu\u015fuyor. Asl\u0131nda \u00e7ok daha farkl\u0131 konu\u015fulacak konular var diye de d\u00fc\u015f\u00fcn\u00fcyorum. \u00c7\u00fcnk\u00fc konu\u015fanlar hepside kendilerinde n\u00fckleer silah olanlar. Biz Ortado\u011fu&#8217;da n\u00fckleer silaha tamamen kar\u015f\u0131y\u0131z&#8221; \u015feklinde konu\u015ftu.<\/p>\n<p style=\"text-align: justify;\">Erdo\u011fan, &#8220;\u0130stemiyoruz b\u00f6yle bir \u015feyi. Ortado\u011fu&#8217;da da n\u00fckleer silah\u0131 olan \u00fclke var, \u00f6rne\u011fin \u0130srail. Bir fark var, \u0130srail IAEA&#8217;ya \u00fcye de\u011fil, \u0130ran \u00fcye&#8230; Kald\u0131 ki Gazze&#8217;de fosfor bombalar\u0131 kullan\u0131ld\u0131. Bu ne? Kitle imha silah\u0131. Bunun neticesinde 1400 kad\u0131n, \u00e7ocuk orada \u00f6ld\u00fc, 5000 yaral\u0131. Bunlar hi\u00e7 masaya gelmiyor. Bunlarla ilgili haz\u0131rlanm\u0131\u015f raporlar varsa bunlar g\u00fcndeme gelmiyor. \u015eahsen, sorumluluk mevkinde olan bir insan olarak rahats\u0131z ediyor. Ni\u00e7in bunlar masada yok, ni\u00e7in bunlar konu\u015fulmuyor? Yat\u0131yoruz kalk\u0131yoruz \u0130ran&#8230; Yani daha adil olmam\u0131z laz\u0131m. D\u00fcr\u00fcst davranmam\u0131z laz\u0131m. E\u011fer k\u00fcresel bar\u0131\u015f\u0131 istiyorsak&#8221; ifadelerini kulland\u0131.<\/p>\n<p style=\"text-align: justify;\"><strong><em>&#8220;\u0130ran n\u00fckleer tesislerine sald\u0131rma konusu var m\u0131?&#8221; <\/em><\/strong><\/p>\n<p style=\"text-align: justify;\">Erdo\u011fan, bas\u0131n toplant\u0131s\u0131nda bu s\u0131ralar ABD medyas\u0131nda g\u00fcndemde olan &#8220;\u0130ran&#8217;\u0131n n\u00fckleer tesislerine sald\u0131rmak gibi bir konunun g\u00fcndemde olup olmayaca\u011f\u0131na, &#8220;\u0130ran&#8217;a kar\u015f\u0131 b\u00f6yle bir \u00e7\u0131lg\u0131nl\u0131\u011f\u0131n&#8221; yap\u0131l\u0131p yap\u0131lmayaca\u011f\u0131na y\u00f6nelik bir soru \u00fczerine de, &#8220;Biz b\u00f6yle bir \u015feyi b\u00f6lgede temenni etmeyiz, yani bu \u00e7ok \u00e7ok yanl\u0131\u015f bir \u015fey olur, yani bundan bu \u00e7\u0131lg\u0131nl\u0131\u011fa te\u015febb\u00fcs edenler salt olarak zarar g\u00f6rmez. Bak\u0131n Irak&#8217;la ilgili s\u00fcreci ya\u015f\u0131yoruz, bunun bize ders olmas\u0131 laz\u0131m, yani \u015fimdi sormak gerekir, kendi kendimize soral\u0131m yani Irak&#8217;ta neyi hallettik: \u015eu anda bir \u00fclke bir medeniyet bana g\u00f6re \u00e7\u00f6kt\u00fc, milyonu a\u015fk\u0131n insan \u00f6ld\u00fc&#8221; dedi.<\/p>\n<p style=\"text-align: justify;\">&#8220;\u015eimdi asl\u0131nda bir Irak medeniyeti Irak&#8217;taki bu medeniyeti yeniden in\u015fa etmek acaba bizim ka\u00e7 y\u0131l\u0131m\u0131z\u0131 al\u0131r, veya yeniden in\u015fa edebilir miyiz, veya oradaki medeniyet art\u0131k \u00e7\u00f6ken medeniyetler aras\u0131nda m\u0131 yer al\u0131r. ABD&#8217;nin belki de finans krizinin i\u00e7erisinde Irak&#8217;taki yapt\u0131\u011f\u0131 harcamalar ona neden olmu\u015f olabilir, tabii bilemiyoruz resmi rakam nedir, ne kadar para harcanm\u0131\u015ft\u0131r? ABD&#8217;nin de orada kay\u0131plar\u0131 var, ha nedir Saddam rejimi y\u0131k\u0131lm\u0131\u015ft\u0131r olan budur&#8221; diyen Erdo\u011fan, &#8220;\u015eimdi yeni bir demokratik d\u00fczenin kurulmas\u0131na y\u00f6nelik \u00e7al\u0131\u015fmalar yap\u0131l\u0131yor, temennimiz odur ki toprak b\u00fct\u00fcnl\u00fc\u011f\u00fcne sayg\u0131l\u0131 bir yap\u0131 orada meydana gelsin. Ama daha bu bir yere oturmadan b\u00f6yle bir \u015feyi \u00e7\u00f6zemeyen D\u00fcnya \u015fimdi \u0130ran \u00fczerinde devaml\u0131 b\u00f6yle bir \u015feyi d\u00fc\u015f\u00fcn\u00fcyor, tek bahanesi n\u00fckleer silah. Tamam da bu n\u00fckleer silah\u0131n bulundu\u011fu ba\u015fka \u00fclkeler var, niye bunlar konu\u015fulmuyor, bunlar\u0131n da konu\u015fulmas\u0131 laz\u0131m&#8221; diye konu\u015ftu.<\/p>\n<p style=\"text-align: justify;\">Erdo\u011fan, &#8220;Yani burada bir haks\u0131zl\u0131k var gibi geliyor bana, hepsi konu\u015fulsun ve kimde varsa n\u00fckleer silah hepsi bu konuyla ilgili ad\u0131mlar\u0131n\u0131 ats\u0131n. \u00c7\u00fcnk\u00fc bir \u015feyin tesirinin olabilmesi i\u00e7in \u00f6nce onu kendinizin yapmamas\u0131 laz\u0131m, e\u011fer kendiniz bunu yap\u0131yorsan\u0131z bunun kar\u015f\u0131 tarafa tesiri olmaz, yap\u0131lan harcamalar da ne o n\u00fckleer silah yat\u0131r\u0131m\u0131n\u0131 yapana bir \u015fey kazand\u0131r\u0131yor, ne de o korkuyu verdikleri topluma&#8221; ifadelerini kulland\u0131.<\/p>\n<p style=\"text-align: justify;\"><strong><em>DEMOKRAT\u0130K A\u00c7ILIM <\/em><\/strong><\/p>\n<p style=\"text-align: justify;\">Ba\u015fbakan Erdo\u011fan demokratik a\u00e7\u0131l\u0131m konusuyla ilgili olarak da &#8220;Demokratik a\u00e7\u0131l\u0131mla ilgili konuda, muhalefet, ad\u0131 \u00fczerinde muhalefet g\u00f6revini yapacak, \u015fu anda yapt\u0131\u011f\u0131 da o&#8230; Biz \u0130\u00e7i\u015fleri Bakan\u0131m\u0131z\u0131 bu i\u015fin koordinasyonu ile g\u00f6revlendirdik. \u0130\u00e7i\u015fleri Bakan\u0131m\u0131z, y\u00fczde 1&#8217;in \u00fczerinde oy alan partilerden randevu talep etti. CHP bu yaz\u0131ya cevap vermedi. MHP, bu yaz\u0131ya olumsuz cevab\u0131n\u0131 verdi. CHP ise s\u00f6zl\u00fc olarak olumsuz cevap verdi. Di\u011fer olumlu cevap al\u0131nan partilere ziyaretler yap\u0131ld\u0131, onlar\u0131n kanaatlerini ald\u0131&#8221; dedi.<\/p>\n<p style=\"text-align: justify;\">&#8220;Yaz\u0131l\u0131 g\u00f6rsel medya ile g\u00f6r\u00fc\u015fmeler oldu, akademisyenlerle g\u00f6r\u00fc\u015fmeler yap\u0131ld\u0131, sivil toplum \u00f6rg\u00fctleri ile g\u00f6r\u00fc\u015fmeler yap\u0131ld\u0131. Bu s\u00fcrecin muhatab\u0131 olarak milleti g\u00f6rd\u00fc\u011f\u00fcm\u00fcz i\u00e7in parlamentonun a\u00e7\u0131l\u0131\u015f\u0131 ile milletimizin vekillerine parlamentoda bunu g\u00f6t\u00fcrece\u011fiz, \u00e7al\u0131\u015fmalar\u0131m\u0131z tabii netle\u015fmi\u015f olacak ve bu \u00e7al\u0131\u015fmalar\u0131 orada parlamentoda a\u00e7aca\u011f\u0131z, konu\u015faca\u011f\u0131z, anlataca\u011f\u0131z&#8221; diyen Erdo\u011fan, &#8220;Bir genel g\u00f6r\u00fc\u015fme mi olur daha farkl\u0131 m\u0131 olur, bunlar\u0131 da orada g\u00fcndeme getirece\u011fiz. Ondan sonraki s\u00fcre\u00e7, bu demokratik a\u00e7\u0131l\u0131mla ilgili ad\u0131m\u0131m\u0131z\u0131 t\u00fcm T\u00fcrkiye&#8217;ye anlatmak olacak. Ba\u015fta \u015fahs\u0131m olarak, bakan, milletvekili, te\u015fkilat\u0131m\u0131z dola\u015f\u0131p anlataca\u011f\u0131z, halk\u0131m\u0131z\u0131 bu konuda bilgilendirece\u011fiz. Bu demokratik a\u00e7\u0131l\u0131m neyi gerektiriyor denildi\u011fi zaman, i\u00e7inde bir \u00e7ok ba\u015fl\u0131klar var&#8221; \u015feklinde konu\u015ftu.<\/p>\n<p style=\"text-align: justify;\">Erdo\u011fan, &#8220;Bu sadece K\u00fcrt k\u00f6kenli vatanda\u015flar\u0131n sorunlar\u0131n\u0131 kapsayan bir a\u00e7\u0131l\u0131m de\u011fil. Ba\u015fta ter\u00f6r sorunu olmak \u00fczere&#8230; \u015eu anda Alevi \u00e7al\u0131\u015ftaylar\u0131 yap\u0131yoruz, ayn\u0131 \u015fekilde Ermenistan&#8217;la ili\u015fkilerimiz bu konunu i\u00e7inde, az\u0131nl\u0131klarla ilgili konular bunun i\u00e7inde. \u0130\u015fsizlik bunun i\u00e7inde. Bir\u00e7ok sorun alanlar\u0131n\u0131 burada tespit ediyoruz ve bunlar\u0131n \u00fczerinde \u00e7al\u0131\u015farak bunlar\u0131 minimize etmenin gayreti i\u00e7inde olaca\u011f\u0131z. Bu \u015fekilde de halk\u0131m\u0131za bu s\u00fcreci mal etmeye gayret edece\u011fiz. \u015eu anda yapt\u0131rd\u0131\u011f\u0131m\u0131z kamuoyu yoklamalar\u0131nda halk\u0131m\u0131z\u0131n ilgisi gayet iyi&#8221; ifadelerini kulland\u0131.<\/p>\n<p style=\"text-align: justify;\">Erdo\u011fan ayr\u0131ca, &#8220;Say\u0131n Esad biliyorsunuz, Ramazan ay\u0131n\u0131n son g\u00fcnlerinde bizimle bir iftar\u0131 oldu. Orada gayet olumlu a\u00e7\u0131klamalar yapt\u0131 bu konuyla ilgili. \u00d6zellikle ter\u00f6r \u00f6rg\u00fct\u00fcne y\u00f6nelik a\u00e7\u0131klamalar\u0131 \u00e7ok \u00e7ok iyiydi. &#8216;Suriye k\u00f6kenli ter\u00f6ristlerden gelen olursa bunlar\u0131 \u00fclkemize de kabul ederiz&#8217; ifadesini kulland\u0131lar. Demokratik a\u00e7\u0131l\u0131m\u0131 payla\u015ft\u0131klar\u0131n\u0131 ifade ettiler. \u0130ran&#8217;\u0131n yakla\u015f\u0131m\u0131 da farkl\u0131 de\u011fil. Irak&#8217;\u0131n yakla\u015f\u0131m\u0131 da Talabani ile burada g\u00f6r\u00fc\u015ft\u00fck, onlar da bu a\u00e7\u0131l\u0131m s\u00fcrecini olumlu bulduklar\u0131n\u0131 kendileri ifade ettiler&#8221; diye konu\u015ftu.<\/p>\n<p style=\"text-align: justify;\">Bir gazetecinin &#8220;Demokratik A\u00e7\u0131l\u0131m konusunda Savc\u0131lar dava a\u00e7\u0131yorlar&#8221; s\u00f6zleri \u00fczerine Erdo\u011fan, &#8220;\u0130\u00e7 siyaseti konu\u015fmayal\u0131m demokratik a\u00e7\u0131l\u0131mla ilgili d\u00fc\u015f\u00fcncelerimi zaten s\u00f6yledim&#8221; yan\u0131t\u0131n\u0131 verdi.<\/p>\n<p style=\"text-align: justify;\"><strong><em>IRAK Z\u0130YARET\u0130<\/em><\/strong><\/p>\n<p style=\"text-align: justify;\">Erdo\u011fan, &#8220;Irak&#8217;a yap\u0131lacak ziyaretin tarihi ve i\u00e7eri\u011fi ile tezkerenin bu sal\u0131 g\u00fcn\u00fc yap\u0131lacak Bakanlar Kurulu toplant\u0131s\u0131 g\u00fcndemine gelip gelmeyece\u011fine&#8221; y\u00f6nelik soruya ise, &#8220;Irak seyahati ile ilgili, Ekim&#8217;in ortalar\u0131nda 15&#8217;i civar\u0131, onun \u00fczerinde \u00e7al\u0131\u015f\u0131l\u0131yor. Kar\u015f\u0131 taraf ile g\u00f6r\u00fc\u015fmek suretiyle mutab\u0131k kal\u0131nacak. Ekim&#8217;in ortalar\u0131nda gidece\u011fiz. Ve stratejik y\u00fcksek d\u00fczeyli toplant\u0131m\u0131z\u0131 orada ger\u00e7ekle\u015ftirmi\u015f olaca\u011f\u0131z. Burada icrac\u0131 bakanlar\u0131m\u0131zla beraber orada olaca\u011f\u0131z. Kar\u015f\u0131l\u0131kl\u0131 olarak g\u00f6r\u00fc\u015fmeler yap\u0131lacak&#8221; yan\u0131t\u0131n\u0131 verdi.<\/p>\n<p style=\"text-align: justify;\">Ba\u015fbakan, &#8220;\u0130\u015f adamlar\u0131m\u0131z\u0131 da g\u00f6t\u00fcrmeyi planl\u0131yoruz. Belki iki t\u00fcr olacak. \u0130\u015f adamlar\u0131m\u0131z\u0131 burada beraberimize almazsak, daha sonra bir bakan\u0131m\u0131z\u0131n riyasetinde i\u015f adamlar\u0131n\u0131 Kuzey Irak&#8217;a g\u00f6ndermeyi planl\u0131yorum. \u00d6yle bir \u00e7al\u0131\u015fmam\u0131z da var. Talabani ile bunlar\u0131 g\u00f6r\u00fc\u015ft\u00fck. Tabii tezkere konusuna gelince, tezkere konusuyla alakal\u0131 bunu ben asl\u0131nda ge\u00e7enlerde cevaplad\u0131m. Bu konuyla ilgili olarak ilk bakanlar kurulu toplant\u0131m\u0131zda bunu g\u00f6r\u00fc\u015f\u00fcp, hemen parlamentoya sevk edece\u011fiz. Bu konulardaki gazetelerde \u00e7\u0131kan olumsuz haberler kesinlikle yanl\u0131\u015ft\u0131r. Biz tekrar 1 y\u0131l daha uzat\u0131lmas\u0131ndan yanay\u0131z. bunu da bilmenizi istiyorum&#8221; diye konu\u015ftu.<\/p>\n<p style=\"text-align: justify;\"><strong><em>T\u00dcRK\u0130YE-ERMEN\u0130STAN-AZERBAYCAN \u0130L\u0130\u015eK\u0130LER\u0130 <\/em><\/strong><\/p>\n<p style=\"text-align: justify;\">Ba\u015fbakan Erdo\u011fan, Azeri bir gazetecinin &#8220;demokratik a\u00e7\u0131l\u0131m konusunda muhalefet h\u00fck\u00fcmete destek vermiyor. Bu proje ertelenebilir mi? Demokratik a\u00e7\u0131l\u0131m projesinin Irak, \u0130ran ve Suriye gibi \u00fclkelere nas\u0131l bir etkisi olabilir? Ermenistan-Azerbaycan konusundaki de\u011ferlendirmeniz nedir?&#8221; sorusu \u00fczerine de, &#8220;Say\u0131n Obama&#8217;dan iste\u011fimiz Minsk S\u00fcrecinin h\u0131zland\u0131r\u0131lmas\u0131. Bu konuya onlar da \u00e7ok \u00f6nem verdiklerini, s\u00fcreci h\u0131zland\u0131rd\u0131klar\u0131n\u0131, h\u0131zland\u0131racaklar\u0131n\u0131 s\u00f6ylediler. Ayn\u0131 konuyu Medvedev ile de g\u00f6r\u00fc\u015ft\u00fcm. Ona da s\u00f6yledim. E\u011fer Minsk \u00dc\u00e7l\u00fcs\u00fc bu s\u00fcreci h\u0131zland\u0131r\u0131rsa, inan\u0131yorum ki bir an \u00f6nce neticeye var\u0131l\u0131r. \u00c7\u00fcnk\u00fc Azerbaycan-Ermenistan aras\u0131nda bir karara, bir neticeye var\u0131l\u0131rsa bu T\u00fcrkiye&#8217;nin i\u015fini kolayla\u015ft\u0131racakt\u0131r. Ondan sonra biz de T\u00fcrkiye-Ermenistan ili\u015fkilerinde \u00e7ok daha rahat karar verebiliriz&#8221; yan\u0131t\u0131n\u0131 verdi.<\/p>\n<p style=\"text-align: justify;\">&#8220;Bizim \u00f6n kabullerimiz, \u00f6n yarg\u0131lar\u0131m\u0131z yok. Bizim cumhurba\u015fkan\u0131m\u0131z hi\u00e7bir \u00f6n ko\u015fulsuz, Ermenistan-T\u00fcrkiye milli ma\u00e7\u0131n\u0131 gitti izledi. Dedi mi \u015funu yaparsan\u0131z gelirim diye? Hay\u0131r. Gitti izledi. Ama \u015fimdi Say\u0131n Sarkisyan, &#8216;e\u011fer kap\u0131 a\u00e7\u0131l\u0131rsa ben ma\u00e7a gelirim&#8217; diyor. B\u00f6yle bir yakla\u015f\u0131m tarz\u0131 olur mu? Bu zaten bir \u015feyi ortaya koyuyor. Demek ki i\u00e7eriye baz\u0131 mesajlar verme gayreti var&#8221; diyen Erdoa\u011fan, &#8220;Biz Erivan-\u0130stanbul aras\u0131nda u\u00e7u\u015f seferlerine m\u00fcsaade ettik. Bu bizim iyi niyetimizdi. Ayn\u0131 \u015fekilde Van G\u00f6l\u00fc i\u00e7inde Ermeni Ortadoks kilisesini onard\u0131k. Akdamar Adas\u0131&#8217;nda, bunu yapt\u0131k. Bizim \u00f6nyarg\u0131m\u0131z, \u00f6n kabul\u00fcm\u00fcz yok. Bunlarla biz baz\u0131 olumlu mesajlar verelim istiyoruz. Bizim \u00fclkemizde Ermeni vatanda\u015flar\u0131m\u0131zla sorunumuz yok. Ka\u00e7ak Ermeniler var T\u00fcrkiye&#8217;de. Biz onlar\u0131 g\u00f6ndermiyoruz&#8221; \u015feklinde konu\u015ftu.<\/p>\n<p style=\"text-align: justify;\">Ba\u015fbakan Erdo\u011fan, &#8220;Bu anlay\u0131\u015flar\u0131 ortaya \u00e7ok &#8220;a\u00e7\u0131k ve net ortaya koyuyoruz. Ermenistan-Azerbaycan aras\u0131ndaki g\u00f6r\u00fc\u015fmelerde de 5 konuda mutabakat var. S\u0131k\u0131nt\u0131 olanlar\u0131nda a\u015f\u0131lmas\u0131 zor konular de\u011fil. Baz\u0131 b\u00f6lgeler ile konular var. Bunlar\u0131n da a\u015f\u0131labilece\u011fine inan\u0131yorum. A\u015f\u0131ld\u0131\u011f\u0131 anda da Yukar\u0131 Karaba\u011f sorunu \u00e7\u00f6z\u00fcl\u00fcr diye d\u00fc\u015f\u00fcn\u00fcyorum. Ama burada Minsk \u00fc\u00e7l\u00fcs\u00fc, biraz daha s\u0131k\u0131 tutmas\u0131 laz\u0131m, h\u0131zl\u0131 tutmas\u0131 laz\u0131m, burada bir neticeye var\u0131lmas\u0131 gerekir. Yani biz bu i\u015fi yapmak istiyoruz&#8217; demesi laz\u0131m, yapmak istiyoruz derlerse bu i\u015f \u00e7\u00f6z\u00fcl\u00fcr&#8221;ifadelerini kulland\u0131.<\/p>\n<p style=\"text-align: justify;\"><strong><em>T\u00dcRK\u0130YE-SUR\u0130YE \u0130L\u0130\u015eK\u0130LER\u0130 <\/em><\/strong><\/p>\n<p style=\"text-align: justify;\">Erdo\u011fan, Suriye ile s\u0131n\u0131r a\u00e7\u0131l\u0131m\u0131, vizelerin kald\u0131r\u0131lmas\u0131 konusunda ne gibi beklentileri oldu\u011funun ve kendisine ne t\u00fcr tepkiler geldi\u011finin sorulmas\u0131 \u00fczerine, &#8220;Valla biz bunu ilan etti\u011fimiz andan itibaren bayram oldu, bizim b\u00fct\u00fcn telefonlar\u0131m\u0131z, adeta SMS&#8217;ler kilitlenir hale geldi. Ayn\u0131 \u015fey onlarda da oldu. Biz daha bayrama girmeden, bizim Hatay ilimiz, Gaziantep hareketlendi. \u0130lk defa tabii bu y\u0131l hi\u00e7bir \u015fey sorulmadan rahat rahat girdiler, \u00e7\u0131kt\u0131lar filan. Bamba\u015fka bir hava estirdi ve herhangi bir olumsuz \u015feyle bize \u015fu ana kadar gelmedi. Tabii biz bunun daha da yay\u0131lmas\u0131 d\u00fc\u015f\u00fcncesindeyiz, bizim vizesiz gidip gelece\u011fimiz bir\u00e7ok \u00fclkeler var, rahatl\u0131kla bunu kurabiliriz&#8221; diye konu\u015ftu.<\/p>\n<p style=\"text-align: justify;\">AB \u00fclkelerinin Schengen&#8217;le yapt\u0131klar\u0131n\u0131 T\u00fcrkiye&#8217;nin de ikili anla\u015fmalarla yapabilece\u011fini belirten Erdo\u011fan, gazetecilerin Suriye&#8217;ye giri\u015f konusunda s\u0131k\u0131nt\u0131 ya\u015fad\u0131klar\u0131na dair bir soru \u00fczerine, &#8220;Bunu konu\u015furuz, \u00e7\u00f6zeriz&#8221; dedi.<\/p>\n<p style=\"text-align: justify;\"><strong><em>F\u0130L\u0130ST\u0130N-\u0130SRA\u0130L <\/em><\/strong><\/p>\n<p style=\"text-align: justify;\">Ba\u015fbakan Erdo\u011fan Gazze&#8217;deki insani durumdan bahsetti\u011fi BM Genel Kurulunda yapt\u0131\u011f\u0131 konu\u015fma ve ABD Ba\u015fkan\u0131 Barack Obama&#8217;n\u0131n \u0130srail ve Filistin liderleriyle BM&#8217;de yapt\u0131\u011f\u0131 \u00fc\u00e7l\u00fc toplant\u0131 temelinde Orta Do\u011fu&#8217;da bar\u0131\u015f y\u00f6n\u00fcnde iyimser olup olmad\u0131\u011f\u0131n\u0131n sorulmas\u0131 \u00fczerine, &#8220;\u0130yimser olmak istiyorum&#8221; yan\u0131t\u0131n\u0131 verdi.<\/p>\n<p style=\"text-align: justify;\">Gazze&#8217;deki durumu ABD&#8217;de bulundu\u011fu s\u00fcre i\u00e7inde pek \u00e7ok platformda a\u00e7\u0131klad\u0131\u011f\u0131n\u0131 belirten Erdo\u011fan, &#8220;Burada medyaya \u00e7ok b\u00fcy\u00fck g\u00f6rev d\u00fc\u015f\u00fcyor. Yani Gazze&#8217;de kitle imha silah\u0131 kullan\u0131lm\u0131\u015ft\u0131r, fosfor bombalar\u0131 kullan\u0131lm\u0131\u015ft\u0131r ve 1400 insan orada \u00f6lm\u00fc\u015ft\u00fcr, 5 bin insan yaralanm\u0131\u015ft\u0131r ki bunlar\u0131n bir k\u0131sm\u0131 T\u00fcrkiye&#8217;de tedavi g\u00f6rm\u00fc\u015ft\u00fcr. Biz bunlar\u0131 bizzat g\u00f6rd\u00fck ya\u015fad\u0131k. Yani \u015fu anda Gazze&#8217;nin biliyorsunuz bu bombard\u0131man neticesinde altyap\u0131s\u0131 \u00e7\u00f6km\u00fc\u015ft\u00fcr. BM&#8217;nin binalar\u0131 ayn\u0131 \u015fekilde \u00e7\u00f6km\u00fc\u015ft\u00fcr. Hala orada insanlar maalesef \u00e7ad\u0131rlarda ya\u015famaktad\u0131r. Tabii b\u00fct\u00fcn bunlar\u0131n yani geli\u015fmesi kar\u015f\u0131s\u0131nda \u0130srail in\u015faat ile ilgili herhangi bir giri\u015f \u00e7\u0131k\u0131\u015fa m\u00fcsaade etmemi\u015ftir. Sadece \u015fu anda ila\u00e7, g\u0131da, burada bu i\u015f devam ediyor&#8221; dedi.<\/p>\n<p style=\"text-align: justify;\">D\u0131\u015fi\u015fleri Bakan\u0131 Ahmet Davuto\u011flu&#8217;nun, ABD&#8217;nin Orta Do\u011fu temsilcisi George Mitchell ile New York&#8217;ta detayl\u0131 bir g\u00f6r\u00fc\u015fme yapt\u0131\u011f\u0131n\u0131 belirten Erdo\u011fan &#8220;S\u00fcreci biz koval\u0131yoruz, takip ediyoruz, en az\u0131ndan buraya in\u015faat malzemelerinin girmesine m\u00fcsaade edildi\u011fi anda bir\u00e7ok \u015feyler a\u015f\u0131l\u0131r diye d\u00fc\u015f\u00fcn\u00fcyorum&#8221; diye konu\u015ftu.<\/p>\n<p style=\"text-align: justify;\">New York&#8217;ta Yahudi cemaati temsilcileriyle bir toplant\u0131 yapt\u0131\u011f\u0131n\u0131 s\u00f6yleyen Erdo\u011fan &#8220;Tabii burada bir temsilcinin ifadesi beni \u00fczd\u00fc. O da \u015fuydu: (Orada ter\u00f6ristlere in\u015faat yap\u0131laca\u011f\u0131ndan dolay\u0131 buna m\u00fcsaade edilmiyor) gibi bir ifade, yani buna adeta kodlanm\u0131\u015f olan yap\u0131 tabii buradaki ad\u0131mlar\u0131n at\u0131lmas\u0131na m\u00fcsaade etmez. \u015eimdi s\u0131k\u0131nt\u0131 buradan geliyor. Her \u015feyden \u00f6nce burada \u00e7al\u0131\u015fmalar bir ba\u015flas\u0131n. \u015earm El \u015eeyh&#8217;te o zaman niye topland\u0131lar: \u015earm El \u015eeyh&#8217;te bu don\u00f6rler toplant\u0131s\u0131nda milyarlarca dolar s\u00f6z verildi, buran\u0131n yeniden in\u015fa edilmesi i\u00e7in. \u0130n\u015fa edilmesine y\u00f6nelik m\u00fcsaade var m\u0131 yok, 8 ay ge\u00e7ti, 6 ay don\u00f6rler toplant\u0131s\u0131ndan sonra ge\u00e7ti&#8221; \u015feklinde konu\u015ftu.<\/p>\n<p style=\"text-align: justify;\"><strong><em>&#8220;Gazze&#8217;de ya\u015fananlar insanl\u0131k dram\u0131&#8221; <\/em><\/strong><\/p>\n<p style=\"text-align: justify;\">Ba\u015fbakan Erdo\u011fan, &#8220;Bu bir insanl\u0131k dram\u0131, trajedi var ortada, bunu halletmemiz laz\u0131m, \u00e7\u00f6zmemiz laz\u0131m. Tabii T\u00fcrkiye olarak biz koval\u0131yoruz ki d\u00fcnya medyas\u0131 da bunu kovalas\u0131n, \u00e7\u00fcnk\u00fc burada hepimiz d\u00fc\u015fen sorumluluk var&#8221; dedi.<\/p>\n<p style=\"text-align: justify;\">Ba\u015fbakan Erdo\u011fan, bir gazetecinin Musevi temsilciye yan\u0131t\u0131n\u0131n ne oldu\u011funu sormas\u0131 \u00fczerine, &#8220;Bunu anlatt\u0131m, dedim i\u015fte (siz nas\u0131l bunu ter\u00f6ristler olarak ilan edersiniz?). Bir kere yaralanan 1400 ki\u015finin 1400&#8217;\u00fcn\u00fc de ter\u00f6rist olarak kabul ediyor. B\u00f6yle bir mant\u0131k olur mu, siz fosfor bombas\u0131 atacaks\u0131n\u0131z (ter\u00f6riste isabet etti, 1400 tane ter\u00f6rist \u00f6ld\u00fcrd\u00fcm diyor, bizim hastanelerimize gelen yaral\u0131lar var, \u00e7ocuk, ufak \u00e7ocuk, kad\u0131n, kollar kopmu\u015f, ayaklar kopmu\u015f, bu vaziyette bunlar\u0131 g\u00f6rd\u00fck, yani Gazze&#8217;de ya\u015fayan her insana ter\u00f6rist g\u00f6z\u00fcyle bakan bir anlay\u0131\u015f var ortada. Tabii bunla bir yere varmak tabii ki \u00e7ok zor&#8221; diye konu\u015ftu.<\/p>\n<p style=\"text-align: justify;\">Ba\u015fbakan Erdo\u011fan, \u0130ran ile ilgili olarak yabanc\u0131 gazetecilere, (\u0130ran&#8217;\u0131n n\u00fckleer meselesi konusunu) \u00e7ok \u0131srarc\u0131 bir \u015fekilde sorduklar\u0131 i\u00e7in tepki g\u00f6sterdi\u011fine y\u00f6nelik bir soru \u00fczerine ise, &#8220;Tepki de\u011fil can\u0131m. Ben g\u00fcndem sadece bu mu, yani ba\u015fka g\u00fcndem olmayacak m\u0131, d\u00fcnyan\u0131n g\u00fcndemi sadece \u0130ran&#8217;la me\u015fgul edersek \u00f6b\u00fcr tarafta \u00e7ok daha farkl\u0131 g\u00f6r\u00fc\u015f\u00fclmesi gereken, g\u00f6r\u00fc\u015fmedi\u011fimiz Gazze gibi bir kenara itti\u011fimiz konular var, bence Gazze hepsinden \u00f6te bir \u015fey. \u015eu anda \u0130ran&#8217;da olan bir \u015fey yok ki. Ama Gazze&#8217;de \u00e7ok \u015fey var, oksijen \u00e7ad\u0131r\u0131nda onlar adeta, oraya y\u00f6nelik al\u0131nan bir tedbir var m\u0131 yok, konu\u015fuluyor mu hay\u0131r biz konu\u015fuyoruz, benim derdim bu&#8221; dedi.<\/p>\n<p style=\"text-align: justify;\"><strong><em>KIBRIS <\/em><\/strong><\/p>\n<p style=\"text-align: justify;\">Erdo\u011fan, BM Genel Kurulu&#8217;nda &#8220;K\u0131br\u0131s&#8217;ta ilerleme olmazsa ilkbahara do\u011fru g\u00f6r\u00fc\u015fmelerin kesilebilece\u011fi&#8221; ve &#8220;K\u0131br\u0131s&#8217;ta yeni bir y\u00f6ne do\u011fru gidi\u015f olup olmayaca\u011f\u0131n\u0131n&#8221; sorulmas\u0131 \u00fczerine, &#8220;Bu s\u00fcre\u00e7 k\u0131sa bir s\u00fcre\u00e7 de\u011fil, 50 y\u0131ld\u0131r devam eden bir s\u00fcre\u00e7 ve bu s\u00fcre\u00e7 i\u00e7erisinde s\u00fcrekli bir oyalama politikalar\u0131, art\u0131k bu ise bir ciddi noktada karar vermemiz gerekiyor. Son y\u0131lda \u00f6zellikle ba\u015fta KKTC Cumhurba\u015fkan\u0131 Mehmet Ali Talat olmak \u00fczere bizler de garant\u00f6r bir \u00fclke olarak dedik ki her t\u00fcrl\u00fc deste\u011fi verece\u011fiz, yeter ki bu y\u0131l sonuna kadar bu i\u015fi art\u0131k bir yere ba\u011flayal\u0131m&#8221; dedi.<\/p>\n<p style=\"text-align: justify;\">K\u0131br\u0131s konusuyla ilgili olarak BM G\u00fcvenlik Konseyi&#8217;nin verdi\u011fi kararlar oldu\u011funu hat\u0131rlatan Erdo\u011fan, bu \u00e7er\u00e7evede K\u0131br\u0131s sorununun neticelendirilmesi gerekti\u011fini belirtti.<\/p>\n<p style=\"text-align: justify;\">Erdo\u011fan, G\u00fcney K\u0131br\u0131s&#8217;\u0131n \u00f6zellikle de Avrupa Birli\u011fi \u00fcyesi olduktan sonra havas\u0131n\u0131n de\u011fi\u015fti\u011fini ve \u00e7ok daha farkl\u0131 bir havada masada oturdu\u011funu ve masada ona g\u00f6re tav\u0131rlar tak\u0131nd\u0131\u011f\u0131n\u0131 belirterek, \u015funlar\u0131 s\u00f6yledi: &#8220;Bizim de G\u00fcvenlik Konseyi&#8217;nin alm\u0131\u015f oldu\u011fu karar \u00e7er\u00e7evesinde ortaya koyulan bir tablo var, bir \u015fablon var, bu \u015fablon \u00e7er\u00e7evesinde e\u015fit stat\u00fcde biliyorsunuz iki kurucu devlet anlay\u0131\u015f\u0131n\u0131 biz savunduk, savunuyoruz&#8221; dedi.<\/p>\n<p style=\"text-align: justify;\">&#8220;BM G\u00fcvenlik Konseyi de bunu ayn\u0131 \u015fekilde ortaya koydu. Annan Plan\u0131nda da ad\u0131n\u0131 koydular. Orada da K\u0131br\u0131s T\u00fcrk Devleti, K\u0131br\u0131s Rum Devleti \u015feklinde iki kurucu devletten bahsediliyor&#8221; diyen Erdo\u011fan, &#8220;Orada konfederal yap\u0131 m\u0131, federal yap\u0131 m\u0131 filan bunlar i\u015fin asl\u0131nda sadece oyalama taktikleri. E\u015fit stat\u00fcde e\u015fit kurucu devlet dedi\u011finiz zaman zaten bu i\u015fin nereye vard\u0131\u011f\u0131, varaca\u011f\u0131 belli. Burada \u015fu anda \u00f6yle basit \u015feylerle oyalamalar yap\u0131l\u0131yor ki \u00f6rne\u011fin yani G\u00fcney K\u0131br\u0131s hala Kuzey&#8217;in cumhurba\u015fkan\u0131n\u0131 kar\u015f\u0131s\u0131nda bir cumhurba\u015fkan\u0131 olarak g\u00f6rmeyecek kadar ileri gidebiliyor&#8221; \u015feklinde konu\u015ftu.<\/p>\n<p style=\"text-align: justify;\"><strong><em>Hristofyas&#8217;a yan\u0131t <\/em><\/strong><\/p>\n<p style=\"text-align: justify;\">Erdo\u011fan, &#8220;(Hristofyas) Bunu bizzat \u015fahs\u0131ma s\u00f6yledi\u011fi i\u00e7in ben burada a\u00e7\u0131yorum, bunu gizlemeye de gerek yok. G\u00f6r\u00fc\u015fmeler noktas\u0131nda biz Say\u0131n BM Genel Sekreteri Ban Ki-Mun&#8217;un gerekirse riyasetinde de bu \u00fc\u00e7l\u00fc toplant\u0131y\u0131 New York&#8217;ta yapmalar\u0131n\u0131 s\u00f6yledik, tabii buna yana\u015fmak istemiyorlar. Bizimle g\u00f6r\u00fc\u015fmek istiyor, bizimle g\u00f6r\u00fc\u015fmek istedi\u011finde de biz kendilerine a\u00e7\u0131k\u00e7a \u015funu s\u00f6yl\u00fcyoruz. Bu g\u00f6r\u00fc\u015fme d\u00f6rtl\u00fc olur, bu g\u00f6r\u00fc\u015fmede garant\u00f6r \u00fclkeler olarak T\u00fcrkiye olur, Yunanistan olur, Say\u0131n Talat ve bir de siz olursunuz. (Tabii Say\u0131n Talat hangi s\u0131fatla olacak?) diye soru y\u00f6neltti\u011finde de kendisine \u015fu cevab\u0131 verdik: Siz hangi s\u0131fatla oradaysan\u0131z Say\u0131n Talat da o stat\u00fcyle orada olur. Otururuz konu\u015furuz, o zaman karar\u0131m\u0131z\u0131 veririz, temenni ederiz ki anla\u015f\u0131r\u0131z ve bu i\u015fin art\u0131k bitmesi gerekir&#8221; dedi.<\/p>\n<p style=\"text-align: justify;\"><strong><em>AFGAN\u0130STAN&#8217;A ASKER G\u00d6NDER\u0130LMES\u0130 <\/em><\/strong><\/p>\n<p style=\"text-align: justify;\">Afganistan&#8217;a ili\u015fkin bir soru \u00fczerine Erdo\u011fan, &#8220;Orada biliyorsunuz Kas\u0131m ay\u0131nda g\u00f6rev devralma s\u00fcrecimiz olacak. Buraya ne kadar asker gidece\u011fi noktas\u0131nda bir rakam vermek gereksiz, zaten tarih geldi\u011finde g\u00f6nderilecek say\u0131 da a\u00e7\u0131klanacakt\u0131r. Bu bin mi olur, bin k\u00fcsur m\u00fc olur? Ne olursa o zaman bunu a\u00e7\u0131klamakta fayda g\u00f6r\u00fcrler. \u015eu anda kesinle\u015fmi\u015f herhangi bir rakam s\u00f6z konusu de\u011fil. Ama yeteri olan neyse bug\u00fcne kadar zaten orada deneyimi olan bir \u00fclkeyiz. \u015eu ana kadar sadece Albay\u0131m\u0131z\u0131n d\u0131\u015f\u0131nda da orada bir \u015fehidimiz olmad\u0131. O da biliyorsunuz bir trafik kazas\u0131. \u00c7\u00fcnk\u00fc Afganistan halk\u0131n\u0131n T\u00fcrk Askerine kar\u015f\u0131 T\u00fcrkiye&#8217;ye kar\u015f\u0131 farkl\u0131 bir yakla\u015f\u0131m\u0131 var&#8221; dedi.<\/p>\n<p style=\"text-align: justify;\">Erdo\u011fan, Afganistan&#8217;a yap\u0131lan yard\u0131mlara devam edilece\u011fini de belirterek, &#8220;Tarihten gelen o birli\u011fimiz beraberli\u011fimiz b\u00fct\u00fcnl\u00fc\u011f\u00fcm\u00fcz yine kendini g\u00f6steriyor. Kas\u0131m ay\u0131ndaki Kabil&#8217;de komutay\u0131 devralmam\u0131z inan\u0131yorum ki Afganistanda farkl\u0131 bir moral de verecektir. \u015eu anda yap\u0131lm\u0131\u015f bir se\u00e7im var hen\u00fcz neticeleri kesin olarak a\u00e7\u0131klanmad\u0131. Temennim odur ki Afganistanda i\u00e7inde bulundu\u011fu \u015fu s\u00fcre\u00e7ten s\u00fcratle \u00e7\u0131kar ve bir kalk\u0131nma hamlesi i\u00e7erisine girer&#8221; diye konu\u015ftu.<\/p>\n<p style=\"text-align: justify;\"><strong><em>T\u00dcRK\u0130YE N\u00dcFUSU <\/em><\/strong><\/p>\n<p style=\"text-align: justify;\">&#8220;Yap\u0131lan bir ara\u015ft\u0131rmada T\u00fcrkiye&#8217;nin n\u00fcfusunun 2050 y\u0131l\u0131nda 98 milyon olaca\u011f\u0131 belirtiliyor&#8221; s\u00f6zleri \u00fczerine Erdo\u011fan,  &#8220;\u0130n\u015fallah, ne kadar olursa T\u00fcrkiye ekonomisi o kadar g\u00fc\u00e7lenir. Benim d\u00fc\u015f\u00fcncem ben 3 s\u00f6yledim, en az \u00fc\u00e7 diyorum. N\u00fcfusunuz ne kadar fazla olursa o kadar g\u00fc\u00e7l\u00fc olursunuz. Bunu unutmay\u0131n, \u015fu anda d\u00fcnyada dikkat edin, kimse Hindistan&#8217;\u0131 g\u00fcndeme getirmiyordu, \u00c7in&#8217;i g\u00fcndeme getirmiyordu. Bak\u0131n \u00c7in, Hindistan \u015fu anda nereye s\u0131\u00e7rad\u0131 ve \u015fu anda d\u00fcnya g\u00fcndeminde belirleyici iki \u00f6nemli \u00fclke konumuna geldi. Ayn\u0131 \u015fekilde bir Japonya&#8217;n\u0131n durumuna bak\u0131n&#8221; dedi.<\/p>\n<p style=\"text-align: justify;\"><strong><em>EKONOM\u0130<\/em><\/strong><\/p>\n<p style=\"text-align: justify;\">Ba\u015fbakan Erdo\u011fan bir gazetecinin IMF&#8217;deki T\u00fcrkiye&#8217;nin hisselerinin y\u00fckseldi\u011fini ifade etmesi \u00fczerine &#8220;Daha kesinle\u015fmedi, ama g\u00f6r\u00fcnen o ki artacak, \u00e7er\u00e7eve bu&#8221; dedi. Erdo\u011fan, Devlet Bakan\u0131 ve Ba\u015fbakan Yard\u0131mc\u0131s\u0131 Ali Babacan ile D\u0131\u015fi\u015fleri Bakan\u0131 Ahmet Davuto\u011flu&#8217;nun ABD&#8217;deki temaslar\u0131n\u0131 s\u00fcrd\u00fcreceklerini de ekledi.<\/p>\n<p style=\"text-align: justify;\"><strong><em>KORUMA KR\u0130Z\u0130 <\/em><\/strong><\/p>\n<p style=\"text-align: justify;\">Erdo\u011fan, &#8220;Clinton Vakf\u0131&#8217;n\u0131n toplant\u0131s\u0131nda o g\u00fcn ya\u015fanan gerginlikle ilgili olarak &#8220;neler ya\u015fand\u0131\u011f\u0131n\u0131n sorulmas\u0131 \u00fczerine ise bunun \u00fczerinde durulacak bir konu olmad\u0131\u011f\u0131n\u0131 kaydetti.<\/p>\n<p style=\"text-align: justify;\">Ba\u015fbakan Erdo\u011fan, &#8220;Bana g\u00f6re \u00e7ok \u00e7ok basit bir olayd\u0131. Bu sadece Washington g\u00fcvenlik servisiyle, bize verilmi\u015f olan g\u00fcvenlik g\u00f6revlileri aras\u0131ndaki bir olayd\u0131, olay\u0131n gazetelere yans\u0131mas\u0131 da bizi \u00fczm\u00fc\u015ft\u00fcr. Yani bizim polisimizle, bizim g\u00fcvenli\u011fimizle alakal\u0131 bir konu de\u011fil, tamamen kendi g\u00fcvenlikleri aras\u0131ndaki bir ileti\u015fimsizlikten gelen bir \u015feydir ve konuyla ilgili de zaten ABD&#8217;nin yetkilileri a\u00e7\u0131klamalar\u0131n\u0131 yapt\u0131lar. Olay odur ve bunun d\u0131\u015f\u0131nda herhangi bir \u015fey yok. Tabi ben olay o boyuta gelince art\u0131k o toplant\u0131ya kat\u0131lmay\u0131 da do\u011fru bulmad\u0131m. Tabi kat\u0131lamad\u0131\u011f\u0131m i\u00e7in de \u00fcz\u00fcld\u00fcm. B\u00f6yle olmamal\u0131yd\u0131, ama herhangi bir abart\u0131lacak bir \u015fey yok. Ayn\u0131 \u015fekilde tabi Clinton ailesi de bundan \u00fcz\u00fcld\u00fc ve e\u015fleriyle ertesi g\u00fcn yemekte g\u00f6r\u00fc\u015ft\u00fc\u011f\u00fcm\u00fczde onlar da bu konuyla ilgili bize \u00f6z\u00fcr beyan ettiler. Bunu da \u00e7ok samimi bir \u015fekilde s\u00f6ylediler. B\u00f6yle bir b\u00fcy\u00fck ebatl\u0131 bir \u015fey s\u00f6z konusu de\u011fil&#8221; dedi.<\/p>\n<p style=\"text-align: justify;\"><span style=\"color: #888888;\">CNN T\u00dcRK<\/span><\/p>\n","protected":false},"excerpt":{"rendered":"<p style=\"text-align: center;\">\n<p style=\"text-align: justify;\">Ba\u015fbakan Recep Rayyip Erdo\u011fan, ABD ziyareti s\u00fcresince k\u00fcrt a\u00e7\u0131l\u0131m\u0131 konusunda \u00f6nemli mesajlar verdi. &#8220;Demokratik ad\u0131mlardan asla vazge\u00e7meyece\u011fiz&#8221; diye konu\u015fan Erdo\u011fan, 17 Ekim&#8217;de s\u00fcresi dolacak s\u0131n\u0131r \u00f6tesi operasyon tezkeresinin 1 y\u0131l daha uzat\u0131lmas\u0131ndan yana olduklar\u0131n\u0131 s\u00f6yledi. Sal\u0131 g\u00fcn\u00fc toplanacak Bakanlar Kurulu&#8217;nda konunun g\u00f6r\u00fc\u015f\u00fclece\u011fini ve hemen Meclis&#8217;e sevk edilece\u011fini belirtti.<\/p>\n<p style=\"text-align:  \n\n","protected":false},"author":1,"featured_media":0,"comment_status":"open","ping_status":"closed","sticky":false,"template":"","format":"standard","meta":{"footnotes":""},"categories":[3],"tags":[],"class_list":["post-15053","post","type-post","status-publish","format-standard","hentry","category-dunya","odd"],"_links":{"self":[{"href":"http:\/\/www.korhanyilmaz.com\/index.php?rest_route=\/wp\/v2\/posts\/15053","targetHints":{"allow":["GET"]}}],"collection":[{"href":"http:\/\/www.korhanyilmaz.com\/index.php?rest_route=\/wp\/v2\/posts"}],"about":[{"href":"http:\/\/www.korhanyilmaz.com\/index.php?rest_route=\/wp\/v2\/types\/post"}],"author":[{"embeddable":true,"href":"http:\/\/www.korhanyilmaz.com\/index.php?rest_route=\/wp\/v2\/users\/1"}],"replies":[{"embeddable":true,"href":"http:\/\/www.korhanyilmaz.com\/index.php?rest_route=%2Fwp%2Fv2%2Fcomments&post=15053"}],"version-history":[{"count":0,"href":"http:\/\/www.korhanyilmaz.com\/index.php?rest_route=\/wp\/v2\/posts\/15053\/revisions"}],"wp:attachment":[{"href":"http:\/\/www.korhanyilmaz.com\/index.php?rest_route=%2Fwp%2Fv2%2Fmedia&parent=15053"}],"wp:term":[{"taxonomy":"category","embeddable":true,"href":"http:\/\/www.korhanyilmaz.com\/index.php?rest_route=%2Fwp%2Fv2%2Fcategories&post=15053"},{"taxonomy":"post_tag","embeddable":true,"href":"http:\/\/www.korhanyilmaz.com\/index.php?rest_route=%2Fwp%2Fv2%2Ftags&post=15053"}],"curies":[{"name":"wp","href":"https:\/\/api.w.org\/{rel}","templated":true}]}}