{"id":15046,"date":"2009-09-26T21:48:40","date_gmt":"2009-09-26T19:48:40","guid":{"rendered":"http:\/\/www.korhanyilmaz.com\/?p=15046"},"modified":"2009-09-26T21:48:40","modified_gmt":"2009-09-26T19:48:40","slug":"kilicdaroglundan-yeni-bir-dosya","status":"publish","type":"post","link":"http:\/\/www.korhanyilmaz.com\/?p=15046","title":{"rendered":"K\u0131l\u0131\u00e7daro\u011flu&#039;ndan yeni bir dosya"},"content":{"rendered":"<p style=\"text-align: center;\"><a href=\"http:\/\/www.korhanyilmaz.com\/wp-content\/uploads\/2009\/09\/dosya.jpg\"  class=\"lightview\"><img loading=\"lazy\" decoding=\"async\" class=\"aligncenter size-full wp-image-15047\" src=\"http:\/\/www.korhanyilmaz.com\/wp-content\/uploads\/2009\/09\/dosya.jpg\" alt=\"\" width=\"307\" height=\"236\" \/><\/a><\/p>\n<p style=\"text-align: justify;\">CHP Grup Ba\u015fkanvekili Kemal K\u0131l\u0131\u00e7daro\u011flu, Bal\u0131kesir&#8217;in S\u0131nd\u0131rg\u0131 il\u00e7esinde bu y\u0131l 11&#8217;inci kez d\u00fczenlenen Ya\u011fc\u0131bedir Hal\u0131 Festivali&#8217;ne kat\u0131l\u0131rken, Ba\u015fbakan Recep Tayyip Erdo\u011fan&#8217;a sert ele\u015ftiriler y\u00f6neltti, yeni bir dosyas\u0131 oldu\u011funu a\u00e7\u0131klad\u0131.<\/p>\n<p style=\"text-align: justify;\">CHP \u0130stanbul \u0130l Ba\u015fkan\u0131 G\u00fcrsel Tekin&#8217;le S\u0131nd\u0131rg\u0131&#8217;ya gelen K\u0131l\u0131\u00e7daro\u011flu, Belediye Ba\u015fkan\u0131 \u00d6zg\u00fcr Ertu\u011frul&#8217;la hal\u0131 standlar\u0131n\u0131 gezip, esnafla sohbet etti.<\/p>\n<p style=\"text-align: justify;\">K\u0131l\u0131\u00e7daro\u011flu, Meydan \u00c7ay Bah\u00e7esi&#8217;nde vatanda\u015flarla s\u00f6yle\u015firken birbirinden \u00f6nemli a\u00e7\u0131klamalar yapt\u0131. <!--more--><\/p>\n<p style=\"text-align: justify;\">Ba\u015fbakan Erdo\u011fan&#8217;\u0131n K\u00fcrt a\u00e7\u0131l\u0131m\u0131n\u0131 ele\u015ftiren K\u0131l\u0131\u00e7daro\u011flu, &#8220;Ba\u015fbakan \u00e7\u0131kt\u0131, &#8216;K\u00fcrt a\u00e7\u0131l\u0131m\u0131&#8217; dedi, d\u0131\u015far\u0131ya \u00e7\u0131kt\u0131 &#8216;demokratik a\u00e7\u0131l\u0131m&#8217; dedi, \u00f6teye ge\u00e7ti &#8216;milli birlik a\u00e7\u0131l\u0131m\u0131&#8217; dedi. Beyefendi ABD&#8217;ye gitti. &#8216;Demokratik a\u00e7\u0131l\u0131m\u0131 hazmettire hazmettire kabul ettirece\u011fiz&#8217; dedi. Sen kimsin de T\u00fcrkiye Cumhuriyeti yurtta\u015flar\u0131na hazmettiriyorsun. Ba\u015fbakansan ba\u015fbakanl\u0131\u011f\u0131n\u0131 bil. Kimse T\u00fcrkiye Cumhuriyeti yurtta\u015flar\u0131na zorla hazmettiremez&#8221; dedi.<\/p>\n<p style=\"text-align: justify;\">K\u0131l\u0131\u00e7daro\u011flu, &#8220;Bak\u0131n, biz bu Ba\u015fbakan&#8217;\u0131n demokrasi anlay\u0131\u015f\u0131n\u0131 hazmedemedik. Biz bu Ba\u015fbakan&#8217;\u0131n medya \u00fczerine bask\u0131 kurma anlay\u0131\u015f\u0131n\u0131 hazmedemedik. Biz Ba\u015fbakan&#8217;\u0131n k\u00f6yl\u00fcy\u00fc \u00e7ift\u00e7iyi ezmesini hazmedemedik. \u015eimdi &#8216;Domates 5 kuru\u015f&#8217; diyorsunuz e\u011fer bu Ba\u015fbakan&#8217;\u0131 hazmederseniz seneye 1 kuru\u015f olur. Sizden istirham ediyorum. D\u00fcr\u00fcst ve namuslu politikac\u0131lara oy verin. Kul hakk\u0131 yemeyen politikac\u0131lara oy verin. Bunlara bak\u0131n hepsi k\u00f6\u015feyi d\u00f6nd\u00fc&#8221; diye konu\u015ftu.<\/p>\n<p style=\"text-align: justify;\"><strong><em>Ba\u015fbakan Erdo\u011fan&#8217;\u0131n ABD&#8217;de yine biri soru \u00fczerine Rize&#8217;deki \u00e7ocuklu\u011funu hat\u0131rlad\u0131\u011f\u0131n\u0131 aktaran K\u0131l\u0131\u00e7daro\u011flu, \u015funlar\u0131 s\u00f6yledi:<\/em><\/strong><\/p>\n<p style=\"text-align: justify;\">&#8220;Ba\u015fbakan, &#8216;Rize&#8217;de k\u00fc\u00e7\u00fckken ayakkab\u0131lar\u0131m y\u0131rt\u0131kt\u0131, altlar\u0131 delikti. Okula gider gelirken ayaklar\u0131m\u0131z k\u0131zar\u0131rd\u0131&#8217; diyor. Say\u0131n Ba\u015fbakan&#8217;\u0131n s\u00f6yledikleri do\u011frudur. Say\u0131n Ba\u015fbakan onu anlatt\u0131\u011f\u0131 zaman ben kendi \u00e7ocuklu\u011fumu hat\u0131rl\u0131yorum. Belki benim ku\u015fa\u011f\u0131mda olan herkes de kendi \u00e7ocuklu\u011funu hat\u0131rlad\u0131. Hi\u00e7 birimizin do\u011fru d\u00fcr\u00fcst ayakkab\u0131s\u0131 yoktu. T\u00fcrkiye fakir bir \u00fclkeydi. \u015eimdi, Say\u0131n Ba\u015fbakan&#8217;a, S\u0131nd\u0131rg\u0131&#8217;dan soruyorum. Say\u0131n Ba\u015fbakan, &#8216;Rize&#8217;den \u00e7\u0131karken do\u011fru d\u00fcr\u00fcst ayakkab\u0131n yoktu. Kas\u0131mpa\u015fa&#8217;da oynarken aya\u011f\u0131na futbol ayakkab\u0131s\u0131 alacak paran yoktu&#8217; Peki sen nas\u0131l oldu da d\u00fcnyan\u0131n en zengin ba\u015fbakanlar\u0131ndan birisi oldun?&#8217; Sormayacak m\u0131y\u0131z biz bunu? Bunu sormazsak, bu \u00fclkede demokrasi yoktur demektir.<\/p>\n<p style=\"text-align: justify;\">Demokrasi halk\u0131n sorgulama hakk\u0131n\u0131 sonuna kadar kulland\u0131\u011f\u0131 rejimdir. Aksi halde sorgulamazsak, akl\u0131m\u0131z\u0131 birisine kiraya vermi\u015fiz demektir. Biz akl\u0131m\u0131z\u0131 kiraya veren insanlar de\u011filiz. Sen karde\u015fim kalkacaks\u0131n geleceksin Rize&#8217;den 1 milyon dolarl\u0131k villada oturacaks\u0131n. Say\u0131n Ba\u015fbakan i\u015f hayat\u0131na at\u0131ld\u0131\u011f\u0131nda ben de devlet memuru oldum. Onun maa\u015f\u0131ndan en az iki kat daha fazla ald\u0131m. Benim mal varl\u0131\u011f\u0131m internet sitemde yay\u0131nlanm\u0131\u015f durumda. Benim \u00e7ocuklar\u0131m\u0131n da milyon dolarl\u0131k villalar\u0131 yok. K\u0131z\u0131kl\u0131&#8217;da 5 tane villan\u0131n etraf\u0131n\u0131 \u00e7ift duvarla \u00f6receksin, sonra da &#8216;Fakir fukara, garip gureba dostuyum&#8217; diyeceksin. Hadi can\u0131m sen de&#8221;<\/p>\n<p style=\"text-align: justify;\">Esnaf ziyaretleri s\u0131ras\u0131nda AKP S\u0131nd\u0131rg\u0131 \u0130l\u00e7e Ba\u015fkan\u0131 Danyal Ero\u011flu&#8217;nun eczanesine bilmeden girdi\u011fini, ba\u015fkan\u0131n kendisine neden se\u00e7im s\u0131ras\u0131nda dosya \u00e7\u0131kar\u0131p, daha sonra \u00e7\u0131karmad\u0131\u011f\u0131n\u0131 sordu\u011funu belirten K\u0131l\u0131\u00e7daro\u011flu, S\u0131nd\u0131rg\u0131&#8217;da yeni bir dosya a\u00e7t\u0131.<\/p>\n<p style=\"text-align: justify;\">K\u0131l\u0131\u00e7daro\u011flu, &#8220;Hazine M\u00fcste\u015farl\u0131\u011f\u0131&#8217;n\u0131n \u00f6n\u00fcnde bir dosya var. Bu dosyay\u0131 Hazine m\u00fcste\u015far\u0131 niye imzalam\u0131yor. Medya duysun, sorsunlar. Bu raporu bekliyorum ben. O raporda hangi bakan\u0131n dokunulmazl\u0131\u011f\u0131n\u0131n kald\u0131r\u0131lmas\u0131 isteniyor. O raporda 1.3 milyar liral\u0131k yani eski rakamla 1.3 katrilyon liral\u0131k bir hortum var arkada\u015flar. O arkada\u015f sormasayd\u0131, S\u0131nd\u0131rg\u0131&#8217;da bunu s\u00f6ylemeyecektim. Ba\u015fbakan cevab\u0131n\u0131 versin, Ali Babacan cevab\u0131n\u0131 versin. Yoksulun s\u0131rt\u0131ndan doyan doyana. Bunlar yoksulun s\u0131rt\u0131ndan doydular. Bu dosya onunla ilgili. Bu dosya \u00e7\u0131kt\u0131\u011f\u0131 zaman o yoksullu\u011fun nas\u0131l s\u00f6m\u00fcr\u00fcld\u00fc\u011f\u00fcn\u00fc, k\u00f6m\u00fcr da\u011f\u0131tarak nas\u0131l birilerine katrilyonlar\u0131n aktar\u0131ld\u0131\u011f\u0131n\u0131 hep beraber g\u00f6rece\u011fiz. Y\u00fcrekleri yetiyorsa imzalas\u0131nlar. Bekliyorum&#8221; dedi.<\/p>\n<p style=\"text-align: justify;\"><span style=\"color: #888888;\">CNN T\u00dcRK<\/span><\/p>\n","protected":false},"excerpt":{"rendered":"<p style=\"text-align: center;\">\n<p style=\"text-align: justify;\">CHP Grup Ba\u015fkanvekili Kemal K\u0131l\u0131\u00e7daro\u011flu, Bal\u0131kesir&#8217;in S\u0131nd\u0131rg\u0131 il\u00e7esinde bu y\u0131l 11&#8217;inci kez d\u00fczenlenen Ya\u011fc\u0131bedir Hal\u0131 Festivali&#8217;ne kat\u0131l\u0131rken, Ba\u015fbakan Recep Tayyip Erdo\u011fan&#8217;a sert ele\u015ftiriler y\u00f6neltti, yeni bir dosyas\u0131 oldu\u011funu a\u00e7\u0131klad\u0131.<\/p>\n<p style=\"text-align: justify;\">CHP \u0130stanbul \u0130l Ba\u015fkan\u0131 G\u00fcrsel Tekin&#8217;le S\u0131nd\u0131rg\u0131&#8217;ya gelen K\u0131l\u0131\u00e7daro\u011flu, Belediye Ba\u015fkan\u0131 \u00d6zg\u00fcr Ertu\u011frul&#8217;la hal\u0131 standlar\u0131n\u0131 gezip, esnafla sohbet etti.<\/p>\n","protected":false},"author":1,"featured_media":0,"comment_status":"open","ping_status":"closed","sticky":false,"template":"","format":"standard","meta":{"footnotes":""},"categories":[105],"tags":[],"class_list":["post-15046","post","type-post","status-publish","format-standard","hentry","category-gundem","odd"],"_links":{"self":[{"href":"http:\/\/www.korhanyilmaz.com\/index.php?rest_route=\/wp\/v2\/posts\/15046","targetHints":{"allow":["GET"]}}],"collection":[{"href":"http:\/\/www.korhanyilmaz.com\/index.php?rest_route=\/wp\/v2\/posts"}],"about":[{"href":"http:\/\/www.korhanyilmaz.com\/index.php?rest_route=\/wp\/v2\/types\/post"}],"author":[{"embeddable":true,"href":"http:\/\/www.korhanyilmaz.com\/index.php?rest_route=\/wp\/v2\/users\/1"}],"replies":[{"embeddable":true,"href":"http:\/\/www.korhanyilmaz.com\/index.php?rest_route=%2Fwp%2Fv2%2Fcomments&post=15046"}],"version-history":[{"count":0,"href":"http:\/\/www.korhanyilmaz.com\/index.php?rest_route=\/wp\/v2\/posts\/15046\/revisions"}],"wp:attachment":[{"href":"http:\/\/www.korhanyilmaz.com\/index.php?rest_route=%2Fwp%2Fv2%2Fmedia&parent=15046"}],"wp:term":[{"taxonomy":"category","embeddable":true,"href":"http:\/\/www.korhanyilmaz.com\/index.php?rest_route=%2Fwp%2Fv2%2Fcategories&post=15046"},{"taxonomy":"post_tag","embeddable":true,"href":"http:\/\/www.korhanyilmaz.com\/index.php?rest_route=%2Fwp%2Fv2%2Ftags&post=15046"}],"curies":[{"name":"wp","href":"https:\/\/api.w.org\/{rel}","templated":true}]}}