{"id":15037,"date":"2009-09-26T00:23:57","date_gmt":"2009-09-25T21:23:57","guid":{"rendered":"http:\/\/www.korhanyilmaz.com\/?p=15037"},"modified":"2009-09-26T00:23:57","modified_gmt":"2009-09-25T21:23:57","slug":"amca-garipoglu-da-gozaltinda","status":"publish","type":"post","link":"http:\/\/www.korhanyilmaz.com\/?p=15037","title":{"rendered":"Amca Garipo\u011flu da g\u00f6zalt\u0131nda"},"content":{"rendered":"<p><a href=\"http:\/\/www.korhanyilmaz.com\/wp-content\/uploads\/2009\/09\/hayyam2.jpg\"  class=\"lightview\"><img loading=\"lazy\" decoding=\"async\" class=\"aligncenter size-full wp-image-15038\" src=\"http:\/\/www.korhanyilmaz.com\/wp-content\/uploads\/2009\/09\/hayyam2.jpg\" alt=\"\" width=\"292\" height=\"205\" \/><\/a><\/p>\n<p style=\"text-align: justify;\">M\u00fcnevver Karabulut cinayeti soru\u015fturmas\u0131 kapsam\u0131nda, katil zanl\u0131s\u0131 Cem Garipo\u011flu&#8217;nun amcas\u0131 i\u015fadam\u0131 Hayyam Garipo\u011flu g\u00f6zalt\u0131na al\u0131nd\u0131. Cem Garipo\u011flu&#8217;na firar\u0131 s\u0131ras\u0131nda yard\u0131m ettikleri \u00f6ne s\u00fcr\u00fclen 3 ki\u015fi de tutukland\u0131.<\/p>\n<p style=\"text-align: justify;\">Bug\u00fcn Sultan Ahmet Adliyesi&#8217;ne sevk edilen \u015fof\u00f6r Ahmet Batur&#8217;un ifadesi&#8217;nde Cem Garipo\u011flu&#8217;nu bir s\u00fcre sakland\u0131\u011f\u0131 Beylikd\u00fcz\u00fc&#8217;ndeki evden babas\u0131 Mehmet Nida Garipo\u011flu ile Hayyam Garipo\u011flu g\u00f6t\u00fcrd\u00fc\u011f\u00fcn\u00fc iddia etti.<\/p>\n<p style=\"text-align: justify;\">Batur&#8217;un iddias\u0131 \u00fczerine savc\u0131l\u0131\u011f\u0131n talimat\u0131 ile Hayyam Garipo\u011flu g\u00f6zalt\u0131na al\u0131nd\u0131.<\/p>\n<p style=\"text-align: justify;\">Garipo\u011flu, Asayi\u015f \u015eube M\u00fcd\u00fcrl\u00fc\u011f\u00fc Cinayet B\u00fcro Amirli\u011fi ekiplerince \u015ei\u015fli Etfal E\u011fitim ve Ara\u015ft\u0131rma Hastanesi&#8217;ne g\u00f6t\u00fcr\u00fcld\u00fc. <!--more--><\/p>\n<p style=\"text-align: justify;\">Burada sa\u011fl\u0131k kontrol\u00fcnden ge\u00e7irilen Garipo\u011flu, ard\u0131ndan Asayi\u015f \u015eube M\u00fcd\u00fcrl\u00fc\u011f\u00fc&#8217;ne getirildi.<\/p>\n<p style=\"text-align: justify;\">Geceyi \u015fubede ge\u00e7recek olan Hayyam Garipo\u011flu&#8217;nun yar\u0131n adliyeye sevk edilece\u011fi \u00f6\u011frenildi.<\/p>\n<p style=\"text-align: justify;\"><strong><em>Ka\u00e7mas\u0131na yard\u0131m eden 3 ki\u015fi tutukland\u0131 <\/em><\/strong><\/p>\n<p style=\"text-align: justify;\">Bu arada, katil zanl\u0131s\u0131 Cem Garipo\u011flu&#8217;na firar\u0131 s\u0131ras\u0131nda yard\u0131mc\u0131 olduklar\u0131 \u00f6ne s\u00fcr\u00fclen ki\u015filere y\u00f6nelik ba\u015flat\u0131lan \u00e7al\u0131\u015fma kapsam\u0131nda g\u00f6zalt\u0131na al\u0131nan 3 ki\u015fi tutukland\u0131.<\/p>\n<p style=\"text-align: justify;\">Sultanahmet&#8217;teki \u0130stanbul Adliyesi&#8217;nde, soru\u015fturmay\u0131 y\u00fcr\u00fcten Cumhuriyet Savc\u0131s\u0131 Faruk Er\u015fen Y\u0131lmaz taraf\u0131ndan sorgulanan 4 ki\u015fiden H.\u00c7. serbest b\u0131rak\u0131l\u0131rken, katil zanl\u0131s\u0131 Cem Garip\u011folu&#8217;nun babas\u0131 Nida Garipo\u011flu&#8217;nun \u015fof\u00f6r\u00fc A.B, aile \u015firketinin sat\u0131n alma m\u00fcd\u00fcr\u00fc M.K. ve \u015firket \u00e7al\u0131\u015fan\u0131 H.K, n\u00f6bet\u00e7i mahkemede hakim kar\u015f\u0131s\u0131na \u00e7\u0131kt\u0131. Mahkeme, A.B, M.K. ve H.K&#8217;n\u0131n tutuklanmas\u0131na karar verdi.<\/p>\n<p style=\"text-align: justify;\">Bu 3 ki\u015fi, emniyet g\u00f6revlileri taraf\u0131ndan Metris Cezaevi&#8217;ne g\u00f6t\u00fcr\u00fcld\u00fc. Bu arada, A.B, M.K. ve H.K&#8217;n\u0131n, &#8220;su\u00e7luyu kay\u0131rma&#8221; ve &#8220;delilleri karartma&#8221; iddias\u0131yla tutukland\u0131klar\u0131 \u00f6\u011frenildi.<\/p>\n<p style=\"text-align: justify;\"><span style=\"color: #888888;\">CNN T\u00dcRK<\/span><\/p>\n","protected":false},"excerpt":{"rendered":"<\/p>\n<p style=\"text-align: justify;\">M\u00fcnevver Karabulut cinayeti soru\u015fturmas\u0131 kapsam\u0131nda, katil zanl\u0131s\u0131 Cem Garipo\u011flu&#8217;nun amcas\u0131 i\u015fadam\u0131 Hayyam Garipo\u011flu g\u00f6zalt\u0131na al\u0131nd\u0131. Cem Garipo\u011flu&#8217;na firar\u0131 s\u0131ras\u0131nda yard\u0131m ettikleri \u00f6ne s\u00fcr\u00fclen 3 ki\u015fi de tutukland\u0131.<\/p>\n<p style=\"text-align: justify;\">Bug\u00fcn Sultan Ahmet Adliyesi&#8217;ne sevk edilen \u015fof\u00f6r Ahmet Batur&#8217;un ifadesi&#8217;nde Cem Garipo\u011flu&#8217;nu bir s\u00fcre sakland\u0131\u011f\u0131 Beylikd\u00fcz\u00fc&#8217;ndeki evden babas\u0131 Mehmet Nida Garipo\u011flu ile Hayyam <\/p>\n","protected":false},"author":1,"featured_media":0,"comment_status":"open","ping_status":"closed","sticky":false,"template":"","format":"standard","meta":{"footnotes":""},"categories":[105],"tags":[],"class_list":["post-15037","post","type-post","status-publish","format-standard","hentry","category-gundem","odd"],"_links":{"self":[{"href":"http:\/\/www.korhanyilmaz.com\/index.php?rest_route=\/wp\/v2\/posts\/15037","targetHints":{"allow":["GET"]}}],"collection":[{"href":"http:\/\/www.korhanyilmaz.com\/index.php?rest_route=\/wp\/v2\/posts"}],"about":[{"href":"http:\/\/www.korhanyilmaz.com\/index.php?rest_route=\/wp\/v2\/types\/post"}],"author":[{"embeddable":true,"href":"http:\/\/www.korhanyilmaz.com\/index.php?rest_route=\/wp\/v2\/users\/1"}],"replies":[{"embeddable":true,"href":"http:\/\/www.korhanyilmaz.com\/index.php?rest_route=%2Fwp%2Fv2%2Fcomments&post=15037"}],"version-history":[{"count":0,"href":"http:\/\/www.korhanyilmaz.com\/index.php?rest_route=\/wp\/v2\/posts\/15037\/revisions"}],"wp:attachment":[{"href":"http:\/\/www.korhanyilmaz.com\/index.php?rest_route=%2Fwp%2Fv2%2Fmedia&parent=15037"}],"wp:term":[{"taxonomy":"category","embeddable":true,"href":"http:\/\/www.korhanyilmaz.com\/index.php?rest_route=%2Fwp%2Fv2%2Fcategories&post=15037"},{"taxonomy":"post_tag","embeddable":true,"href":"http:\/\/www.korhanyilmaz.com\/index.php?rest_route=%2Fwp%2Fv2%2Ftags&post=15037"}],"curies":[{"name":"wp","href":"https:\/\/api.w.org\/{rel}","templated":true}]}}