{"id":15033,"date":"2009-09-25T19:54:07","date_gmt":"2009-09-25T16:54:07","guid":{"rendered":"http:\/\/www.korhanyilmaz.com\/?p=15033"},"modified":"2009-09-25T19:54:07","modified_gmt":"2009-09-25T16:54:07","slug":"3-emniyet-muduru-tutuklandi","status":"publish","type":"post","link":"http:\/\/www.korhanyilmaz.com\/?p=15033","title":{"rendered":"3 emniyet m\u00fcd\u00fcr\u00fc tutukland\u0131"},"content":{"rendered":"<p style=\"text-align: center;\"><a href=\"http:\/\/www.korhanyilmaz.com\/wp-content\/uploads\/2009\/09\/tutuklama.jpg\"  class=\"lightview\"><img loading=\"lazy\" decoding=\"async\" class=\"aligncenter size-full wp-image-15034\" src=\"http:\/\/www.korhanyilmaz.com\/wp-content\/uploads\/2009\/09\/tutuklama.jpg\" alt=\"\" width=\"307\" height=\"236\" \/><\/a><\/p>\n<p style=\"text-align: justify;\">\u0130stanbul polisinin ger\u00e7ekle\u015ftirdi\u011fi uyu\u015fturucu operasyonuna ad\u0131 kar\u0131\u015fan Emniyet Genel M\u00fcd\u00fcr Yard\u0131mc\u0131s\u0131 Emin Arslan ve 2 emniyet m\u00fcd\u00fcr\u00fc, &#8220;ka\u00e7ma ve delilleri karartma&#8221; \u015f\u00fcphesiyle tutukland\u0131. Bu arada, \u00e7ok \u00f6nemli bir geli\u015fme ortaya \u00e7\u0131kt\u0131; Emin Arslan&#8217;\u0131 gizli kamerayla \u00e7eken bir ki\u015fi yakaland\u0131. Arslan&#8217;\u0131n avukat\u0131 karara 7 g\u00fcn i\u00e7inde itiraz edeceklerini a\u00e7\u0131klad\u0131.<\/p>\n<p style=\"text-align: justify;\">Be\u015fikta\u015f&#8217;taki \u0130stanbul Adliyesi&#8217;ne saat 13.10&#8217;da gelen Emin Arslan ile 4. s\u0131n\u0131f emniyet m\u00fcd\u00fcrleri Murat Nemutlu ve Mustafa Aral, N\u00f6bet\u00e7i \u0130stanbul 10. A\u011f\u0131r Ceza Mahkemesi&#8217;nde hakim kar\u015f\u0131s\u0131na \u00e7\u0131kt\u0131.<\/p>\n<p style=\"text-align: justify;\">Burada tutuklama karar\u0131 zanl\u0131lar\u0131n y\u00fczlerine okundu.<\/p>\n<p style=\"text-align: justify;\">Arslan ile di\u011fer iki emniyet g\u00f6revlisi Pa\u015fakap\u0131s\u0131 Cezaevi&#8217;ne g\u00f6nderildi. <!--more--><\/p>\n<p style=\"text-align: justify;\">Aral&#8217;\u0131n avukat\u0131 \u0130brahim K\u0131r\u0131k\u00e7\u0131 duru\u015fma \u00e7\u0131k\u0131\u015f\u0131nda gazetecilerin sorular\u0131n\u0131 yan\u0131tlad\u0131 ve &#8220;Biz de itiraz hakk\u0131m\u0131z\u0131 kullanaca\u011f\u0131z&#8221; diye konu\u015ftu.<\/p>\n<p style=\"text-align: justify;\">Gazetecilerin, &#8220;emniyet m\u00fcd\u00fcrlerinin tutuklanma gerek\u00e7esini&#8221; sordu\u011fu K\u0131r\u0131k\u00e7\u0131, m\u00fcvekkillerinin, Ceza Muhakemeleri Kanunu&#8217;nun (CMK) 100. maddesi gere\u011fince tutukland\u0131\u011f\u0131n\u0131n kendilerine tebli\u011f edildi\u011fini, ancak T\u00fcrk Ceza Kanunu&#8217;ndaki norm maddelerden hangisiyle su\u00e7land\u0131klar\u0131n\u0131n \u00e7ok a\u00e7\u0131k bir \u015fekilde tespit edilmedi\u011fini s\u00f6yledi.<\/p>\n<p style=\"text-align: justify;\"><strong><em>Polislerden helallik istedi <\/em><\/strong><\/p>\n<p style=\"text-align: justify;\">Bu arada, Nemutlu ve Aral ile haklar\u0131nda tutuklama karar\u0131 verilmesinin ard\u0131ndan adliyedeki Adli T\u0131p \u015eubesi&#8217;nde sa\u011fl\u0131k raporu al\u0131nan Arslan&#8217;\u0131n, adliye \u00f6n\u00fcnde narkotik polislerince cezaevine g\u00f6t\u00fcr\u00fclmek \u00fczere sivil araca bindirilmeden \u00f6nce \u00e7evresindeki polis memurlar\u0131n\u0131n elini s\u0131karak, &#8220;Hakk\u0131n\u0131z\u0131 helal edin&#8221; dedi\u011fi g\u00f6r\u00fcld\u00fc.<\/p>\n<p style=\"text-align: justify;\">\u00d6te yandan, Emin Arslan&#8217;\u0131n, di\u011fer 2 emniyet g\u00f6revlisiyle koridorda mahkemeye \u00e7\u0131kmay\u0131 bekledi\u011fi s\u0131rada, bir ki\u015finin kendisini uzaktan kumandaya benzer k\u00fc\u00e7\u00fck bir cihazla g\u00f6r\u00fcnt\u00fcledi\u011fini fark ederek, m\u00fcdahalede bulundu\u011fu bu ki\u015fiyi polislere \u015fikayet etti\u011fi \u00f6\u011frenildi.<\/p>\n<p style=\"text-align: justify;\">Elindeki cihaz\u0131 pencereden atmaya \u00e7al\u0131\u015ft\u0131\u011f\u0131 ve mesle\u011fiyle ilgili \u00e7eli\u015fkili ifadelerde bulundu\u011fu iddia edilen bu ki\u015finin, n\u00f6bet\u00e7i savc\u0131 taraf\u0131ndan hakk\u0131nda i\u015flem yap\u0131ld\u0131ktan sonra Be\u015fikta\u015f Polis Merkezi&#8217;ne g\u00f6t\u00fcr\u00fcld\u00fc\u011f\u00fc kaydedildi.<\/p>\n<p style=\"text-align: justify;\"><strong><em>Arslan: &#8220;Su\u00e7suzum&#8230;&#8221; <\/em><\/strong><\/p>\n<p style=\"text-align: justify;\">Emin Arslan, d\u00fcnk\u00fc karar\u0131n ard\u0131ndan yapt\u0131\u011f\u0131 a\u00e7\u0131klamada, &#8220;Hi\u00e7bir su\u00e7 i\u015flemedim. Yanl\u0131\u015f yorumland\u0131\u011f\u0131n\u0131 d\u00fc\u015f\u00fcn\u00fcyorum. Ger\u00e7ek zaman i\u00e7erisinde ortaya \u00e7\u0131kacak&#8221; dedi.<\/p>\n<p style=\"text-align: justify;\">Emin Arslan&#8217;\u0131n, \u0130stanbul Narkotik Su\u00e7larla M\u00fccadele \u015eube M\u00fcd\u00fcrl\u00fc\u011f\u00fc ekiplerinin ger\u00e7ekle\u015ftirdi\u011fi ve boyutu 2 milyar liray\u0131 bulan uyu\u015fturucu operasyonu sonras\u0131nda hakk\u0131nda iddialar \u00e7\u0131km\u0131\u015f ve 16 Eyl\u00fcl&#8217;de sabah saatlerinde Be\u015fikta\u015f&#8217;taki \u0130stanbul Adliyesi&#8217;ne gelerek soru\u015fturmay\u0131 y\u00fcr\u00fcten Savc\u0131 Mehmet Berk&#8217;e ifade vermi\u015fti.<\/p>\n<p style=\"text-align: justify;\">Zira; Emniyet te\u015fkilat\u0131n\u0131n en \u00fcst d\u00fczey y\u00f6neticilerinden, ka\u00e7ak\u00e7\u0131l\u0131ktan sorumlu Emniyet Genel M\u00fcd\u00fcr Yard\u0131mc\u0131s\u0131 Emin Arslan&#8217;\u0131n ad\u0131 uyu\u015fturucu baronu oldu\u011fu iddia edilen Habip Kanat ile an\u0131l\u0131yor. Arslan&#8217;\u0131n 2 milyar liral\u0131k uyu\u015fturucu ile yakalanan i\u015fadam\u0131 Habib Kanat&#8217;\u0131 y\u0131llarca korudu\u011fu ve ona bilgi verdi\u011fi iddia ediliyor.<\/p>\n<p style=\"text-align: justify;\"><span style=\"color: #888888;\">CNN T\u00dcRK<\/span><\/p>\n","protected":false},"excerpt":{"rendered":"<p style=\"text-align: center;\">\n<p style=\"text-align: justify;\">\u0130stanbul polisinin ger\u00e7ekle\u015ftirdi\u011fi uyu\u015fturucu operasyonuna ad\u0131 kar\u0131\u015fan Emniyet Genel M\u00fcd\u00fcr Yard\u0131mc\u0131s\u0131 Emin Arslan ve 2 emniyet m\u00fcd\u00fcr\u00fc, &#8220;ka\u00e7ma ve delilleri karartma&#8221; \u015f\u00fcphesiyle tutukland\u0131. Bu arada, \u00e7ok \u00f6nemli bir geli\u015fme ortaya \u00e7\u0131kt\u0131; Emin Arslan&#8217;\u0131 gizli kamerayla \u00e7eken bir ki\u015fi yakaland\u0131. Arslan&#8217;\u0131n avukat\u0131 karara 7 g\u00fcn i\u00e7inde itiraz edeceklerini a\u00e7\u0131klad\u0131.<\/p>\n<p style=\"text-align:  \n\n","protected":false},"author":1,"featured_media":0,"comment_status":"open","ping_status":"closed","sticky":false,"template":"","format":"standard","meta":{"footnotes":""},"categories":[105],"tags":[],"class_list":["post-15033","post","type-post","status-publish","format-standard","hentry","category-gundem","odd"],"_links":{"self":[{"href":"http:\/\/www.korhanyilmaz.com\/index.php?rest_route=\/wp\/v2\/posts\/15033","targetHints":{"allow":["GET"]}}],"collection":[{"href":"http:\/\/www.korhanyilmaz.com\/index.php?rest_route=\/wp\/v2\/posts"}],"about":[{"href":"http:\/\/www.korhanyilmaz.com\/index.php?rest_route=\/wp\/v2\/types\/post"}],"author":[{"embeddable":true,"href":"http:\/\/www.korhanyilmaz.com\/index.php?rest_route=\/wp\/v2\/users\/1"}],"replies":[{"embeddable":true,"href":"http:\/\/www.korhanyilmaz.com\/index.php?rest_route=%2Fwp%2Fv2%2Fcomments&post=15033"}],"version-history":[{"count":0,"href":"http:\/\/www.korhanyilmaz.com\/index.php?rest_route=\/wp\/v2\/posts\/15033\/revisions"}],"wp:attachment":[{"href":"http:\/\/www.korhanyilmaz.com\/index.php?rest_route=%2Fwp%2Fv2%2Fmedia&parent=15033"}],"wp:term":[{"taxonomy":"category","embeddable":true,"href":"http:\/\/www.korhanyilmaz.com\/index.php?rest_route=%2Fwp%2Fv2%2Fcategories&post=15033"},{"taxonomy":"post_tag","embeddable":true,"href":"http:\/\/www.korhanyilmaz.com\/index.php?rest_route=%2Fwp%2Fv2%2Ftags&post=15033"}],"curies":[{"name":"wp","href":"https:\/\/api.w.org\/{rel}","templated":true}]}}