{"id":15029,"date":"2009-09-25T13:56:57","date_gmt":"2009-09-25T10:56:57","guid":{"rendered":"http:\/\/www.korhanyilmaz.com\/?p=15029"},"modified":"2009-09-25T13:56:57","modified_gmt":"2009-09-25T10:56:57","slug":"ceteden-tutuklandi","status":"publish","type":"post","link":"http:\/\/www.korhanyilmaz.com\/?p=15029","title":{"rendered":"\u00c7eteden tutukland\u0131"},"content":{"rendered":"<p style=\"text-align: center;\"><a href=\"http:\/\/www.korhanyilmaz.com\/wp-content\/uploads\/2009\/09\/karargah.jpg\"  class=\"lightview\"><img loading=\"lazy\" decoding=\"async\" class=\"aligncenter size-full wp-image-15030\" src=\"http:\/\/www.korhanyilmaz.com\/wp-content\/uploads\/2009\/09\/karargah.jpg\" alt=\"\" width=\"329\" height=\"210\" \/><\/a><\/p>\n<p style=\"text-align: justify;\">&#8220;Karargah Evleri&#8221; soru\u015fturmas\u0131n\u0131 y\u00fcr\u00fct\u00fcyordu.<\/p>\n<p style=\"text-align: justify;\">\u0130stanbul polisi \u201carazi ya\u011fmalama\u201d, \u201caskeri ihaleye fesat kar\u0131\u015ft\u0131rma\u201d, \u201csahte \u00e7\u00fcr\u00fck raporu\u201d iddias\u0131yla su\u00e7lanan bir \u015febekeye d\u00fczenlenen operasyonda \u00fc\u00e7\u00fc kad\u0131n 14 ki\u015fi g\u00f6zalt\u0131na ald\u0131. \u015eebekeyle ba\u011flant\u0131s\u0131 oldu\u011fu iddia edilen Hava Hakim Albay Askeri Savc\u0131 Ahmet Zeki \u00dc\u00e7ok da ifade verdi.Verdi\u011fi ifade sonras\u0131 tuklama istemiyle n\u00f6betci mahkemeye sevkedilen \u00dc\u00e7ok n\u00f6bet\u00e7i mahkeme taraf\u0131ndan tutuklanarak Hastal Askeri Cazaevi&#8217;ne g\u00f6nderildi.<\/p>\n<p style=\"text-align: justify;\">\u00dc\u00e7ok, daha \u00f6nce de \u201cKarargah Evleri Soru\u015fturmas\u0131\u201dn\u0131 3 y\u0131l boyunca \u00f6rtbas etti\u011fi iddialar\u0131yla g\u00fcndeme gelmi\u015fti&#8230; <!--more--><\/p>\n<p style=\"text-align: justify;\">\u0130stanbul Organize Su\u00e7lar \u015eube M\u00fcd\u00fcrl\u00fc\u011f\u00fc ile Ankara Organize Su\u00e7lar \u015eube M\u00fcd\u00fcrl\u00fc\u011f\u00fc ekiplerinin ortakla\u015fa d\u00fczenledi\u011fi \u201csahte \u00e7\u00fcr\u00fck raporu\u201d operasyonu kapsam\u0131nda 30 ayr\u0131 adrese e\u015f zamanl\u0131 operasyon d\u00fczenledi. \u00c7etenin Turgay T. isimli i\u015f adam\u0131n\u0131n etraf\u0131nda toplanarak askere gitmek istemeyen varl\u0131kl\u0131 ki\u015filere para kar\u015f\u0131l\u0131\u011f\u0131nda sahte \u00e7\u00fcr\u00fck raporu haz\u0131rlamak, sahte \u00e7\u00fcr\u00fck raporu alamayanlar\u0131 ise istedi\u011fi yerde askerlik yapmas\u0131n\u0131 sa\u011flad\u0131\u011f\u0131 \u00f6ne s\u00fcr\u00fcld\u00fc.<\/p>\n<p style=\"text-align: justify;\"><strong><em>20 bin dolara \u00e7\u00fcr\u00fck raporu <\/em><\/strong><\/p>\n<p style=\"text-align: justify;\">\u00c7ete \u00fcyelerinin haz\u0131rlanan \u00e7\u00fcr\u00fck raporu ba\u015f\u0131na 20 bin dolar ald\u0131\u011f\u0131, baz\u0131 b\u00fcrokratlar\u0131 ikna etmek i\u00e7in kendilerine kad\u0131n g\u00f6nderdi\u011fi, ayr\u0131ca arazi ya\u011fmalamak ve askeri ihalelere fesat kar\u0131\u015ft\u0131rmak gibi iddialarla da su\u00e7land\u0131\u011f\u0131 iddia edildi. \u0130stanbul Cumhuriyet Ba\u015fsavc\u0131l\u0131\u011f\u0131 taraf\u0131ndan y\u00fcr\u00fct\u00fclen soru\u015fturmada \u201cKarargah Evleri\u201d soru\u015fturmas\u0131n\u0131 y\u00fcr\u00fcten Askeri Savc\u0131 Ahmet Zeki \u00dc\u00e7ok\u2019un ad\u0131 da ge\u00e7ti. \u00c7ete ile ba\u011flant\u0131s\u0131 oldu\u011fu iddia edilen Savc\u0131 \u00dc\u00e7ok, d\u00fcn sabah 09.00 s\u0131ralar\u0131nda soru\u015fturma Savc\u0131s\u0131 Hikmet Usta\u2019ya ifade vermek i\u00e7in Be\u015fikta\u015f\u2019taki \u0130stanbul Adliyesi\u2019ne geldi. Merkez Komutanl\u0131\u011f\u0131\u2019na ait iki ara\u00e7 e\u015fli\u011finde sivil plakal\u0131 Renault Megane marka otomobil ile adliyeye gelen askeri savc\u0131 \u00dc\u00e7ok, protokol kap\u0131s\u0131ndan giri\u015f yapt\u0131.<\/p>\n<p style=\"text-align: justify;\"><strong><em>\u2019Teknik takibe tak\u0131ld\u0131\u2019 iddias\u0131 <\/em><\/strong><\/p>\n<p style=\"text-align: justify;\">Ak\u015fam saatlerine kadar soru\u015fturmay\u0131 y\u00fcr\u00fcten savc\u0131 Hikmet Usta\u2019ya ifade verdi\u011fi \u00f6\u011frenilen \u00dc\u00e7ok\u2019un teknik takibe tak\u0131ld\u0131\u011f\u0131, \u015febeke \u00fcyeleriyle yapt\u0131\u011f\u0131 telefon g\u00f6r\u00fc\u015fmeleri nedeniyle ifadesine ba\u015fvuruldu\u011fu \u00f6ne s\u00fcr\u00fcld\u00fc. Ankara ve \u0130stanbul organize polisince d\u00fczenlenen operasyonlar kapsam\u0131nda \u00fc\u00e7\u00fc kad\u0131n 14 ki\u015fi \u015f\u00fcpheli olarak g\u00f6zalt\u0131na al\u0131nd\u0131. \u0130stanbul Organize Su\u00e7larla M\u00fccadele \u015eube M\u00fcd\u00fcrl\u00fc\u011f\u00fc\u2019nde g\u00f6zalt\u0131nda tutulan \u015f\u00fcphelilerin Pazar g\u00fcn\u00fc adliyeye sevk edilmesi bekleniyor. Sorgusu s\u00fcren \u015f\u00fcpheliler aras\u0131nda iki sivil memur, \u00fc\u00e7 kad\u0131n, iki emekli astsubay ve bir emekli binba\u015f\u0131 bulunuyor.<\/p>\n<p style=\"text-align: justify;\"><strong><em>Askerden ka\u00e7anlar belirlenecek <\/em><\/strong><\/p>\n<p style=\"text-align: justify;\">\u00c7ete \u00fcyelerinin aralar\u0131nda \u00fcnl\u00fc isimlerin de bulundu\u011fu \u00e7ok say\u0131da ki\u015fiye sahte \u00e7\u00fcr\u00fck raporu \u00e7\u0131kartt\u0131klar\u0131, baz\u0131lar\u0131n\u0131n ise istedikleri yerde askerlik yapmas\u0131n\u0131 sa\u011flad\u0131klar\u0131 iddia edildi. G\u00f6zalt\u0131na al\u0131nan \u015f\u00fcphelilerin kald\u0131klar\u0131 yerlerde \u00e7ok say\u0131da evrak bulundu\u011funu belirten emniyet yetkilileri, \u015febekenin kimlere sahte \u00e7\u00fcr\u00fck raporu haz\u0131rlad\u0131\u011f\u0131n\u0131n belirlenmesi i\u00e7in \u00e7al\u0131\u015fmalar\u0131n devam etti\u011fini a\u00e7\u0131klad\u0131. Polis \u015febeke arac\u0131l\u0131\u011f\u0131yla ald\u0131klar\u0131 sahte \u00e7\u00fcr\u00fck raporu sayesinde askerlik yapmayan ya da istedi\u011fi yerde askerli\u011fini yapan ki\u015filerin tespit edilmesi i\u00e7in \u00e7al\u0131\u015fmalar\u0131n s\u00fcrd\u00fc\u011f\u00fcn\u00fc, operasyonun ikinci aya\u011f\u0131n\u0131 bu konunun olu\u015fturaca\u011f\u0131n\u0131 bildirdi.<\/p>\n<p style=\"text-align: justify;\"><strong><em>Hakk\u0131nda r\u00fc\u015fvetten hipnozla i\u015fkenceye bir\u00e7ok su\u00e7lama var <\/em><\/strong><\/p>\n<p style=\"text-align: justify;\">Askeri Savc\u0131 Albay Ahmet Zeki \u00dc\u00e7ok, daha \u00f6nce \u201cr\u00fc\u015fvet\u201d, \u201csahtecilik\u201d, \u201ci\u015fkence ile ifade alma\u201d ve \u201cKarargah Evleri Soru\u015fturmas\u0131\u201d n\u0131 3 y\u0131l boyunca \u00f6rtbas etmek gibi iddialarla g\u00fcndeme gelmi\u015fti. \u00dc\u00e7ok\u2019u gazete man\u015fetlerine ta\u015f\u0131yan ilk olay Ergenekon soru\u015fturmas\u0131 dosyas\u0131na da giren Karargah Evleri Soru\u015fturmas\u0131 ile ilgiliydi. M\u0130T Trakya B\u00f6lge M\u00fcd\u00fcrl\u00fc\u011f\u00fc 2005 y\u0131l\u0131nda, \u0130\u015f\u00e7i Partisi\u2019nin (\u0130P) askeri okullarda \u201cKarargah Evleri\u201d ad\u0131 alt\u0131nda yeni bir olu\u015fuma gitti\u011fi y\u00f6n\u00fcnde bir dosya haz\u0131rlayarak Hava Kuvvetleri Komutanl\u0131\u011f\u0131\u2019na g\u00f6ndermi\u015fti. Hava Kuvvetleri Komutanl\u0131\u011f\u0131 da dosyay\u0131 soru\u015fturmak \u00fczere Askeri Savc\u0131 Ahmet Zeki \u00dc\u00e7ok\u2019a g\u00f6nderdi. Ancak \u00dc\u00e7ok iddiaya g\u00f6re, soru\u015fturma a\u00e7mak yerine dosyay\u0131 3 y\u0131l boyunca masas\u0131nda bekletti. Karargah Evleri Ergenekon soru\u015fturmas\u0131 s\u0131ras\u0131nda yeniden g\u00fcndeme gelince \u00dc\u00e7ok, 3 y\u0131ld\u0131r s\u00fcmenalt\u0131nda bekletti\u011fi dosyay\u0131 i\u015fleme soktu fakat bu kez icraatlar\u0131yla tart\u0131\u015fma konusu oldu. \u00dc\u00e7ok, \u0130\u015f\u00e7i Partisi\u2019nin (\u0130P) askeri okullardaki yap\u0131lanmas\u0131yla ilgili soru\u015fturulan dosyaya bilirki\u015fi olarak 2007 genel se\u00e7imlerinde \u0130\u015f\u00e7i Partisi\u2019nden \u0130stanbul 1. B\u00f6lge 7. S\u0131ra milletvekili aday\u0131 olan emekli Elektronik Y\u00fcksek M\u00fchendisi Sami Toprak\u2019\u0131 bilirki\u015fi olarak atad\u0131. \u00dc\u00e7ok\u2019un bu skandal tasarrufu kamuoyunda b\u00fcy\u00fck tart\u0131\u015fmalara neden oldu. Soru\u015fturma dosyas\u0131 \u00dc\u00e7ok\u2019tan al\u0131nd\u0131.<\/p>\n<p style=\"text-align: justify;\"><strong><em>ASTRONOM\u0130K MAL VARLI\u011eI <\/em><\/strong><\/p>\n<p style=\"text-align: justify;\">Tart\u0131\u015fmal\u0131 icraatlar\u0131yla g\u00fcndeme gelen \u00dc\u00e7ok, ge\u00e7ti\u011fimiz y\u0131l hakk\u0131nda a\u00e7\u0131lan iki ayr\u0131 soru\u015fturma nedeniyle iki ayr\u0131 k\u0131nama cezas\u0131 alm\u0131\u015ft\u0131. \u00dc\u00e7ok hakk\u0131nda ba\u015flat\u0131lan ilk soru\u015fturma 22 Aral\u0131k 2008\u2019de Askeri Yarg\u0131tay Ba\u015fkanl\u0131\u011f\u0131 ve Yarg\u0131tay Ba\u015fsavc\u0131l\u0131\u011f\u0131\u2019na g\u00f6nderilen bir ihbar mektubu ile a\u00e7\u0131ld\u0131. \u0130hbar mektubunda \u00dc\u00e7ok\u2019un, Hava Hakim Y\u00fczba\u015f\u0131 Mehmet \u00c7elik ve d\u00f6nemin \u00c7ankaya Belediye Ba\u015fkan\u0131 Muzaffer Ery\u0131lmaz ile birlikte \u00e7\u0131kar ve i\u015fbirli\u011fi i\u00e7erisine girerek belediyenin en de\u011ferli ta\u015f\u0131nmazlar\u0131n\u0131 ele ge\u00e7irmeye \u00e7al\u0131\u015ft\u0131klar\u0131 ve ba\u015fkalar\u0131na ait ta\u015f\u0131nmazlara abart\u0131l\u0131 imar haklar\u0131n\u0131n verilmesini sa\u011flayarak trilyonlarca lira \u00e7\u0131kar sa\u011flad\u0131klar\u0131 iddialar\u0131 bulunuyordu.<\/p>\n<p style=\"text-align: justify;\">\u0130ddialara g\u00f6re Hava Hakim Y\u00fczba\u015f\u0131 \u00c7elik\u2019in kendi el yaz\u0131s\u0131yla 2005 y\u0131l\u0131nda beyan etti\u011fi mal varl\u0131\u011f\u0131 aras\u0131nda Grand Cherokee ve Range Rover marka iki cipten kilolarca ziynet e\u015fyas\u0131 ve y\u00fcz binlerce lira de\u011ferinde araziler bulunuyordu.<\/p>\n<p style=\"text-align: justify;\"><em><strong>\u0130K\u0130 KINAMA CEZASI ALDI<\/strong><\/em><\/p>\n<p style=\"text-align: justify;\">Milli Savunma Bakanl\u0131\u011f\u0131\u2019n\u0131n yaz\u0131l\u0131 talimat\u0131 \u00fczerine ba\u015flat\u0131lan incelemenin ard\u0131ndan \u00dc\u00e7ok\u2019a k\u0131nama cezas\u0131 verildi. K\u0131nama cezalar\u0131 \u00dc\u00e7ok\u2019a yaz\u0131l\u0131 olarak tebli\u011f edilirken, ceza karar\u0131n\u0131n bir sureti \u00dc\u00e7ok\u2019un Kuvvet Komutanl\u0131\u011f\u0131\u2019ndaki \u015fahsi dosyas\u0131na konularak siciline i\u015flendi.<\/p>\n<p style=\"text-align: justify;\"><strong><em>EVRAKTA SAHTEC\u0130L\u0130K SU\u00c7LAMASI <\/em><\/strong><\/p>\n<p style=\"text-align: justify;\">\u00dc\u00e7ok\u2019a verilen ikinci k\u0131nama cezas\u0131 ise yard\u0131mc\u0131s\u0131 H\u00e2kim Y\u00fczba\u015f\u0131 Mehmet \u00c7elik\u2019in, Konya\u2019n\u0131n Yunak il\u00e7esinde kar\u0131\u015ft\u0131\u011f\u0131 silahl\u0131 tehdit olay\u0131yla ilgili soru\u015fturma nedeniyle geldi. \u0130ddialara g\u00f6re Mehmet \u00c7elik, Konya\u2019n\u0131n Yunak \u0130l\u00e7esi\u2019nde kat\u0131ld\u0131\u011f\u0131 bir d\u00fc\u011f\u00fcnde silah\u0131n\u0131 \u00e7ekerek \u00e7evredekileri tehdit etti. Bunun \u00fczerine d\u00fc\u011f\u00fcne kat\u0131lanlar, \u00c7elik hakk\u0131nda su\u00e7 duyurusunda bulundu. Dosyay\u0131 inceleyen Konya Yunak Cumhuriyet Savc\u0131l\u0131\u011f\u0131, Hava Kuvvetleri Komutanl\u0131\u011f\u0131 Askeri Savc\u0131l\u0131\u011f\u0131\u2019na 13 Kas\u0131m 2008 tarihinde bir yaz\u0131 yazarak Mehmet \u00c7elik\u2019in foto\u011fraf\u0131n\u0131 istedi. \u00dc\u00e7ok, Mehmet \u00c7elik diye ayn\u0131 birimde \u00e7al\u0131\u015fan ve olaylardan haberi olmayan \u00fcste\u011fmen \u00d6zg\u00fcr T\u00fcfek\u00e7i\u2019nin foto\u011fraf\u0131n\u0131 belgeye yap\u0131\u015ft\u0131r\u0131p 16 Aral\u0131k 2008\u2019de Yunak Cumhuriyet Ba\u015fsavc\u0131l\u0131\u011f\u0131\u2019na cevap yaz\u0131s\u0131 g\u00f6nderdi. Yunak Savc\u0131l\u0131\u011f\u0131, skandal \u00fczerine Milli Savunma Bakanl\u0131\u011f\u0131\u2019na su\u00e7 duyurusunda bulundu. \u00dc\u00e7ok\u2019a k\u0131nama cezas\u0131 verildi.<\/p>\n<p style=\"text-align: justify;\"><strong><em>H\u0130PNOZLA \u0130\u015eKENCE \u0130DD\u0130ALARI<\/em><\/strong><\/p>\n<p style=\"text-align: justify;\">\u00dc\u00e7ok en son hipnozla i\u015fkence alt\u0131nda ifade almak su\u00e7lamas\u0131yla g\u00fcndeme geldi. Kayseri 2. Hava \u0130kmal Bak\u0131m Merkezi\u2019nde ge\u00e7ti\u011fimiz Mart ay\u0131nda irticai faaliyet y\u00fcr\u00fctt\u00fckleri iddias\u0131yla g\u00f6zalt\u0131na al\u0131nan astsubaylar Ali Balta, \u0130smail Da\u011f ve Orhan G\u00fcle\u00e7, iddiaya g\u00f6re Emekli Yarbay G\u00fcrol Do\u011fan taraf\u0131ndan hipnoz ve ila\u00e7la sorgulanm\u0131\u015ft\u0131. Yakla\u015f\u0131k olarak 10 g\u00fcn s\u00fcren bu hipnozlu sorgulamaya Hava Kuvvetleri Adli M\u00fc\u015faviri Hakim Albay Ahmet Zeki \u00dc\u00e7ok da kat\u0131lm\u0131\u015ft\u0131. G\u00fcrol Do\u011fan, daha sonra adliyeye sevk edilen astsubaylar\u0131n avukatlar\u0131n\u0131n \u015fikayeti \u00fczerine a\u00e7\u0131lan soru\u015fturma kapsam\u0131nda, \u201cZeki Albay\u2019\u0131m (Ahmet Zeki \u00dc\u00e7ok) istedi\u011fi i\u00e7in yapt\u0131m\u201d demi\u015fti.<\/p>\n<p style=\"text-align: justify;\"><strong><em>DEM\u0130RTA\u015e\u2019IN SAVCISI <\/em><\/strong><\/p>\n<p style=\"text-align: justify;\">\u00d6te yandan askeri savc\u0131 Albay Ahmet Zeki \u00dc\u00e7ok\u2019un, hakk\u0131nda \u00e7\u00fcr\u00fck raporu iddias\u0131yla dava a\u00e7\u0131lan DTP eski Ba\u015fkan\u0131 Nurettin Demirta\u015f\u2019\u0131n yarg\u0131land\u0131\u011f\u0131 askeri davada mahkeme savc\u0131l\u0131\u011f\u0131n\u0131 da yapt\u0131\u011f\u0131 belirtildi.<\/p>\n<p style=\"text-align: justify;\"><strong><em>ALBAY \u00dc\u00c7OK TUTUKLANDI <\/em><\/strong><\/p>\n<p style=\"text-align: justify;\">\u0130stanbul Emniyet M\u00fcd\u00fcrl\u00fc\u011f\u00fc Organize Su\u00e7larla M\u00fccadele \u015eube M\u00fcd\u00fcrl\u00fc\u011f\u00fc ekiplerinin, aralar\u0131nda sanat\u00e7\u0131lar\u0131n da bulundu\u011fu bir \u00e7ok ki\u015fiye sahte \u00e7\u00fcr\u00fck raporu haz\u0131rlayan \u00e7eteye y\u00f6nelik d\u00fczenledi\u011fi operasyonda g\u00f6zalt\u0131na al\u0131nan Askeri Savc\u0131 Albay Ahmet Ziya \u00dc\u00e7ok, \u00e7\u0131kar\u0131ld\u0131\u011f\u0131 n\u00f6bet\u00e7i mahkemece tutuklanarak Hastal Askeri Cazaevi&#8217;ne g\u00f6nderildi.<\/p>\n<p style=\"text-align: justify;\"><span style=\"color: #888888;\">Kaynak : Vatan<\/span><\/p>\n","protected":false},"excerpt":{"rendered":"<p style=\"text-align: center;\">\n<p style=\"text-align: justify;\">&#8220;Karargah Evleri&#8221; soru\u015fturmas\u0131n\u0131 y\u00fcr\u00fct\u00fcyordu.<\/p>\n<p style=\"text-align: justify;\">\u0130stanbul polisi \u201carazi ya\u011fmalama\u201d, \u201caskeri ihaleye fesat kar\u0131\u015ft\u0131rma\u201d, \u201csahte \u00e7\u00fcr\u00fck raporu\u201d iddias\u0131yla su\u00e7lanan bir \u015febekeye d\u00fczenlenen operasyonda \u00fc\u00e7\u00fc kad\u0131n 14 ki\u015fi g\u00f6zalt\u0131na ald\u0131. \u015eebekeyle ba\u011flant\u0131s\u0131 oldu\u011fu iddia edilen Hava Hakim Albay Askeri Savc\u0131 Ahmet Zeki \u00dc\u00e7ok da ifade verdi.Verdi\u011fi ifade sonras\u0131 tuklama istemiyle n\u00f6betci <\/p>\n","protected":false},"author":1,"featured_media":0,"comment_status":"open","ping_status":"closed","sticky":false,"template":"","format":"standard","meta":{"footnotes":""},"categories":[105],"tags":[],"class_list":["post-15029","post","type-post","status-publish","format-standard","hentry","category-gundem","odd"],"_links":{"self":[{"href":"http:\/\/www.korhanyilmaz.com\/index.php?rest_route=\/wp\/v2\/posts\/15029","targetHints":{"allow":["GET"]}}],"collection":[{"href":"http:\/\/www.korhanyilmaz.com\/index.php?rest_route=\/wp\/v2\/posts"}],"about":[{"href":"http:\/\/www.korhanyilmaz.com\/index.php?rest_route=\/wp\/v2\/types\/post"}],"author":[{"embeddable":true,"href":"http:\/\/www.korhanyilmaz.com\/index.php?rest_route=\/wp\/v2\/users\/1"}],"replies":[{"embeddable":true,"href":"http:\/\/www.korhanyilmaz.com\/index.php?rest_route=%2Fwp%2Fv2%2Fcomments&post=15029"}],"version-history":[{"count":0,"href":"http:\/\/www.korhanyilmaz.com\/index.php?rest_route=\/wp\/v2\/posts\/15029\/revisions"}],"wp:attachment":[{"href":"http:\/\/www.korhanyilmaz.com\/index.php?rest_route=%2Fwp%2Fv2%2Fmedia&parent=15029"}],"wp:term":[{"taxonomy":"category","embeddable":true,"href":"http:\/\/www.korhanyilmaz.com\/index.php?rest_route=%2Fwp%2Fv2%2Fcategories&post=15029"},{"taxonomy":"post_tag","embeddable":true,"href":"http:\/\/www.korhanyilmaz.com\/index.php?rest_route=%2Fwp%2Fv2%2Ftags&post=15029"}],"curies":[{"name":"wp","href":"https:\/\/api.w.org\/{rel}","templated":true}]}}