{"id":15025,"date":"2009-09-26T08:20:18","date_gmt":"2009-09-26T05:20:18","guid":{"rendered":"http:\/\/www.korhanyilmaz.com\/?p=15025"},"modified":"2009-09-26T08:20:18","modified_gmt":"2009-09-26T05:20:18","slug":"gazeteci-baran%e2%80%99in-her-dedigi-cikiyor","status":"publish","type":"post","link":"http:\/\/www.korhanyilmaz.com\/?p=15025","title":{"rendered":"Gazeteci Baran\u2019\u0131n her dedi\u011fi \u00e7\u0131k\u0131yor"},"content":{"rendered":"<p style=\"text-align: center;\"><a href=\"http:\/\/www.korhanyilmaz.com\/wp-content\/uploads\/2009\/09\/olayadam.jpg\"  class=\"lightview\"><img loading=\"lazy\" decoding=\"async\" class=\"aligncenter size-full wp-image-15026\" src=\"http:\/\/www.korhanyilmaz.com\/wp-content\/uploads\/2009\/09\/olayadam.jpg\" alt=\"\" width=\"329\" height=\"210\" \/><\/a><\/p>\n<p style=\"text-align: justify;\">Hayyam Garipo\u011flu\u2019nun g\u00f6zalt\u0131na al\u0131nmas\u0131 g\u00f6zleri tekrar Gaziantepli yerel gazeteci Cemil Baran\u2019a \u00e7evirdi. Zira Baran ne iddia etse hepsi tek tek \u00e7\u0131k\u0131yor. \u0130\u015fte Baran\u2019\u0131n ger\u00e7ekle\u015fen iddialar\u0131&#8230;<\/p>\n<p style=\"text-align: justify;\"><strong><em>3 milyon euro kan paras\u0131 <\/em><\/strong><\/p>\n<p style=\"text-align: justify;\">31 A\u011fustos 2009: Cemil Baran, M\u00fcnevver Karabulut\u2019un babas\u0131 S\u00fcreyya Karabulut ile katil \u015f\u00fcphelisi olarak aranan Cem Garipo\u011flu\u2019nun amcas\u0131 Hayyam Garipo\u011flu aras\u0131nda \u2019kan paras\u0131\u2019 i\u00e7in arac\u0131l\u0131k yapt\u0131\u011f\u0131n\u0131 a\u00e7\u0131klad\u0131. Bu iddiay\u0131 Karabulut Ailesi ilk ba\u015fta reddetti. Ancak daha sonra baba S\u00fcreyya Karabulut, 3 milyon euro istedi\u011fini kabul etti, fakat bu paray\u0131 MS hastanesi kurmak i\u00e7in istedi\u011fini s\u00f6yledi. <!--more--><\/p>\n<p style=\"text-align: justify;\"><strong><em>Cem teslim olacak <\/em><\/strong><\/p>\n<p style=\"text-align: justify;\">2 Eyl\u00fcl 2009: Cemil Baran, Cem Garipo\u011flu\u2019nun 25 Eyl\u00fcl\u2019de teslim olaca\u011f\u0131n\u0131 s\u00f6yledi. Cem Garipo\u011flu\u2019nun 25 Eyl\u00fcl\u2019de dedesi taraf\u0131ndan icazet verilerek, T\u00fcrk emniyetine teslim edilece\u011fini iddia etti. Cem Garipo\u011flu, Baran\u2019\u0131n dedi\u011fi tarihten \u00f6nce, 17 Eyl\u00fcl\u2019de polise teslim oldu.<\/p>\n<p style=\"text-align: justify;\"><strong><em>Yeni g\u00f6zalt\u0131lar olacak <\/em><\/strong><\/p>\n<p style=\"text-align: justify;\">18 Eyl\u00fcl 2009: Cem\u2019in teslim olmas\u0131n\u0131n ard\u0131ndan yapt\u0131\u011f\u0131 bas\u0131n a\u00e7\u0131klamas\u0131nda Cemil Baran, \u201cBir iki g\u00fcn i\u00e7inde aralar\u0131nda baz\u0131 \u015firket \u00e7al\u0131\u015fanlar\u0131n\u0131n oldu\u011fu 20-25 ki\u015fi g\u00f6zalt\u0131na al\u0131nacak\u201d dedi. Bu a\u00e7\u0131klamalar\u0131n ard\u0131ndan \u015firket \u00e7al\u0131\u015fanlar\u0131ndan 5 ki\u015fi g\u00f6zalt\u0131na al\u0131nd\u0131.<\/p>\n<p style=\"text-align: justify;\"><strong><em>Bordo Bereli Ahmet <\/em><\/strong><\/p>\n<p style=\"text-align: justify;\">18 Eyl\u00fcl 2009: Baran ayn\u0131 bas\u0131n toplant\u0131s\u0131nda, \u201cAhmet isimli \u015fah\u0131s, g\u00f6revdeki r\u00fctbeli bir asker de cinayetin i\u00e7inde, Cem\u2019i saklad\u0131\u201d dedi. Polis ertesi g\u00fcn bordo bereli Ahmet\u2019in pe\u015fine d\u00fc\u015ft\u00fc.<\/p>\n<p style=\"text-align: justify;\"><strong><em>Hayyam Garipo\u011flu da al\u0131nacak <\/em><\/strong><\/p>\n<p style=\"text-align: justify;\">24 Eyl\u00fcl 2009: \u0130ddialar\u0131na devam eden Baran \u00f6nceki g\u00fcn, \u201cFig\u00fcranlar bitti. Art\u0131k s\u0131ra ba\u015frollerde. Cem\u2019in emekli hakim dedesi Kas\u0131m Garipo\u011flu, Hayyam Garipo\u011flu, Alarm Net\u2019in sahibi Fatih Garipo\u011flu ve e\u011fer gelirse Muhterem Garipo\u011flu ile Cem\u2019in abisi Levent Garipo\u011flu g\u00f6zalt\u0131na al\u0131nacak\u201d iddias\u0131nda bulundu. Ve d\u00fcn ak\u015fam Hayyam Garipo\u011flu g\u00f6zalt\u0131na al\u0131nd\u0131.<\/p>\n<p style=\"text-align: justify;\"><strong><em>\u2018Cinayeti kamera kaydetti\u2019 iddias\u0131 da do\u011fru mu <\/em><\/strong><\/p>\n<p style=\"text-align: justify;\">Gaziantepli Cemil Baran, M\u00fcnevver cinayeti hakk\u0131nda yapt\u0131\u011f\u0131 olay a\u00e7\u0131klamalar\u0131yla dikkati s\u00fcrekli \u00fczerinde tutuyor. Baran \u00f6nceki g\u00fcn yapt\u0131\u011f\u0131 a\u00e7\u0131klamada Bah\u00e7e\u015fehir\u2019deki villada Fatih Garipo\u011flu\u2019nun sahibi oldu\u011fu Alarm Net Firmas\u0131\u2019na ait kameralar oldu\u011funu, cinayetin saniye saniye kaydedildi\u011fi g\u00f6r\u00fcnt\u00fclerin bu \u015firkette bulundu\u011funu iddia etmi\u015fti. Alarm Net firmas\u0131n\u0131n y\u00f6netimine TMSF\u2019nin ge\u00e7en A\u011fustos\u2019ta el koydu\u011fu ortaya \u00e7\u0131kt\u0131. Emniyet yetkilileri, Baran\u2019\u0131n cinayetin i\u015flendi\u011fi Bah\u00e7e\u015fehir\u2019deki evdeki kameralarda cinayete ili\u015fkin g\u00f6r\u00fcnt\u00fclerin bulundu\u011fu iddias\u0131n\u0131n as\u0131ls\u0131z oldu\u011funu s\u00f6yledi.<\/p>\n<p style=\"text-align: justify;\"><strong><em>Kim bu olay adam? <\/em><\/strong><\/p>\n<p style=\"text-align: justify;\">S\u00f6ylediklerinin \u00e7o\u011fu do\u011fru \u00e7\u0131kan Cemil Baran, Gaziantep\u2019te yerel bir gazetede \u00e7al\u0131\u015f\u0131yor. Ge\u00e7mi\u015fiyle de kafalar\u0131 kar\u0131\u015ft\u0131ran Baran, \u00f6nceki g\u00fcn 4 y\u0131l Aczimendi tarikat\u0131n\u0131n i\u00e7inde kal\u0131p, c\u00fcppe ve sar\u0131kla sokaklarda gezdi\u011fini, bu nedenle ticaretle u\u011fra\u015f\u0131rken iflas etti\u011fini, i\u015fyerini kapatmak zorunda kald\u0131\u011f\u0131n\u0131 s\u00f6ylemi\u015fti.<\/p>\n<p style=\"text-align: justify;\"><span style=\"color: #888888;\">Mehmet Ali DEM\u0130R &#8211; Burak B\u0130LGE \/ VATAN<\/span><\/p>\n","protected":false},"excerpt":{"rendered":"<p style=\"text-align: center;\">\n<p style=\"text-align: justify;\">Hayyam Garipo\u011flu\u2019nun g\u00f6zalt\u0131na al\u0131nmas\u0131 g\u00f6zleri tekrar Gaziantepli yerel gazeteci Cemil Baran\u2019a \u00e7evirdi. Zira Baran ne iddia etse hepsi tek tek \u00e7\u0131k\u0131yor. \u0130\u015fte Baran\u2019\u0131n ger\u00e7ekle\u015fen iddialar\u0131&#8230;<\/p>\n<p style=\"text-align: justify;\">3 milyon euro kan paras\u0131 <\/p>\n<p style=\"text-align: justify;\">31 A\u011fustos 2009: Cemil Baran, M\u00fcnevver Karabulut\u2019un babas\u0131 S\u00fcreyya Karabulut ile katil \u015f\u00fcphelisi olarak aranan <\/p>\n","protected":false},"author":1,"featured_media":0,"comment_status":"open","ping_status":"closed","sticky":false,"template":"","format":"standard","meta":{"footnotes":""},"categories":[105],"tags":[],"class_list":["post-15025","post","type-post","status-publish","format-standard","hentry","category-gundem","odd"],"_links":{"self":[{"href":"http:\/\/www.korhanyilmaz.com\/index.php?rest_route=\/wp\/v2\/posts\/15025","targetHints":{"allow":["GET"]}}],"collection":[{"href":"http:\/\/www.korhanyilmaz.com\/index.php?rest_route=\/wp\/v2\/posts"}],"about":[{"href":"http:\/\/www.korhanyilmaz.com\/index.php?rest_route=\/wp\/v2\/types\/post"}],"author":[{"embeddable":true,"href":"http:\/\/www.korhanyilmaz.com\/index.php?rest_route=\/wp\/v2\/users\/1"}],"replies":[{"embeddable":true,"href":"http:\/\/www.korhanyilmaz.com\/index.php?rest_route=%2Fwp%2Fv2%2Fcomments&post=15025"}],"version-history":[{"count":0,"href":"http:\/\/www.korhanyilmaz.com\/index.php?rest_route=\/wp\/v2\/posts\/15025\/revisions"}],"wp:attachment":[{"href":"http:\/\/www.korhanyilmaz.com\/index.php?rest_route=%2Fwp%2Fv2%2Fmedia&parent=15025"}],"wp:term":[{"taxonomy":"category","embeddable":true,"href":"http:\/\/www.korhanyilmaz.com\/index.php?rest_route=%2Fwp%2Fv2%2Fcategories&post=15025"},{"taxonomy":"post_tag","embeddable":true,"href":"http:\/\/www.korhanyilmaz.com\/index.php?rest_route=%2Fwp%2Fv2%2Ftags&post=15025"}],"curies":[{"name":"wp","href":"https:\/\/api.w.org\/{rel}","templated":true}]}}