{"id":15021,"date":"2009-09-25T18:04:20","date_gmt":"2009-09-25T15:04:20","guid":{"rendered":"http:\/\/www.korhanyilmaz.com\/?p=15021"},"modified":"2009-09-25T18:04:20","modified_gmt":"2009-09-25T15:04:20","slug":"tskya-darbe-sorusu","status":"publish","type":"post","link":"http:\/\/www.korhanyilmaz.com\/?p=15021","title":{"rendered":"TSK&#039;ya darbe sorusu"},"content":{"rendered":"<p style=\"text-align: center;\"><a href=\"http:\/\/www.korhanyilmaz.com\/wp-content\/uploads\/2009\/09\/tsk1.jpg\"  class=\"lightview\"><img loading=\"lazy\" decoding=\"async\" class=\"aligncenter size-full wp-image-15022\" src=\"http:\/\/www.korhanyilmaz.com\/wp-content\/uploads\/2009\/09\/tsk1.jpg\" alt=\"\" width=\"329\" height=\"210\" \/><\/a><\/p>\n<p style=\"text-align: justify;\">Ergenekon davas\u0131n\u0131n savc\u0131s\u0131 Pekg\u00fczel, Tuncay \u00d6zkan\u2019\u0131n talebi do\u011frultusunda TSK i\u00e7inde 2002-2009 aras\u0131nda darbe giri\u015fimi olup olmad\u0131\u011f\u0131n\u0131n sorulmas\u0131n\u0131 istedi.<\/p>\n<p style=\"text-align: justify;\">\u0130kinci \u201cErgenekon\u201d davas\u0131n\u0131n 9. duru\u015fmas\u0131 d\u00fcn Silvri Cezaevi i\u00e7indeki mahkeme salonunda g\u00f6r\u00fcld\u00fc. Duru\u015fmaya Mehmet Haberal, Prof. Dr. Fatih Hilmio\u011flu, Levent Ers\u00f6z, Mustafa D\u00f6nmez, \u0130brahim \u015eahin, O\u011fuz Bulut ve \u0130brahim \u00d6zcan d\u0131\u015f\u0131ndaki 46 tutuklu san\u0131k kat\u0131ld\u0131. \u00dcye hakim Hasan H\u00fcseyin \u00d6zese\u2019nin mahkeme heyetine ba\u015fkanl\u0131k yapt\u0131\u011f\u0131 duru\u015fmada, iddianamelnin genel k\u0131s\u0131mlar\u0131n\u0131n okunmas\u0131 tamamland\u0131. \u0130ddinameyi \u00f6zetleyerek okuyan Cumhuriyet Savc\u0131s\u0131 Mehmet Ali Pekg\u00fczel bundan sonraki a\u015famada san\u0131klar\u0131n hukuki durumlar\u0131n\u0131n okunaca\u011f\u0131n\u0131 belirtti. \u0130ddianamenin okunmas\u0131na ara veren Cumhuriyet Savc\u0131s\u0131 Mehmet Ali Pekg\u00fczel, davaya ili\u015fkin g\u00f6r\u00fc\u015f\u00fcn\u00fc a\u00e7\u0131klad\u0131. Savc\u0131 Pekg\u00fczel tutuklu san\u0131k Tuncay \u00d6zkan\u2019\u0131n talebi do\u011frultusunda Genelkurmay Ba\u015fkanl\u0131\u011f\u0131\u2019na yaz\u0131 yaz\u0131larak TSK i\u00e7erisinde 2002-2009 y\u0131llar\u0131 aras\u0131nda darbe giri\u015fimi olup olmad\u0131\u011f\u0131n\u0131n sorulmas\u0131n\u0131 istedi. <!--more--><\/p>\n<p style=\"text-align: justify;\"><strong><em>\u0130ddianame bir an \u00f6nce okunsun <\/em><\/strong><\/p>\n<p style=\"text-align: justify;\">Duru\u015fmada, daha sonra san\u0131k ve avukatlar\u0131n taleplerinin dinlendi. Tutuklu san\u0131klar\u0131ndan Emcet Olcaytu, 20 Temmuz\u2019da ba\u015flayan davada iddianamenin okunmas\u0131n\u0131n bitmedi\u011fini dile getirdi. D\u00fcn itibariyle 3-4 san\u0131\u011f\u0131n talebinin bulundu\u011funu, bu s\u00f6zl\u00fc taleplerin 25 dakika s\u00fcrece\u011fini belirten Olcaytu, \u201c\u0130ddianamenin bir an \u00f6nce okunmas\u0131n\u0131n tamamlanmas\u0131 i\u00e7in s\u00f6zl\u00fc talepleri s\u0131n\u0131rlama g\u00f6r\u00fc\u015f\u00fcnde birle\u015ftik. Talepler yaz\u0131l\u0131 olarak verilecek. Duru\u015fma ge\u00e7en Sal\u0131 gece 00.00\u2019a kadar devam etti. \u0130ddianamenin bug\u00fcn saat 18.00-19.00\u2019a kadar okunmas\u0131n\u0131, onra s\u00f6zl\u00fc talepler al\u0131nd\u0131ktan sonra m\u00fczakere yap\u0131lmas\u0131n\u0131 istiyoruz\u201d dedi.<\/p>\n<p style=\"text-align: justify;\"><strong><em>\u201cK\u00fcf\u00fcr dinlemeye mi geldik?\u201d <\/em><\/strong><\/p>\n<p style=\"text-align: justify;\">Davan\u0131n tutuklu san\u0131klar\u0131ndan Fatma Cengiz de iddianamede yer alan telefon kay\u0131tlar\u0131ndaki k\u00fcf\u00fcrl\u00fc c\u00fcmlelerin okunmas\u0131na tepki g\u00f6sterdi. Cengiz, \u201cBuraya iddianameyi mi dinlemeye geldik, yoksa iddia makam\u0131n\u0131n k\u00fcf\u00fcrlerini mi dinlemeye geldik? Burada bulunan T\u00fcrk milletinin evlatlar\u0131 k\u00fcf\u00fcr dinlemeye mi geldi? K\u00fcf\u00fcr dinletmek istiyorsa biz \u00e7\u0131kal\u0131m. Burada bayan dinleyiciler var. Bir daha millet ortas\u0131nda k\u00fcf\u00fcrl\u00fc kelimeler okunmas\u0131n\u201d dedi. Bunun \u00fczerine, mahkeme heyetine ba\u015fkanl\u0131k yapan \u00fcye hakim Hasan H\u00fcseyin \u00d6zese, savc\u0131lara hitaben \u201cK\u00fcf\u00fcrl\u00fc b\u00f6l\u00fcmleri es ge\u00e7sek iyi olur\u201d dedi.<\/p>\n<p style=\"text-align: justify;\"><strong><em>Tutanaklar tamamland\u0131 <\/em><\/strong><\/p>\n<p style=\"text-align: justify;\">\u0130kinci \u201cErgenekon\u201d davas\u0131n\u0131n ilk duru\u015fmalar\u0131na ait tutanaklar\u0131n yaz\u0131m\u0131 da tamamland\u0131. Buna g\u00f6re, birle\u015ftirme karar\u0131 verilmeden \u00f6nce 20 Temmuz ve 6 A\u011fustos\u2019taki ikinci dava 2 celse olarak tamamland\u0131. Mahkeme heyetinin \u201cErgenekon\u201d soru\u015fturmas\u0131 kapsam\u0131nda a\u00e7\u0131lan \u00fc\u00e7\u00fcnc\u00fc iddianame \u00fczerinden birle\u015ftirilen 2 davay\u0131 y\u00fcr\u00fct\u00fcrken, 7 Eyl\u00fcl tarihindeki oturumu birinci celse olarak a\u00e7t\u0131\u011f\u0131 g\u00f6r\u00fcld\u00fc.<\/p>\n<p style=\"text-align: justify;\"><strong><em>\u2018Hakim \u00e7ekilsin\u2019 <\/em><\/strong><\/p>\n<p style=\"text-align: justify;\">Tutuklu san\u0131k emekli Tu\u011fgeneral Levent Ers\u00f6z\u2019\u00fcn avukat\u0131 Ali R\u0131za Dizdar, mehkeme heyetine ba\u015fkanl\u0131k yapan \u00fcye hakim Hasan H\u00fcseyin \u00d6zese\u2019nin duru\u015fmalardan \u00e7ekilmesini istedi. Avukat Dizdar, \u0130stanbul 13. A\u011f\u0131r Ceza Mahkemesi\u2019ne g\u00f6nderdi\u011fi dilek\u00e7ede, d\u00fcnk\u00fc oturumda kendisine s\u00f6z vermeyen hakim \u00d6zese\u2019nin \u201cCMK\u2019ya ayk\u0131r\u0131 hareket etti\u011fini\u201d savundu.<\/p>\n<p style=\"text-align: justify;\">D\u00fcnk\u00fc oturumun sonunda mahkemeye sunaca\u011f\u0131 dilek\u00e7eyle ilgili a\u00e7\u0131klama yapmak istedi\u011fini belirten avukat Dizdar\u2019a hakim Hasan H\u00fcseyin \u00d6zese, talebini yaz\u0131l\u0131 olarak verebilece\u011fini, s\u00f6zl\u00fc talepleri belirli g\u00fcnlerde ald\u0131klar\u0131n\u0131 s\u00f6ylemi\u015fti. Bunun \u00fczerine avukat Dizdar, mahkemeye dilek\u00e7esini sunmam\u0131\u015ft\u0131.<\/p>\n<p style=\"text-align: justify;\"><strong><em>Mahkeme de \u201cTSK\u2019ya sorulsun\u201d <\/em><\/strong><\/p>\n<p style=\"text-align: justify;\">\u00d6te yandan mahkeme heyeti, Genelkurmay Ba\u015fkanl\u0131\u011f\u0131\u2019na yaz\u0131 yaz\u0131lmas\u0131n\u0131 ve 2000-2009 y\u0131llar\u0131 aras\u0131nda TSK i\u00e7erisinde askeri darbeye te\u015febb\u00fcs amac\u0131yla bir \u00f6rg\u00fctlenme olup olmad\u0131\u011f\u0131 konusunda inceleme, soru\u015fturma yap\u0131l\u0131p yap\u0131lmad\u0131\u011f\u0131n\u0131n tespiti ile var ise her t\u00fcrl\u00fc istihbarat, bilgi, belge ve di\u011fer evrak\u0131n onayl\u0131 suretlerinin g\u00f6nderilmesinin istenmesini kararla\u015ft\u0131rd\u0131. Mahkeme, ayr\u0131ca Genelkurmay\u2019a yaz\u0131 yaz\u0131larak, iddianamede belirtilen \u201cSar\u0131k\u0131z-Ay I\u015f\u0131\u011f\u0131, Eldiven ve Yakamoz\u201d adl\u0131 darbe senaryolar\u0131yla ilgili mevcut oldu\u011fu takdirde her t\u00fcrl\u00fc bilgi ve belgenin g\u00f6nderilmesinin istenmesini de kararla\u015ft\u0131rd\u0131. Duru\u015fma, 12 Ekim Pazartesi g\u00fcn\u00fc saat 09.30\u2019a ertelendi.<\/p>\n<p style=\"text-align: justify;\"><span style=\"color: #888888;\">Kaynak : Vatan<\/span><\/p>\n","protected":false},"excerpt":{"rendered":"<p style=\"text-align: center;\">\n<p style=\"text-align: justify;\">Ergenekon davas\u0131n\u0131n savc\u0131s\u0131 Pekg\u00fczel, Tuncay \u00d6zkan\u2019\u0131n talebi do\u011frultusunda TSK i\u00e7inde 2002-2009 aras\u0131nda darbe giri\u015fimi olup olmad\u0131\u011f\u0131n\u0131n sorulmas\u0131n\u0131 istedi.<\/p>\n<p style=\"text-align: justify;\">\u0130kinci \u201cErgenekon\u201d davas\u0131n\u0131n 9. duru\u015fmas\u0131 d\u00fcn Silvri Cezaevi i\u00e7indeki mahkeme salonunda g\u00f6r\u00fcld\u00fc. Duru\u015fmaya Mehmet Haberal, Prof. Dr. Fatih Hilmio\u011flu, Levent Ers\u00f6z, Mustafa D\u00f6nmez, \u0130brahim \u015eahin, O\u011fuz Bulut ve \u0130brahim \u00d6zcan <\/p>\n","protected":false},"author":1,"featured_media":0,"comment_status":"open","ping_status":"closed","sticky":false,"template":"","format":"standard","meta":{"footnotes":""},"categories":[105],"tags":[],"class_list":["post-15021","post","type-post","status-publish","format-standard","hentry","category-gundem","odd"],"_links":{"self":[{"href":"http:\/\/www.korhanyilmaz.com\/index.php?rest_route=\/wp\/v2\/posts\/15021","targetHints":{"allow":["GET"]}}],"collection":[{"href":"http:\/\/www.korhanyilmaz.com\/index.php?rest_route=\/wp\/v2\/posts"}],"about":[{"href":"http:\/\/www.korhanyilmaz.com\/index.php?rest_route=\/wp\/v2\/types\/post"}],"author":[{"embeddable":true,"href":"http:\/\/www.korhanyilmaz.com\/index.php?rest_route=\/wp\/v2\/users\/1"}],"replies":[{"embeddable":true,"href":"http:\/\/www.korhanyilmaz.com\/index.php?rest_route=%2Fwp%2Fv2%2Fcomments&post=15021"}],"version-history":[{"count":0,"href":"http:\/\/www.korhanyilmaz.com\/index.php?rest_route=\/wp\/v2\/posts\/15021\/revisions"}],"wp:attachment":[{"href":"http:\/\/www.korhanyilmaz.com\/index.php?rest_route=%2Fwp%2Fv2%2Fmedia&parent=15021"}],"wp:term":[{"taxonomy":"category","embeddable":true,"href":"http:\/\/www.korhanyilmaz.com\/index.php?rest_route=%2Fwp%2Fv2%2Fcategories&post=15021"},{"taxonomy":"post_tag","embeddable":true,"href":"http:\/\/www.korhanyilmaz.com\/index.php?rest_route=%2Fwp%2Fv2%2Ftags&post=15021"}],"curies":[{"name":"wp","href":"https:\/\/api.w.org\/{rel}","templated":true}]}}