{"id":15016,"date":"2009-09-25T18:21:09","date_gmt":"2009-09-25T16:21:09","guid":{"rendered":"http:\/\/www.korhanyilmaz.com\/?p=15016"},"modified":"2009-09-25T18:21:09","modified_gmt":"2009-09-25T16:21:09","slug":"bu-pankarti-basbakan-icin-astiniz-galiba","status":"publish","type":"post","link":"http:\/\/www.korhanyilmaz.com\/?p=15016","title":{"rendered":"&#039;Bu pankart\u0131 Ba\u015fbakan i\u00e7in ast\u0131n\u0131z galiba&#039;"},"content":{"rendered":"<p style=\"text-align: center;\"><a href=\"http:\/\/www.korhanyilmaz.com\/wp-content\/uploads\/2009\/09\/pankart.jpg\"  class=\"lightview\"><img loading=\"lazy\" decoding=\"async\" class=\"aligncenter size-full wp-image-15017\" src=\"http:\/\/www.korhanyilmaz.com\/wp-content\/uploads\/2009\/09\/pankart.jpg\" alt=\"\" width=\"329\" height=\"210\" \/><\/a><\/p>\n<p style=\"text-align: justify;\">CHP Genel Ba\u015fkan\u0131 Deniz Baykal, Ba\u015fbakan Erdo\u011fan&#8217;a sert tepki g\u00f6sterdi.<\/p>\n<p style=\"text-align: justify;\">CHP Genel Ba\u015fkan\u0131 Deniz Baykal, Ba\u015fbakan Recep Tayyip Erdo\u011fan&#8217;\u0131n ABD&#8217;de k\u00fcrt a\u00e7\u0131l\u0131m\u0131 konusunda yapt\u0131\u011f\u0131 &#8220;Hazmede hazmede, hazmettire hazmettire bu i\u015fe davam edece\u011fiz&#8221; a\u00e7\u0131klamas\u0131na sert tepki g\u00f6stererek, &#8220;Millete hazmettirecekmi\u015f. Kime ne hazmettiriyorsun? Haddini bil&#8221; dedi.15&#8217;inci Elma, Tar\u0131m ve K\u00fclt\u00fcr Festivali&#8217;ne kat\u0131lmak \u00fczere Denizli&#8217;nin \u00c7ivril \u0130l\u00e7esi&#8217;ne gelen CHP Lideri Baykal, Cumhuriyet Meydan\u0131&#8217;nda yakla\u015f\u0131k 3 bin ki\u015fiye hitap etti. `Anayasa&#8217;n\u0131n \u00fc\u00e7\u00fcnc\u00fc maddesini de\u011fi\u015ftirmeyece\u011fiz&#8217; pankart\u0131n\u0131 g\u00f6steren Baykal, &#8220;Bu pankart\u0131 buraya benim i\u00e7in asmad\u0131n\u0131z. Bunu ba\u015fbakana s\u00f6yl\u00fcyorsunuz ba\u015fbakana. Diyor ki de\u011fi\u015ftirece\u011fiz. Neyi de\u011fi\u015ftireceksin? Gelin beraber konu\u015fal\u0131m diyor. Ne konu\u015faca\u011f\u0131z? Ben bu konuda d\u00fc\u015f\u00fcncemi s\u00f6yledim.<!--more--> Bu gemi gidiyor diyor. Nereye gidiyor? Bu geminin rotas\u0131 ne? Mazotunu nereden al\u0131yor? Rotas\u0131n\u0131 pusalas\u0131 kim verdi? \u015eimdi bana mektup yazacakm\u0131\u015f, Mektup daha gelmedi. Gelsin cevab\u0131n\u0131 verece\u011fiz&#8221; dedi.Ba\u015fbakan Erdo\u011fan&#8217;\u0131n ABD&#8217;ye gitti\u011fini ve orada konu\u015ftu\u011funu kaydeden Baykal, &#8220;Bakt\u0131 bu i\u015f tavsad\u0131, heyecan\u0131 kayboldu, millet tepki g\u00f6steriyor, vazge\u00e7memek i\u00e7in yola devam diyor. Hazmede hazmede, hazmettire hazmettire yapaca\u011f\u0131z diyor. Bir proje var kafas\u0131nda. Ama bunu T\u00fcrkiye&#8217;de bir ki\u015fi bilmiyor. Bileni de g\u00f6rmedim. Kafas\u0131nda proje var ki, hazmede hazmede hazmettire hazmettire kabul ettirece\u011fiz diyor. Bunun milleti memnun edecek bir proje olmad\u0131\u011f\u0131n\u0131 da kabul ediyor b\u00f6ylece. Al\u0131\u015ft\u0131ra al\u0131\u015ft\u0131ra diye d\u00fc\u015f\u00fcn\u00fcyor. kafas\u0131ndaki projenin milletin hayr\u0131na olmad\u0131\u011f\u0131n\u0131 biliyor. Rahats\u0131zl\u0131\u011f\u0131 ortadan kald\u0131rmak i\u00e7in k\u00fc\u00e7\u00fck dozlarda, al\u0131\u015fkanl\u0131k yapt\u0131rarak, g\u00f6t\u00fcrmeye \u00e7al\u0131\u015f\u0131yor. Hazmettire hazmettire g\u00f6t\u00fcrece\u011fiz diyor. Millete hazmettirecekmi\u015f. Kime ne hazmettiriyorsun? Haddini bil, haddini. Seni millet oraya getirdi, ona hizmet etmek i\u00e7in seni oraya getirdi. \u015eimdi \u00e7\u0131km\u0131\u015f millete tuzak kuruyor. Bunu a\u00e7\u0131k\u00e7a s\u00f6yl\u00fcyor. Hazmettire hazmettire yola devam diyor&#8221; dedi.<\/p>\n<p style=\"text-align: justify;\"><strong>M\u0130LLET\u0130 B\u0130RLE\u015eT\u0130RECEKS\u0130N <\/strong><\/p>\n<p style=\"text-align: justify;\">K\u00fcrt a\u00e7\u0131l\u0131m\u0131 konusundaki politikay\u0131 da ele\u015ftiren Baykal, &#8220;ABD&#8217;ye gidip gizli kap\u0131lar ard\u0131nda s\u00f6yleyince, bu i\u015f milletin hayr\u0131na sonu\u00e7lan\u0131r m\u0131? millet te\u015fhisini koydu. \u0130\u015fin tavsad\u0131\u011f\u0131 ortaya \u00e7\u0131kt\u0131. K\u00fcrt a\u00e7\u0131l\u0131m\u0131 diye yola \u00e7\u0131kt\u0131lar. \u0130\u015fi suland\u0131rd\u0131lar. G\u00fcrc\u00fc a\u00e7\u0131l\u0131m\u0131, \u00c7erkez a\u00e7\u0131l\u0131m\u0131, Arap a\u00e7\u0131l\u0131m\u0131, Alevi a\u00e7\u0131l\u0131m\u0131. \u0130\u015fsizlik a\u00e7\u0131l\u0131m\u0131 da var. Sanki birini yapt\u0131n da di\u011ferlerini de mi yapacaks\u0131n. Suland\u0131rmay\u0131 b\u0131rak. bu milleti etnik kimliklerine g\u00f6re, ay\u0131rma, b\u00f6lme, par\u00e7alama. Soyu var sopu var, s\u00fclalesi var, a\u015fireti var, inanc\u0131 var mezhebi var deme. Ba\u015fbakan\u0131n g\u00f6revi insanlar\u0131 dilim dilim etnik k\u00f6kenine ay\u0131rmak de\u011fildir. Sen bu milleti birle\u015ftireceksin. bu yakla\u015f\u0131m \u00fclkeye zarar veriyor. \u0130lkokulda \u00e7ocuklar sen nesin diye birbirlerine soruyorlar. Bundan da en \u00e7ok zarar\u0131 K\u00fcrt k\u00f6kenli olup da Anadolu&#8217;da yer tutmu\u015f huzur i\u00e7inde, bar\u0131\u015f i\u00e7inde ya\u015famakta olan insanlar\u0131m\u0131z, karde\u015flerimiz g\u00f6r\u00fcyor. Onlar\u0131 niye d\u0131\u015fl\u0131yorsun?&#8221; dedi.Ana dilde e\u011fitim konusuna da de\u011finen Baykal, &#8220;Ana dilinde e\u011fitim g\u00f6recek insanlar ileride T\u00fcrkiye&#8217;nin gelece\u011finde yer tutabilir mi? T\u00fcrk\u00e7eyi t\u00fcm vatanda\u015flara \u00f6\u011fretmek g\u00f6revimiz. Bu vatanda\u015flar\u0131m\u0131z\u0131 en ileri noktaya g\u00f6t\u00fcrmek g\u00f6revimiz, onlar\u0131 d\u0131\u015flay\u0131p Ortado\u011fu&#8217;ya y\u00f6nlendirmek de\u011fil&#8221; diye konu\u015ftu.<\/p>\n<p style=\"text-align: justify;\"><strong>HOLLYWOOD DESTE\u011e\u0130 <\/strong><\/p>\n<p style=\"text-align: justify;\">Konu\u015fmas\u0131nda \u00fcnl\u00fc akt\u00f6r Kevin Costner&#8217;\u0131n &#8220;k\u00fcrt a\u00e7\u0131l\u0131m\u0131n\u0131 destekledi\u011fi&#8221; yolundaki a\u00e7\u0131klamas\u0131na de de\u011finen Baykal, \u015f\u00f6yle konu\u015ftu:&#8221;Bakt\u0131lar bu i\u015f tavsad\u0131, canland\u0131rmak i\u00e7in destek ar\u0131yorlar. Bula bula Hollywood&#8217;tan destek bulmu\u015flar. Bir artist ben bu i\u015fi destekliyorum diyor. Sen bu a\u00e7\u0131l\u0131m\u0131 kimden dinledin, ne olaca\u011f\u0131ndan haberin var m\u0131, ne yap\u0131laca\u011f\u0131ndan haberin var m\u0131, destek olma karar\u0131n\u0131 nas\u0131l ald\u0131n, seni kim ikna etti, hangi d\u00fc\u015f\u00fcnceyle, hissiyatla, duygusall\u0131kla, hangi memleket sevgisiyle bunlar\u0131 s\u00f6yleme noktas\u0131na geldin? Ortada olan, bu ki\u015fiden g\u00fc\u00e7 almaya \u00e7al\u0131\u015fan, onun bu deste\u011fi ile kendi vatanda\u015flar\u0131m\u0131z\u0131 ikna edece\u011fini zanneden \u015fa\u015fk\u0131nlar\u0131n halidir. Hollywood satarlar\u0131 ikna edilecek, onlar da \u00c7ivril&#8217;e gelip sizi ikna edecek. Bu manzara yak\u0131\u015f\u0131yor mu? Vatanda\u015f\u0131na s\u00f6ylemeye cesaret edemiyor. Gidip Hollywooda s\u00f6yl\u00fcyor. Onlar da bizi ketempereye getirecek. biz de inan\u0131p gidece\u011fiz \u00f6yle mi? Onlar\u0131n pe\u015fine tak\u0131laca\u011f\u0131z \u00f6yle mi?<\/p>\n<p style=\"text-align: justify;\"><strong>&#8220;AKP&#8217;L\u0130LERE SESLEN\u0130YORUM <\/strong><\/p>\n<p style=\"text-align: justify;\">Son se\u00e7imde AKP&#8217;ye oy vermi\u015f vatanda\u015flara ve AKP&#8217;li y\u00f6neticilere seslenen Baykal, &#8220;L\u00fctfen g\u00f6revinize sahip \u00e7\u0131k\u0131n. Bu gidi\u015fat yanl\u0131\u015f, Bu parti i\u015fi de\u011fil. Bu memleket i\u015fi. Bu gidi\u015fe izin vermeyin, m\u00fcsade etmeyin, seyretmeyin, uyar\u0131n, anlat\u0131n, yapt\u0131rmay\u0131n&#8221; diye konu\u015ftu.CHP olarak bunun en g\u00fczel \u00f6rne\u011fi 2003&#8217;te TBMM&#8217;ye getirilen 1 Mart tezkeresi ile g\u00f6sterdiklerini belirten Baykal, &#8220;O tezkere kar\u015f\u0131 b\u00fcy\u00fck m\u00fccadele verdik. Sak\u0131n ha dedik, ba\u015fka ordu olmaz. Bir tek ordu vard\u0131r. O da T\u00fcrk Silahl\u0131 Kuvvetleri&#8217;dir. TBMM&#8217;de oylama yap\u0131ld\u0131. ucu ucuna sonu\u00e7 al\u0131nd\u0131. e\u011fer bir ki\u015fi noksan olsa gidecekti. Vicdan sahibi AKP&#8217;lilerin de katk\u0131s\u0131yla CHP olarak bu i\u015fi engelledik. B\u00fcy\u00fck tehlikeydi. benzer tehlike \u015fimdi de var. G\u00fcneydo\u011fu&#8217;daki may\u0131nl\u0131 arazilerin ar\u0131nd\u0131r\u0131ld\u0131ktan sonra yabanc\u0131 bir \u00fclkeye 49 y\u0131ll\u0131\u011f\u0131na terk edilmesi ile ilgi kanun teklifi. Anayasa Mahkemesi&#8217;nin ald\u0131\u011f\u0131 kararla o teklifi engelledik. G\u00fcn\u00fcm\u00fczde m\u00fccadeleler, sava\u015flar art\u0131k b\u00f6yle oluyor. Sava\u015flar yerini ince politikalara b\u0131rakt\u0131&#8221; dedi. \u00dc\u00e7\u00fcnc\u00fc tehlikenin de T\u00fcrkiye&#8217;nin ayr\u0131\u015ft\u0131r\u0131lmas\u0131, milletin par\u00e7alanmas\u0131, etnik temelde etnik kimliklere g\u00f6re ulusal birli\u011fin ayr\u0131\u015ft\u0131r\u0131lmas\u0131 oldu\u011funu kaydeden Baykal, &#8220;Sen b\u0131rak milletin kimliklerini saymay\u0131. \u00d6z\u00fcne sahip \u00e7\u0131k. Senin bahsetti\u011fin, etnik kimliklerini sayd\u0131\u011f\u0131n vatanda\u015flar, ben T\u00fcrk vatanda\u015f\u0131y\u0131m diyor. Sen ba\u015fbakan olarak s\u00f6yleyemiyorsun? \u0130nce ince, hazmede hazmede, hazmettire hazmettire par\u00e7alamaya \u00e7al\u0131\u015facaks\u0131n, CHP de pe\u015fine tak\u0131lac\u0131km\u0131\u015f. CHP&#8217;nin yeri milletin birli\u011finin, b\u00fct\u00fcnl\u00fc\u011f\u00fcn\u00fcn yan\u0131d\u0131r. Elele verece\u011fiz. Onlar da artistlerle ba\u015fba\u015fa ne yaparsa yaps\u0131n&#8221; dedi.<\/p>\n<p style=\"text-align: justify;\"><strong>BE\u015e YIL \u00d6NCE S\u00d6YLEM\u0130\u015eT\u0130K<\/strong><\/p>\n<p style=\"text-align: justify;\">CHP lideri Baykal, be\u015f y\u0131l \u00f6nce bir iddia ile yola \u00e7\u0131kt\u0131klar\u0131n\u0131, &#8220;halk\u0131 ezdirmeyece\u011fiz, \u00fclkeyi soydurmayaca\u011f\u0131z, devleti b\u00f6ld\u00fcrmeyece\u011fiz&#8221; dediklerini hat\u0131rlatarak, s\u00f6zlerini \u015f\u00f6yle tamamlad\u0131:&#8221;Be\u015f y\u0131l \u00f6nce b\u00f6yle demi\u015ftik. Halk\u0131 ezdirmeyece\u011fiz ne demek? Halk ezilecek demek. \u015eimdi halk eziliyor mu ezilmiyor mu? \u00c7ift\u00e7i, i\u015fsiz kalan gen\u00e7, diplomas\u0131n\u0131 ald\u0131\u011f\u0131n\u0131 halde \u00f6\u011fretmen olarak tayin olamayan gen\u00e7, emekli, esnaf eziliyor mu ezilmiyor mu? \u00dclkeyi soydurmayaca\u011f\u0131z. \u00dclke soyuluyor mu, soyuluyor de\u011fil mi? \u00dclke diyoruz. Gerisini sen doldur, gemileri de koy. \u00dc\u00e7\u00fcnc\u00fc ne s\u00f6ylemi\u015fiz. Devleti b\u00f6ld\u00fcrmeyece\u011fiz. Bu tehlike \u015fimdi var m\u0131? Var. Be\u015f y\u0131l \u00f6nce s\u00f6ylemi\u015fiz. CHP sizin partinizdir. Bu partiye sahip \u00e7\u0131k\u0131n. Elele verelim, hep birlikte sahip \u00e7\u0131kal\u0131m.&#8221;Halk zaman zaman Baykal&#8217;\u0131n konu\u015fmas\u0131n\u0131 alk\u0131\u015flarla kesti. CHP Genel Ba\u015fkan\u0131 Baykal, belediyeye ilk geldi\u011finde, bir yankesiciyi farkeden sivil polis \u015f\u00fcpheliye g\u00f6zalt\u0131na ald\u0131. \u015e\u00fcphelinin 10 ki\u015finin c\u00fczdanlar\u0131 ile ceplerinde bulunan paray\u0131 ald\u0131\u011f\u0131 anla\u015f\u0131ld\u0131.Konu\u015fmas\u0131n\u0131n ard\u0131ndan parti otob\u00fcs\u00fcne binen Baykal, halk\u0131 selamlayarak \u00c7ivril&#8217;den ayr\u0131ld\u0131.<\/p>\n<p style=\"text-align: justify;\"><span style=\"color: #888888;\">T\u00fcnay YAZICI- Ferah I\u015eIK \/ DEN\u0130ZL\u0130, (DHA)<\/span><\/p>\n","protected":false},"excerpt":{"rendered":"<p style=\"text-align: center;\">\n<p style=\"text-align: justify;\">CHP Genel Ba\u015fkan\u0131 Deniz Baykal, Ba\u015fbakan Erdo\u011fan&#8217;a sert tepki g\u00f6sterdi.<\/p>\n<p style=\"text-align: justify;\">CHP Genel Ba\u015fkan\u0131 Deniz Baykal, Ba\u015fbakan Recep Tayyip Erdo\u011fan&#8217;\u0131n ABD&#8217;de k\u00fcrt a\u00e7\u0131l\u0131m\u0131 konusunda yapt\u0131\u011f\u0131 &#8220;Hazmede hazmede, hazmettire hazmettire bu i\u015fe davam edece\u011fiz&#8221; a\u00e7\u0131klamas\u0131na sert tepki g\u00f6stererek, &#8220;Millete hazmettirecekmi\u015f. Kime ne hazmettiriyorsun? Haddini bil&#8221; dedi.15&#8217;inci Elma, Tar\u0131m ve K\u00fclt\u00fcr <\/p>\n","protected":false},"author":1,"featured_media":0,"comment_status":"open","ping_status":"closed","sticky":false,"template":"","format":"standard","meta":{"footnotes":""},"categories":[105],"tags":[],"class_list":["post-15016","post","type-post","status-publish","format-standard","hentry","category-gundem","odd"],"_links":{"self":[{"href":"http:\/\/www.korhanyilmaz.com\/index.php?rest_route=\/wp\/v2\/posts\/15016","targetHints":{"allow":["GET"]}}],"collection":[{"href":"http:\/\/www.korhanyilmaz.com\/index.php?rest_route=\/wp\/v2\/posts"}],"about":[{"href":"http:\/\/www.korhanyilmaz.com\/index.php?rest_route=\/wp\/v2\/types\/post"}],"author":[{"embeddable":true,"href":"http:\/\/www.korhanyilmaz.com\/index.php?rest_route=\/wp\/v2\/users\/1"}],"replies":[{"embeddable":true,"href":"http:\/\/www.korhanyilmaz.com\/index.php?rest_route=%2Fwp%2Fv2%2Fcomments&post=15016"}],"version-history":[{"count":0,"href":"http:\/\/www.korhanyilmaz.com\/index.php?rest_route=\/wp\/v2\/posts\/15016\/revisions"}],"wp:attachment":[{"href":"http:\/\/www.korhanyilmaz.com\/index.php?rest_route=%2Fwp%2Fv2%2Fmedia&parent=15016"}],"wp:term":[{"taxonomy":"category","embeddable":true,"href":"http:\/\/www.korhanyilmaz.com\/index.php?rest_route=%2Fwp%2Fv2%2Fcategories&post=15016"},{"taxonomy":"post_tag","embeddable":true,"href":"http:\/\/www.korhanyilmaz.com\/index.php?rest_route=%2Fwp%2Fv2%2Ftags&post=15016"}],"curies":[{"name":"wp","href":"https:\/\/api.w.org\/{rel}","templated":true}]}}