{"id":15011,"date":"2009-09-25T15:35:56","date_gmt":"2009-09-25T12:35:56","guid":{"rendered":"http:\/\/www.korhanyilmaz.com\/?p=15011"},"modified":"2009-09-25T15:35:56","modified_gmt":"2009-09-25T12:35:56","slug":"1-ay-once-soylemistim-hatirlatiyorum","status":"publish","type":"post","link":"http:\/\/www.korhanyilmaz.com\/?p=15011","title":{"rendered":"&#039;1 ay \u00f6nce s\u00f6ylemi\u015ftim, hat\u0131rlat\u0131yorum&#039;"},"content":{"rendered":"<p><a href=\"http:\/\/www.korhanyilmaz.com\/wp-content\/uploads\/2009\/09\/k\u0131l\u0131cdaroglu1.jpg\"  class=\"lightview\"><img loading=\"lazy\" decoding=\"async\" class=\"aligncenter size-full wp-image-15013\" src=\"http:\/\/www.korhanyilmaz.com\/wp-content\/uploads\/2009\/09\/k\u0131l\u0131cdaroglu1.jpg\" alt=\"\" width=\"329\" height=\"209\" \/><\/a><\/p>\n<p style=\"text-align: justify;\">K\u0131l\u0131\u00e7daro\u011flu, bir ay \u00f6nce &#8220;T\u00fcrkiye&#8217;nin s\u00fcratle \u00f6rt\u00fcl\u00fc fa\u015fizme do\u011fru gitti\u011fini&#8221; s\u00f6yledi\u011fini hat\u0131rlatt\u0131.<\/p>\n<p style=\"text-align: justify;\">CHP Grup Ba\u015fkanvekili Kemal K\u0131l\u0131\u00e7daro\u011flu,Ba\u015fbakan Recep Tayyip Erdo\u011fan&#8217;\u0131n demokratik a\u00e7\u0131l\u0131ma ili\u015fkin s\u00f6yledi\u011fi &#8220;Hazmede hazmede, hazmettire hazmettire bu s\u00fcreci devam ettirmemiz laz\u0131m&#8221; s\u00f6zlerine ili\u015fkin olarak, &#8220;Topluma bask\u0131yla bir \u015feyleri hazmettiremezsiniz.<\/p>\n<p style=\"text-align: justify;\">Bask\u0131yla hazmettirmeye kalkarsan\u0131z o toplum demokratik toplum olmaz&#8221; dedi.K\u0131l\u0131\u00e7daro\u011flu, T\u00fcrkiye \u0130\u015f\u00e7i Emeklileri Derne\u011fi (T\u0130ED) Genel Ba\u015fkan\u0131 Kaz\u0131m Erg\u00fcn&#8217;\u00fc derne\u011fin genel merkezinde ziyaret etti. G\u00f6r\u00fc\u015fmenin ard\u0131ndan K\u0131l\u0131\u00e7daro\u011fluve Erg\u00fcn bas\u0131n a\u00e7\u0131klamas\u0131 yapt\u0131.T\u0130ED&#8217;in T\u00fcrkiye&#8217;nin en b\u00fcy\u00fck sivil toplum kurulu\u015flar\u0131ndan biri oldu\u011funubelirten K\u0131l\u0131\u00e7daro\u011flu, &#8220;Say\u0131n Erg\u00fcn&#8217;e bayramda bir kart atm\u0131\u015ft\u0131m. <!--more-->Oraya da birnot d\u00fc\u015fm\u00fc\u015ft\u00fcm, &#8216;Sesinizi biraz y\u00fckseltin&#8217; diye. Fakat Ba\u015fkan bu kart\u0131 almadan baz\u0131 medya kurulu\u015flar\u0131n\u0131n eline ge\u00e7mi\u015f. Ba\u015fkan &#8216;Biz bu kart\u0131 almad\u0131k&#8217; dedi. Bende &#8216;Kabul ederseniz ben geleyim medyan\u0131n \u00f6n\u00fcnde ayn\u0131 \u015feyleri s\u00f6yleyeyim&#8217; dedim&#8221; s\u00f6zleriyle ziyaret nedenini anlatt\u0131.Emeklilerin AK Parti iktidar\u0131 taraf\u0131ndan ikinci s\u0131n\u0131f yurtta\u015f durumuna getirildi\u011fini savunan K\u0131l\u0131\u00e7daro\u011flu, emeklilere milli gelir art\u0131\u015f\u0131ndan pay verilmemesinin kanunla h\u00fckme ba\u011flanmas\u0131n\u0131 ele\u015ftirdi.Emekli ayl\u0131klar\u0131na yap\u0131lan y\u00fczde 1,83&#8217;l\u00fck zamm\u0131n ard\u0131ndan temel ihtiya\u00e7 maddelerine, suya, elektri\u011fe, do\u011falgaza, akaryak\u0131ta da zam yap\u0131ld\u0131\u011f\u0131n\u0131 belirten K\u0131l\u0131\u00e7daro\u011flu, \u015f\u00f6yle konu\u015ftu:&#8221;<\/p>\n<p style=\"text-align: justify;\">Emekli sesini \u00e7\u0131karmayacak m\u0131? Hem emekliyi ikinci s\u0131n\u0131f yurtta\u015f konumuna getireceksiniz hem de emekliye verdi\u011finiz 1,83 zamm\u0131, yapt\u0131\u011f\u0131n\u0131z y\u00fczde 200, 300, 500 oran\u0131nda zamlarla emeklinin cebinden \u00e7ekip alacaks\u0131n\u0131z. Hastaneye giderken de ayr\u0131ca katk\u0131 pay\u0131 \u00f6demesini isteyeceksiniz. 9 milyon emekli&#8230; Sonu\u00e7, T\u00fcrk-\u0130\u015f&#8217;in verilerinden yola \u00e7\u0131karak s\u00f6yl\u00fcyorum, 7 milyon 172 bin 983 i\u015f\u00e7i,\u00e7ift\u00e7i ve esnaf emeklisi a\u00e7l\u0131k s\u0131n\u0131r\u0131n\u0131n alt\u0131nda kald\u0131.Emeklilerin bilin\u00e7lenmesi, kendilerine bu zulm\u00fc reva g\u00f6ren iktidardan da bunun hesab\u0131n\u0131 sormas\u0131 gerekir. Bu nedenledir ki emeklilerimizin her zamandan daha fazla seslerini biraz daha g\u00fcr \u00e7\u0131karmalar\u0131 gerekiyor. Bu zamlardan sonra herhalde emeklilerin sesi de \u00e7\u0131kamayacak diye endi\u015feye kap\u0131ld\u0131m. O nedenle dedimki (Say\u0131n Ba\u015fkan sesinizi biraz y\u00fckseltin).&#8221;K\u0131l\u0131\u00e7daro\u011flu, &#8220;yanda\u015f medya kurulu\u015flar\u0131n\u0131n bu s\u00f6zlerini yay\u0131nlamayaca\u011f\u0131n\u0131&#8221; savunarak, &#8220;\u00c7\u00fcnk\u00fc onlar ger\u00e7e\u011fi iktidar\u0131n g\u00f6z\u00fcnden g\u00f6r\u00fcyorlar. Ger\u00e7ek farkl\u0131d\u0131r&#8221; dedi.Emekliye, i\u015f\u00e7iye, memura, al\u0131n teriyle ge\u00e7inen ki\u015filere katk\u0131 veren iktidarlara sayg\u0131 duyacaklar\u0131n\u0131 ifade eden K\u0131l\u0131\u00e7daro\u011flu, &#8220;Ama emekliyi ikinci s\u0131n\u0131f yurtta\u015f g\u00f6r\u00fcp, yarat\u0131lan katma de\u011ferden bile pay vermeyi yasal olarak yasaklayan bir siyasal iktidara emeklilerin (dur) demesi laz\u0131m. Bu nedenle emekli arkada\u015flar\u0131m\u0131n seslerini biraz daha g\u00fcr \u00e7\u0131karmalar\u0131 gerekiyor&#8221; diye konu\u015ftu.<\/p>\n<p style=\"text-align: justify;\"><strong><em>-&#8220;MUHALEFET\u0130 TEKER OLARAK G\u00d6R\u00dcYORLAR&#8221;- <\/em><\/strong><\/p>\n<p style=\"text-align: justify;\">K\u0131l\u0131\u00e7daro\u011flu, a\u00e7\u0131klamas\u0131n\u0131n ard\u0131ndan bas\u0131n mensuplar\u0131n\u0131n g\u00fcndeme ili\u015fkin sorular\u0131n\u0131 da yan\u0131tlad\u0131.Ba\u015fbakan Recep Tayyip Erdo\u011fan&#8217;\u0131n, demokratik a\u00e7\u0131l\u0131ma ili\u015fkin s\u00f6yledi\u011fi &#8220;Hazmede hazmede, hazmettire hazmettire bu s\u00fcreci devam ettirmemiz laz\u0131m&#8221; s\u00f6zlerinin hat\u0131rlat\u0131lmas\u0131 ve de\u011ferlendirmesinin sorulmas\u0131 \u00fczerine K\u0131l\u0131\u00e7daro\u011flu,bir ay \u00f6nce &#8220;T\u00fcrkiye&#8217;nin s\u00fcratle \u00f6rt\u00fcl\u00fc fa\u015fizme do\u011fru gitti\u011fini&#8221; s\u00f6yledi\u011fini hat\u0131rlatt\u0131. K\u0131l\u0131\u00e7daro\u011flu, \u015f\u00f6yle konu\u015ftu:<\/p>\n<p style=\"text-align: justify;\">&#8220;Medya \u00fczerinde kurulan bask\u0131lar, toplumun yoksulla\u015ft\u0131r\u0131lmas\u0131, demokrasi diye hukuk d\u0131\u015f\u0131 yarg\u0131lama s\u00fcrecinin AKP destekli olarak g\u00f6t\u00fcr\u00fclmesi gibi pek \u00e7ok olay T\u00fcrkiye&#8217;de b\u00fcy\u00fck \u00f6l\u00e7\u00fcde demokrasinin ask\u0131ya al\u0131nd\u0131\u011f\u0131n\u0131 g\u00f6steriyor. Say\u0131n Ba\u015fbakan, s\u00f6yleminde adeta bunu kan\u0131tl\u0131yor. &#8216;Hazmettire hazmettire, bast\u0131rabast\u0131ra biz bunu yapaca\u011f\u0131z&#8217; diyor. Hani bu Ba\u015fbakan demokratt\u0131, hani demokrasi istiyordu? Topluma bask\u0131yla bir \u015feyleri hazmettiremezsiniz. Bask\u0131yla hazmettirmeye kalkarsan\u0131z o toplum demokratik toplum olmaz. O rejimin ad\u0131na da siyasal bilimciler fa\u015fizm diyor. T\u00fcrkiye de bu s\u00fcrece do\u011fru gidiyor.Say\u0131n Ba\u015fbakan ya cama bakmadan konu\u015ftu veya camda bu yaz\u0131lmad\u0131\u011f\u0131 i\u00e7in i\u00e7inden geleni s\u00f6yledi. O i\u00e7inden gelen de zaten d\u00fc\u015f\u00fcnd\u00fc\u011f\u00fc \u015feydir. Say\u0131n Ba\u015fbakan demokrasiyi i\u00e7ine sindirmi\u015f de\u011fil&#8221; dedi.K\u0131l\u0131\u00e7daro\u011flu, T\u00fcrkiye ile Ermenistan aras\u0131nda parafe edilen protokol\u00fcn TBMM&#8217;ye gelece\u011finin hat\u0131rlat\u0131lmas\u0131 \u00fczerine, parafe edilen bir s\u00f6zle\u015fmenin parlamentoda nas\u0131l g\u00f6r\u00fc\u015f\u00fclece\u011fini merak ettiklerini s\u00f6yledi. Siyasi parti liderlerinden ya da de\u011fi\u015fik \u00e7evrelerden en az\u0131ndan daha \u00f6nce g\u00f6r\u00fc\u015f al\u0131nabilece\u011fini ifade eden K\u0131l\u0131\u00e7daro\u011flu, &#8220;Bu yap\u0131lmad\u0131. Bir oldu-bitti ile her\u015fey y\u00f6netilmek isteniyor. AKP, &#8216;Her \u015feyi en iyi ben bilirim, ben karar veririm&#8217;diyor. Ama i\u015fine gelmedi\u011fi, toplumsal tepki oldu\u011fu zaman da &#8216;Muhalefet de bize destek versin&#8217; diyor. Yani muhalefeti yolda, arabada giderken bir teker olarak g\u00f6r\u00fcyor, alg\u0131l\u0131yor. E\u011fer bir yerde aksama olur tekerin biri patlarsa muhalefet gelip buraya destek versin diye&#8221; diye konu\u015ftu.<\/p>\n<p style=\"text-align: justify;\"><strong><em>-&#8220;BUG\u00dcN D\u00dcNYANIN SAYILI ZENG\u0130N BA\u015eBAKANLARINDANSA&#8230;&#8221;- <\/em><\/strong><\/p>\n<p style=\"text-align: justify;\">Ba\u015fbakan Erdo\u011fan&#8217;\u0131n ABD&#8217;deki bir konu\u015fmas\u0131nda \u00e7ocuklu\u011funu anlatt\u0131\u011f\u0131n\u0131n an\u0131msat\u0131lmas\u0131 \u00fczerine de K\u0131l\u0131\u00e7daro\u011flu, \u015funlar\u0131 s\u00f6yledi:&#8221;K\u00fc\u00e7\u00fck Tayyip&#8217;e aynen kat\u0131l\u0131yorum. Ayakkab\u0131lar\u0131 y\u0131rt\u0131k olan, Rize&#8217;ninbir k\u00f6y\u00fcnde, baba \u00e7ok varl\u0131kl\u0131 de\u011fil. Bir anlamda benim \u00e7ocuklu\u011fumu anlatan bir \u00f6yk\u00fcyd\u00fc. Belki de benim ku\u015fa\u011f\u0131mdaki pek \u00e7ok \u00e7ocu\u011fu anlatan bir \u00f6yk\u00fcyd\u00fc o. Ama o \u00f6yk\u00fcn\u00fcn sahibi olan Ba\u015fbakan, etraf\u0131 \u00e7ift duvarlarla \u00e7evrili, K\u0131s\u0131kl\u0131&#8217;da kendisine yer yapmamal\u0131yd\u0131. E\u011fer bir ba\u015fbakan bug\u00fcn d\u00fcnyan\u0131n say\u0131l\u0131 zengin ba\u015fbakanlar\u0131ndan birisiyse o ba\u015fbakan o konu\u015fmay\u0131 da yapmamal\u0131yd\u0131. \u00c7\u00fcnk\u00fc o konu\u015fman\u0131n sonucu bu sorular\u0131 da g\u00fcndeme getiriyor.&#8221;Kendisinin, Ba\u015fbakan Erdo\u011fan&#8217;dan \u00e7ok daha uzun s\u00fcre kamuda \u00e7al\u0131\u015ft\u0131\u011f\u0131n\u0131,\u00e7ok daha y\u00fcksek \u00fccretler ald\u0131\u011f\u0131n\u0131 s\u00f6yleyen K\u0131l\u0131\u00e7daro\u011flu, mal varl\u0131\u011f\u0131n\u0131 kendi internet sitesinde yay\u0131mlayabildi\u011fini, kendisinin ya da \u00e7ocuklar\u0131n\u0131n hi\u00e7bir zaman de\u011feri 1 milyon dolar\u0131 a\u015fk\u0131n bir villan\u0131n sahibi olmad\u0131\u011f\u0131n\u0131 belirtti.K\u0131l\u0131\u00e7daro\u011flu, &#8220;O konu\u015fmay\u0131 yapmas\u0131n\u0131 bizim \u00e7ocuklu\u011fumuzu hat\u0131rlatmas\u0131yla beraber kendisi a\u00e7\u0131s\u0131ndan bir talihsizlik olarak g\u00f6r\u00fcyorum&#8221; dedi.K\u0131l\u0131\u00e7daro\u011flu, koruculuk sisteminin kald\u0131r\u0131lmas\u0131yla ilgili bir soruyu yan\u0131tlarken de bu sistemin a\u015famal\u0131 olarak, sosyal yap\u0131y\u0131 bozmadan kald\u0131r\u0131lmas\u0131n\u0131n parti programlar\u0131nda yer ald\u0131\u011f\u0131n\u0131 vurgulayarak, AK Parti&#8217;nin bu s\u00fcrece yakla\u015fm\u0131\u015f olmas\u0131n\u0131n kendilerini memnun edece\u011fini ifade etti.<\/p>\n<p style=\"text-align: justify;\"><em><strong>-&#8220;ANAYASAL HAK \u00c7\u0130\u011eNEND\u0130&#8221;- <\/strong><\/em><\/p>\n<p style=\"text-align: justify;\">T\u0130ED Genel Ba\u015fkan\u0131 Erg\u00fcn de K\u0131l\u0131\u00e7daro\u011flu&#8217;nun Ramazan Bayram\u0131 dolay\u0131s\u0131yla g\u00f6nderdi\u011fi tebrik kart\u0131n\u0131n kendilerine ula\u015fmadan haber olmas\u0131yla ilgili sorular \u00fczerine, &#8220;B\u00f6yle bir tebrik almad\u0131k. \u00dcz\u00fcc\u00fc taraf\u0131, bizim kurumumuza gelen bir tebri\u011fin kurumumuza ula\u015fmadan bir ba\u015fka yerde haber olarak \u00e7\u0131kmas\u0131. Bu, insan\u0131n anayasal hakk\u0131n\u0131n \u00e7i\u011fnendi\u011fi bir durum&#8221; dedi.K\u0131l\u0131\u00e7daro\u011flu&#8217;nun, tebrik kart\u0131n\u0131 posta yoluyla g\u00f6nderdi\u011fini s\u00f6ylemesi \u00fczerine Erg\u00fcn, &#8220;Bunu kim yapt\u0131ysa hangi ki\u015fi, hangi postac\u0131, hangi kurum yapt\u0131ysa \u00e7ok yanl\u0131\u015f&#8221; dedi.K\u0131l\u0131\u00e7daro\u011flu da, &#8220;Onu haber yapan medya benim ziyaretimi de h\u0131zland\u0131rm\u0131\u015f oldu. Onlara da te\u015fekk\u00fcr ediyoruz&#8221; dedi.<\/p>\n<p style=\"text-align: justify;\"><span style=\"color: #888888;\">Kaynak : Vatan<\/span><\/p>\n","protected":false},"excerpt":{"rendered":"<\/p>\n<p style=\"text-align: justify;\">K\u0131l\u0131\u00e7daro\u011flu, bir ay \u00f6nce &#8220;T\u00fcrkiye&#8217;nin s\u00fcratle \u00f6rt\u00fcl\u00fc fa\u015fizme do\u011fru gitti\u011fini&#8221; s\u00f6yledi\u011fini hat\u0131rlatt\u0131.<\/p>\n<p style=\"text-align: justify;\">CHP Grup Ba\u015fkanvekili Kemal K\u0131l\u0131\u00e7daro\u011flu,Ba\u015fbakan Recep Tayyip Erdo\u011fan&#8217;\u0131n demokratik a\u00e7\u0131l\u0131ma ili\u015fkin s\u00f6yledi\u011fi &#8220;Hazmede hazmede, hazmettire hazmettire bu s\u00fcreci devam ettirmemiz laz\u0131m&#8221; s\u00f6zlerine ili\u015fkin olarak, &#8220;Topluma bask\u0131yla bir \u015feyleri hazmettiremezsiniz.<\/p>\n<p style=\"text-align: justify;\">Bask\u0131yla hazmettirmeye kalkarsan\u0131z o toplum demokratik toplum <\/p>\n","protected":false},"author":1,"featured_media":0,"comment_status":"open","ping_status":"closed","sticky":false,"template":"","format":"standard","meta":{"footnotes":""},"categories":[105],"tags":[],"class_list":["post-15011","post","type-post","status-publish","format-standard","hentry","category-gundem","odd"],"_links":{"self":[{"href":"http:\/\/www.korhanyilmaz.com\/index.php?rest_route=\/wp\/v2\/posts\/15011","targetHints":{"allow":["GET"]}}],"collection":[{"href":"http:\/\/www.korhanyilmaz.com\/index.php?rest_route=\/wp\/v2\/posts"}],"about":[{"href":"http:\/\/www.korhanyilmaz.com\/index.php?rest_route=\/wp\/v2\/types\/post"}],"author":[{"embeddable":true,"href":"http:\/\/www.korhanyilmaz.com\/index.php?rest_route=\/wp\/v2\/users\/1"}],"replies":[{"embeddable":true,"href":"http:\/\/www.korhanyilmaz.com\/index.php?rest_route=%2Fwp%2Fv2%2Fcomments&post=15011"}],"version-history":[{"count":0,"href":"http:\/\/www.korhanyilmaz.com\/index.php?rest_route=\/wp\/v2\/posts\/15011\/revisions"}],"wp:attachment":[{"href":"http:\/\/www.korhanyilmaz.com\/index.php?rest_route=%2Fwp%2Fv2%2Fmedia&parent=15011"}],"wp:term":[{"taxonomy":"category","embeddable":true,"href":"http:\/\/www.korhanyilmaz.com\/index.php?rest_route=%2Fwp%2Fv2%2Fcategories&post=15011"},{"taxonomy":"post_tag","embeddable":true,"href":"http:\/\/www.korhanyilmaz.com\/index.php?rest_route=%2Fwp%2Fv2%2Ftags&post=15011"}],"curies":[{"name":"wp","href":"https:\/\/api.w.org\/{rel}","templated":true}]}}