{"id":15000,"date":"2009-09-23T23:27:16","date_gmt":"2009-09-23T20:27:16","guid":{"rendered":"http:\/\/www.korhanyilmaz.com\/?p=15000"},"modified":"2009-09-23T23:27:16","modified_gmt":"2009-09-23T20:27:16","slug":"pkknin-istedigi-oluyor","status":"publish","type":"post","link":"http:\/\/www.korhanyilmaz.com\/?p=15000","title":{"rendered":"PKK&#039;NIN \u0130STED\u0130\u011e\u0130 OLUYOR!"},"content":{"rendered":"<p style=\"text-align: center;\"><a href=\"http:\/\/www.korhanyilmaz.com\/wp-content\/uploads\/2009\/09\/pkk1.jpg\"  class=\"lightview\"><img loading=\"lazy\" decoding=\"async\" class=\"aligncenter size-full wp-image-15001\" src=\"http:\/\/www.korhanyilmaz.com\/wp-content\/uploads\/2009\/09\/pkk1.jpg\" alt=\"\" width=\"450\" height=\"225\" \/><\/a><\/p>\n<p style=\"text-align: justify;\"><em><strong>PKK\u2019n\u0131n istedi\u011fi oluyor\u00a0 ; Korucuya tasfiye<\/strong><\/em><\/p>\n<p style=\"text-align: justify;\">Y\u0131llardan beri ter\u00f6r \u00f6rg\u00fct\u00fcne kar\u015f\u0131 m\u00fccadele eden korucular\u0131n ellerindeki silahlar al\u0131nacak. Korucular maa\u015flar\u0131n\u0131 k\u00f6y i\u015fleri yaparak alacak.<\/p>\n<p style=\"text-align: justify;\">Do\u011fu ve G\u00fcneydo\u011fu\u2019da ter\u00f6rle m\u00fccadele i\u00e7in y\u0131llar \u00f6nce kurulan koruculuk sistemi son g\u00fcnlerini ya\u015f\u0131yor. Y\u0131llarca ter\u00f6r \u00f6rg\u00fct\u00fcyle amans\u0131z sava\u015f veren koruculuk sisteminin kald\u0131r\u0131lmas\u0131 i\u00e7in b\u00fcy\u00fck bir \u00e7al\u0131\u015fma ba\u015flat\u0131ld\u0131. Bu konuda ter\u00f6r \u00f6rg\u00fct\u00fcn\u00fcn Kandil\u2019deki lideri Murat Karay\u0131lan ve b\u00f6l\u00fcc\u00fcba\u015f\u0131 Abdullah \u00d6calan bile a\u00e7\u0131klamalar yapm\u0131\u015f ve koruculu\u011fun kald\u0131r\u0131lmas\u0131n\u0131 talep etmi\u015fti. Son alarak Mardin\u2019in Bilgi K\u00f6y\u00fc\u2019nde ya\u015fanan katliam\u0131n ard\u0131ndan DTP de, koruculu\u011fun kald\u0131r\u0131lmas\u0131 i\u00e7in kampanya ba\u015flatm\u0131\u015ft\u0131. H\u00fck\u00fcmet de buna destek vererek, \u00e7al\u0131\u015fma ba\u015flatm\u0131\u015ft\u0131. <!--more--><\/p>\n<p style=\"text-align: justify;\">Mardin\u2019deki katliamdan sonra Ter\u00f6rle M\u00fccadele Y\u00fcksek Kurulu\u2019nda koruculu\u011fun kald\u0131r\u0131lmas\u0131yla ilgili bir rapor haz\u0131rlanmas\u0131na karar verildi. Genelkurmay ise, ter\u00f6rle m\u00fccadele devam ederken, bu kadar radikal bir \u00f6nlem al\u0131nmas\u0131n\u0131n do\u011fru olup olmayaca\u011f\u0131n\u0131 sorgulad\u0131. Sonu\u00e7 olarak koruculu\u011fun kald\u0131r\u0131lmas\u0131yle ilgili haz\u0131rlanan bir rapor, Ter\u00f6rle M\u00fccadele Y\u00fcksek Kurulu\u2019na da ba\u015fkanl\u0131k eden Ba\u015fbakan Yard\u0131mc\u0131s\u0131 Cemil \u00c7i\u00e7ek\u2019e sunuldu.<\/p>\n<p style=\"text-align: justify;\"><strong><em>Raporda neler var?<\/em><\/strong><\/p>\n<p style=\"text-align: justify;\">Raporda ana hatlar\u0131yla \u015fu unsurlar yer al\u0131yor:<\/p>\n<p style=\"text-align: justify;\">* Koruculuk kademeli olarak tasfiye edilmelidir.<\/p>\n<p style=\"text-align: justify;\">* Ter\u00f6rle m\u00fccadele i\u00e7in kurulmu\u015f olan koruculuk sistemi, ilerleyen zaman i\u00e7inde kendisi b\u00f6lgede sosyal bir sorun haline gelmi\u015ftir.<\/p>\n<p style=\"text-align: justify;\">* Avrupa Birli\u011fi de, koruculuk sisteminin kald\u0131r\u0131lmas\u0131 konusunda T\u00fcrkiye\u2019ye bask\u0131 yapmaktad\u0131r.<\/p>\n<p style=\"text-align: justify;\">* AB raporlar\u0131nda, koruculuk sisteminin, ter\u00f6r \u00f6rg\u00fct\u00fcnde b\u00fcy\u00fck eylemlere kar\u0131\u015fmam\u0131\u015f militanlar\u0131n geri d\u00f6n\u00fc\u015flerini engelleyen bir unsur oldu\u011fu da vurgulanmaktad\u0131r. T\u00fcrkiye, yeni a\u00e7\u0131l\u0131m \u00e7er\u00e7evesinde geri d\u00f6n\u00fc\u015f sa\u011flayacaksa, bunu \u00f6nce geri d\u00f6nenlere y\u00f6nelik olu\u015fabilecek \u201cintikam\u201d hissini ortadan kald\u0131rarak, yani koruculuk sistemini kald\u0131rarak yapabilir.<\/p>\n<p style=\"text-align: justify;\">* Koruculuk sisteminin kademeli olarak kald\u0131r\u0131lmas\u0131 \u00e7er\u00e7evesinde devletten maa\u015f alan k\u00f6y korucular\u0131, \u00f6zellikle hayvanc\u0131l\u0131k ve tar\u0131m alanlar\u0131nda, yine maa\u015f alarak, g\u00f6revlendirilebilirler.<\/p>\n<p style=\"text-align: justify;\"><strong><em>80 bin korucu bulunuyor<\/em><\/strong><\/p>\n<p style=\"text-align: justify;\">T\u00fcrkiye\u2019de 22 ilde g\u00f6rev yapan korucular\u0131n toplam say\u0131s\u0131 80 binin \u00fczerinde. Bunlardan 59 bin d\u00fczenli maa\u015f alan ge\u00e7ici k\u00f6y korucusu, kalan 23 bin 274 ki\u015filik k\u0131sm\u0131 ise maa\u015f almayan g\u00f6n\u00fcll\u00fc korucu.<\/p>\n<p style=\"text-align: justify;\"><span style=\"color: #888888;\">Haber : Fatih Erboz &#8211; <a href=\"http:\/\/www.yenicaggazetesi.com.tr\/haberdetay.php?hit=23494\" target=\"_blank\">yenicaggazetesi.com.tr<\/a><\/span><\/p>\n","protected":false},"excerpt":{"rendered":"<p style=\"text-align: center;\">\n<p style=\"text-align: justify;\">PKK\u2019n\u0131n istedi\u011fi oluyor ; Korucuya tasfiye<\/p>\n<p style=\"text-align: justify;\">Y\u0131llardan beri ter\u00f6r \u00f6rg\u00fct\u00fcne kar\u015f\u0131 m\u00fccadele eden korucular\u0131n ellerindeki silahlar al\u0131nacak. Korucular maa\u015flar\u0131n\u0131 k\u00f6y i\u015fleri yaparak alacak.<\/p>\n<p style=\"text-align: justify;\">Do\u011fu ve G\u00fcneydo\u011fu\u2019da ter\u00f6rle m\u00fccadele i\u00e7in y\u0131llar \u00f6nce kurulan koruculuk sistemi son g\u00fcnlerini ya\u015f\u0131yor. Y\u0131llarca ter\u00f6r \u00f6rg\u00fct\u00fcyle amans\u0131z sava\u015f veren koruculuk sisteminin kald\u0131r\u0131lmas\u0131 <\/p>\n","protected":false},"author":1,"featured_media":0,"comment_status":"open","ping_status":"closed","sticky":false,"template":"","format":"standard","meta":{"footnotes":""},"categories":[105],"tags":[],"class_list":["post-15000","post","type-post","status-publish","format-standard","hentry","category-gundem","odd"],"_links":{"self":[{"href":"http:\/\/www.korhanyilmaz.com\/index.php?rest_route=\/wp\/v2\/posts\/15000","targetHints":{"allow":["GET"]}}],"collection":[{"href":"http:\/\/www.korhanyilmaz.com\/index.php?rest_route=\/wp\/v2\/posts"}],"about":[{"href":"http:\/\/www.korhanyilmaz.com\/index.php?rest_route=\/wp\/v2\/types\/post"}],"author":[{"embeddable":true,"href":"http:\/\/www.korhanyilmaz.com\/index.php?rest_route=\/wp\/v2\/users\/1"}],"replies":[{"embeddable":true,"href":"http:\/\/www.korhanyilmaz.com\/index.php?rest_route=%2Fwp%2Fv2%2Fcomments&post=15000"}],"version-history":[{"count":0,"href":"http:\/\/www.korhanyilmaz.com\/index.php?rest_route=\/wp\/v2\/posts\/15000\/revisions"}],"wp:attachment":[{"href":"http:\/\/www.korhanyilmaz.com\/index.php?rest_route=%2Fwp%2Fv2%2Fmedia&parent=15000"}],"wp:term":[{"taxonomy":"category","embeddable":true,"href":"http:\/\/www.korhanyilmaz.com\/index.php?rest_route=%2Fwp%2Fv2%2Fcategories&post=15000"},{"taxonomy":"post_tag","embeddable":true,"href":"http:\/\/www.korhanyilmaz.com\/index.php?rest_route=%2Fwp%2Fv2%2Ftags&post=15000"}],"curies":[{"name":"wp","href":"https:\/\/api.w.org\/{rel}","templated":true}]}}