{"id":14991,"date":"2009-09-23T14:31:57","date_gmt":"2009-09-23T11:31:57","guid":{"rendered":"http:\/\/www.korhanyilmaz.com\/?p=14991"},"modified":"2009-09-23T14:31:57","modified_gmt":"2009-09-23T11:31:57","slug":"ikili-averajda-g-sarayin-onunde-olmaliyiz","status":"publish","type":"post","link":"http:\/\/www.korhanyilmaz.com\/?p=14991","title":{"rendered":"\u0130kili averajda G.Saray&#8217;\u0131n \u00f6n\u00fcnde olmal\u0131y\u0131z"},"content":{"rendered":"<p style=\"text-align: center;\"><a href=\"http:\/\/www.korhanyilmaz.com\/wp-content\/uploads\/2009\/09\/FB.jpg\"  class=\"lightview\"><img loading=\"lazy\" decoding=\"async\" class=\"aligncenter size-full wp-image-14992\" src=\"http:\/\/www.korhanyilmaz.com\/wp-content\/uploads\/2009\/09\/FB.jpg\" alt=\"\" width=\"410\" height=\"179\" \/><\/a><\/p>\n<p style=\"text-align: justify;\">Fenerbah\u00e7e&#8217;nin Brezilyal\u0131 futbolcusu Cristian Baroni, m\u00fccadele ettikleri \u00fc\u00e7 kulvarda hedeflerinin \u015fampiyonluk oldu\u011funu s\u00f6yledi. Cristian, ikili averajda Galatasaray&#8217;\u0131n \u00f6n\u00fcnde olmalar\u0131 gerekti\u011fini belirtti.<\/p>\n<p style=\"text-align: justify;\">Cristian, Can Bartu tesislerinde antrenmandan sonra gazetecilerin sorular\u0131n\u0131 yan\u0131tlad\u0131.<\/p>\n<p style=\"text-align: justify;\">Fenerbah\u00e7e&#8217;nin her kulvarda mutlaka \u015fampiyon olmak isteyece\u011fini vurgulayan Cristian, &#8220;o y\u00fczden &#8216;bu olsa daha iyi, bunu arka plana atabiliriz&#8217; diye kesinlikle bir d\u00fc\u015f\u00fcnce yok. Kat\u0131ld\u0131\u011f\u0131m\u0131z her turnuvada hedefimiz \u015fampiyonluktur. UEFA Avrupa Ligi, T\u00fcrkiye Ligi ve T\u00fcrkiye Kupas\u0131&#8217;nda \u015fampiyon olmak istiyoruz&#8221; dedi. <!--more--><\/p>\n<p style=\"text-align: justify;\">Brezilyal\u0131 futbolcu, tak\u0131m\u0131n kazanmas\u0131na ra\u011fmen ele\u015ftirilmesiyle ilgili soru \u00fczerine ise ele\u015ftirilere sayg\u0131 duyduklar\u0131n\u0131, ancak kazanmalar\u0131n\u0131n \u00f6nemli oldu\u011funu s\u00f6yledi.<\/p>\n<p style=\"text-align: justify;\">Tak\u0131m oturduktan sonra taraftarlar\u0131n\u0131n istedi\u011fi g\u00fczel oyunun gelece\u011fini ifade eden Cristian, &#8220;ele\u015ftirilere sayg\u0131 duyuyoruz, fakat saha i\u00e7inde bizim yapt\u0131klar\u0131m\u0131z \u00f6nemli. Belki en iyi oynayan ekip de\u011filiz, fakat ma\u00e7lar\u0131 kazanabiliyoruz. Zamanla tak\u0131m\u0131m\u0131z daha g\u00f6ze ho\u015f gelen bir futbol oynayacakt\u0131r&#8221; diye konu\u015ftu.<\/p>\n<p style=\"text-align: justify;\">\u0130stanbul B\u00fcy\u00fck\u015fehir Belediyespor ma\u00e7\u0131n\u0131n ard\u0131ndan iki g\u00fcnl\u00fck izinde dinlendiklerini ve aileleriyle zaman ge\u00e7irdiklerini kaydeden Cristian, hafta sonunda yapacaklar\u0131 Antalyaspor ma\u00e7\u0131ndan \u00fc\u00e7 puanla ayr\u0131lacaklar\u0131na inand\u0131\u011f\u0131n\u0131 s\u00f6yledi.<\/p>\n<p style=\"text-align: justify;\">Brezilyal\u0131 futbolcu, ilk haftalardan itibaren lig yar\u0131\u015f\u0131n\u0131n bu sene \u00e7ok zorlu ge\u00e7ece\u011finin g\u00f6r\u00fcld\u00fc\u011f\u00fcn\u00fc, \u015fu anda ligde en g\u00fc\u00e7l\u00fc ekiplerin Fenerbah\u00e7e ve Galatasaray oldu\u011funu ifade etti.<\/p>\n<p style=\"text-align: justify;\"><strong><em>&#8220;Tek rakibimiz Galatasaray de\u011fil&#8221; <\/em><\/strong><\/p>\n<p style=\"text-align: justify;\">Cristian, ma\u00e7 ma\u00e7 d\u00fc\u015f\u00fcnmeleri gerekti\u011fini dile getirerek \u015f\u00f6yle devam etti:<\/p>\n<p style=\"text-align: justify;\">&#8220;\u00c7\u00fcnk\u00fc lig yar\u0131\u015f\u0131nda rakibimiz sadece Galatasaray de\u011fil. B\u00fct\u00fcn ekiplere kar\u015f\u0131 ayn\u0131 havayla oynamam\u0131z gerekiyor ki sezon sonunda mutlu sona ula\u015fal\u0131m. Elbette ki \u015fampiyonluk yar\u0131\u015f\u0131ndaki ekiplere kar\u015f\u0131 -\u015fu anda o Galatasaray gibi g\u00f6z\u00fck\u00fcyor- \u00f6zellikle ikili averajda \u00f6nde olmam\u0131z gerekiyor. Lig bu sene baya\u011f\u0131 \u00e7eki\u015fmeli ge\u00e7ecek, sonunda biz ipi g\u00f6\u011f\u00fcslemek istiyoruz.&#8221;<\/p>\n<p style=\"text-align: justify;\">T\u00fcrkiye&#8217;ye k\u0131sa s\u00fcrede uyum sa\u011flad\u0131\u011f\u0131n\u0131, e\u015finin de \u0130stanbul&#8217;a \u00e7abuk adapte oldu\u011funu anlatan Cristian, tak\u0131mda \u00e7ok fazla Brezilyal\u0131 oldu\u011fu i\u00e7in kendisini 40 y\u0131ld\u0131r Fenerbah\u00e7e&#8217;de oynuyormu\u015f gibi hissetti\u011fini kaydetti.<\/p>\n<p style=\"text-align: justify;\"><strong><em>&#8220;Tak\u0131m\u0131n kazanmas\u0131 \u00f6nemlidir&#8221; <\/em><\/strong><\/p>\n<p style=\"text-align: justify;\">Cristian, sahada \u00f6n planda olan biri olmad\u0131\u011f\u0131n\u0131, kendisi i\u00e7in tak\u0131m\u0131n kazanmas\u0131n\u0131n \u00f6nemli oldu\u011funu s\u00f6yledi.<\/p>\n<p style=\"text-align: justify;\">&#8220;\u00d6zel hayat\u0131mdaki ben ile sahadaki ben \u00e7ok fazla benzerlik g\u00f6steriyor&#8221; diyen Brezilyal\u0131 futbolcu, &#8220;kendimi \u00f6n plana \u00e7\u0131karmay\u0131 isteyen biri de\u011filim. Hedeflerim \u00f6nemlidir. Hayat\u0131mda ailem ve benim mutlulu\u011fum \u00f6nemlidir, onun i\u00e7in elimden geleni yapar\u0131m. Saha i\u00e7inde de benim i\u00e7in tak\u0131m\u0131m\u0131n kazanaca\u011f\u0131 ma\u00e7lar \u00f6nemlidir. Benim \u00f6n plana \u00e7\u0131kmam \u00f6nemli de\u011fil, \u00f6nemli olan orada g\u00f6revimizi yapmam\u0131z&#8221; diye konu\u015ftu.<\/p>\n<p style=\"text-align: justify;\">Cristian, Be\u015fikta\u015fl\u0131 Rodrigo Tabata ile ilgili bir soru \u00fczerine, &#8220;Tabata&#8217;y\u0131 Brezilya&#8217;dan tan\u0131yorum. \u015eu anda yeni tak\u0131m\u0131 iyi bir d\u00f6nemden ge\u00e7miyor, ele\u015ftiri olacakt\u0131r. \u015e\u00f6yle bir ger\u00e7ek var ki Tabata \u00e7ok kaliteli bir oyuncu. Be\u015fikta\u015f&#8217;a da faydal\u0131 olacakt\u0131r&#8221; dedi.<\/p>\n<p style=\"text-align: justify;\"><span style=\"color: #888888;\">CNN T\u00dcRK<\/span><\/p>\n","protected":false},"excerpt":{"rendered":"<p style=\"text-align: center;\">\n<p style=\"text-align: justify;\">Fenerbah\u00e7e&#8217;nin Brezilyal\u0131 futbolcusu Cristian Baroni, m\u00fccadele ettikleri \u00fc\u00e7 kulvarda hedeflerinin \u015fampiyonluk oldu\u011funu s\u00f6yledi. Cristian, ikili averajda Galatasaray&#8217;\u0131n \u00f6n\u00fcnde olmalar\u0131 gerekti\u011fini belirtti.<\/p>\n<p style=\"text-align: justify;\">Cristian, Can Bartu tesislerinde antrenmandan sonra gazetecilerin sorular\u0131n\u0131 yan\u0131tlad\u0131.<\/p>\n<p style=\"text-align: justify;\">Fenerbah\u00e7e&#8217;nin her kulvarda mutlaka \u015fampiyon olmak isteyece\u011fini vurgulayan Cristian, &#8220;o y\u00fczden &#8216;bu olsa daha iyi, bunu <\/p>\n","protected":false},"author":1,"featured_media":0,"comment_status":"open","ping_status":"closed","sticky":false,"template":"","format":"standard","meta":{"footnotes":""},"categories":[42],"tags":[],"class_list":["post-14991","post","type-post","status-publish","format-standard","hentry","category-spor","odd"],"_links":{"self":[{"href":"http:\/\/www.korhanyilmaz.com\/index.php?rest_route=\/wp\/v2\/posts\/14991","targetHints":{"allow":["GET"]}}],"collection":[{"href":"http:\/\/www.korhanyilmaz.com\/index.php?rest_route=\/wp\/v2\/posts"}],"about":[{"href":"http:\/\/www.korhanyilmaz.com\/index.php?rest_route=\/wp\/v2\/types\/post"}],"author":[{"embeddable":true,"href":"http:\/\/www.korhanyilmaz.com\/index.php?rest_route=\/wp\/v2\/users\/1"}],"replies":[{"embeddable":true,"href":"http:\/\/www.korhanyilmaz.com\/index.php?rest_route=%2Fwp%2Fv2%2Fcomments&post=14991"}],"version-history":[{"count":0,"href":"http:\/\/www.korhanyilmaz.com\/index.php?rest_route=\/wp\/v2\/posts\/14991\/revisions"}],"wp:attachment":[{"href":"http:\/\/www.korhanyilmaz.com\/index.php?rest_route=%2Fwp%2Fv2%2Fmedia&parent=14991"}],"wp:term":[{"taxonomy":"category","embeddable":true,"href":"http:\/\/www.korhanyilmaz.com\/index.php?rest_route=%2Fwp%2Fv2%2Fcategories&post=14991"},{"taxonomy":"post_tag","embeddable":true,"href":"http:\/\/www.korhanyilmaz.com\/index.php?rest_route=%2Fwp%2Fv2%2Ftags&post=14991"}],"curies":[{"name":"wp","href":"https:\/\/api.w.org\/{rel}","templated":true}]}}