{"id":14987,"date":"2009-09-23T11:35:16","date_gmt":"2009-09-23T08:35:16","guid":{"rendered":"http:\/\/www.korhanyilmaz.com\/?p=14987"},"modified":"2009-09-23T11:35:16","modified_gmt":"2009-09-23T08:35:16","slug":"galatasaray-anarsiyi-tesvik-etti","status":"publish","type":"post","link":"http:\/\/www.korhanyilmaz.com\/?p=14987","title":{"rendered":"Galatasaray anar\u015fiyi te\u015fvik etti"},"content":{"rendered":"<p style=\"text-align: center;\"><a href=\"http:\/\/www.korhanyilmaz.com\/wp-content\/uploads\/2009\/09\/GS1.jpg\"  class=\"lightview\"><img loading=\"lazy\" decoding=\"async\" class=\"aligncenter size-full wp-image-14988\" src=\"http:\/\/www.korhanyilmaz.com\/wp-content\/uploads\/2009\/09\/GS1.jpg\" alt=\"\" width=\"410\" height=\"179\" \/><\/a><\/p>\n<p style=\"text-align: justify;\">Kas\u0131mpa\u015fa kul\u00fcb\u00fc futbol \u015fube sorumlusu Mehmet S\u00fcha Sidal, Galatasaray ma\u00e7\u0131nda bilet fiyatlar\u0131 sebebiyle ya\u015fanan sorunlardan sar\u0131-k\u0131rm\u0131z\u0131l\u0131 y\u00f6netimi sorumlu tuttu.<\/p>\n<p style=\"text-align: justify;\">Sidal, statlar\u0131nda yap\u0131lan kar\u015f\u0131la\u015fmada Galatasaray&#8217;\u0131 iyi bir \u015fekilde a\u011f\u0131rlamaya \u00e7al\u0131\u015ft\u0131klar\u0131n\u0131 belirterek, y\u00fcksek bilet fiyat\u0131n\u0131 protesto i\u00e7in ma\u00e7\u0131 taraftarlarla birlikte seyreden Adnan Polat&#8217;\u0131 ele\u015ftirdi.<\/p>\n<p style=\"text-align: justify;\">Sidal, &#8221;Adnan Polat, bizi protesto etmi\u015f. \u0130\u00e7 i\u015flerimize kar\u0131\u015ft\u0131klar\u0131 i\u00e7in biz de Adnan Polat&#8217;\u0131, Haldun \u00dcst\u00fcnel&#8217;i ve Adnan Sezgin&#8217;i protesto ediyoruz&#8221; dedi. <!--more--><\/p>\n<p style=\"text-align: justify;\">Kas\u0131mpa\u015fa kul\u00fcb\u00fc futbol \u015fube sorumlusu, &#8220;Galatasaray taraftar\u0131n\u0131n ma\u00e7a ilgisi b\u00fcy\u00fckt\u00fc, ancak amigolar\u0131n bask\u0131s\u0131 stada girmemelerine neden oldu. Taraftarlar\u0131 kimlerin y\u00f6nlendirdi\u011fi belliydi. Zaten Galatasaray taraftar\u0131n\u0131n kendi aras\u0131nda yapt\u0131\u011f\u0131 kavgaya polis, biber gaz\u0131yla m\u00fcdahale etmek zorunda kald\u0131. Ama sonu\u00e7ta amigolar\u0131n bask\u0131s\u0131 kazand\u0131&#8221; diye konu\u015ftu.<\/p>\n<p style=\"text-align: justify;\">Galatasarayl\u0131 y\u00f6neticilerin taraftarlar\u0131n\u0131 k\u0131\u015fk\u0131rtt\u0131\u011f\u0131n\u0131 iddia eden Sidal, \u015funlar\u0131 kaydetti:<\/p>\n<p style=\"text-align: justify;\">&#8221;Taraftarlar\u0131n\u0131 k\u0131\u015fk\u0131rtan ve bu olaylara sebep olan Polat, \u00dcst\u00fcnel ve Sezgin&#8217;i k\u0131n\u0131yoruz. Kimse bizim i\u00e7 i\u015flerimize kar\u0131\u015famaz. Y\u00f6netimimizin ald\u0131\u011f\u0131 bilet fiyatlar\u0131na m\u00fcdahale etmek istediler. Biz bu m\u00fcdahaleyi kabul etmeyince de spor anar\u015fisini te\u015fvik edici bir tav\u0131r tak\u0131nd\u0131lar.<\/p>\n<p style=\"text-align: justify;\">&#8220;B\u00f6yle bir tav\u0131r Galatasaray y\u00f6neticilerine hi\u00e7 yak\u0131\u015fmad\u0131. Sonu\u00e7ta k\u0131\u015fk\u0131rt\u0131klar\u0131 taraftar\u0131n\u0131n aras\u0131na girip ma\u00e7\u0131 izlediler. Bu da kendilerini ba\u011flayan bir durumdur. Biz kendilerini stad\u0131m\u0131zda en iyi \u015fekilde a\u011f\u0131rlamaya \u00e7al\u0131\u015ft\u0131k.&#8221;<\/p>\n<p style=\"text-align: justify;\">Mehmet S\u00fcha Sidal, statlar\u0131nda sar\u0131-k\u0131rm\u0131z\u0131l\u0131 taraftarlar i\u00e7in 5 bin ki\u015filik yer ay\u0131rd\u0131klar\u0131n\u0131 dile getirerek \u015fu ifadeleri kulland\u0131:<\/p>\n<p style=\"text-align: justify;\">&#8221;Buna ra\u011fmen bize kar\u015f\u0131 tak\u0131nd\u0131klar\u0131 tavr\u0131 anlam\u0131\u015f de\u011filiz. \u00d6nce kendilere stad\u0131n y\u00fczde 5&#8217;lik kapasitesini kullanma haklar\u0131n\u0131n oldu\u011funu s\u00f6yledik. Arzu ederlerse bu \u015fekilde de stad\u0131m\u0131z\u0131 kendilerine a\u00e7aca\u011f\u0131m\u0131z\u0131 bildirmi\u015ftik. Bu y\u00fczde 5&#8217;lik kapasiteyi olu\u015fturan 500 tane bileti kendilerine hediye edece\u011fimizi de beyan etmi\u015ftik.<\/p>\n<p style=\"text-align: justify;\">&#8220;Ama \u0131srarla seyirci kapasitesinin y\u00fckseltilmesini istediler. Biz de bu kapasiteyi a\u015fabilece\u011fimizi, ancak kul\u00fcb\u00fcm\u00fcz\u00fcn de gelir elde etmesi gerekti\u011fini bildirdik. Ancak bu sefer de bilet fiyatlar\u0131na m\u00fcdahale ettiler ve bu sorunlar\u0131n ya\u015fanmas\u0131na neden oldular.&#8221;<\/p>\n<p style=\"text-align: justify;\"><span style=\"color: #888888;\">CNN T\u00dcRK<\/span><\/p>\n","protected":false},"excerpt":{"rendered":"<p style=\"text-align: center;\">\n<p style=\"text-align: justify;\">Kas\u0131mpa\u015fa kul\u00fcb\u00fc futbol \u015fube sorumlusu Mehmet S\u00fcha Sidal, Galatasaray ma\u00e7\u0131nda bilet fiyatlar\u0131 sebebiyle ya\u015fanan sorunlardan sar\u0131-k\u0131rm\u0131z\u0131l\u0131 y\u00f6netimi sorumlu tuttu.<\/p>\n<p style=\"text-align: justify;\">Sidal, statlar\u0131nda yap\u0131lan kar\u015f\u0131la\u015fmada Galatasaray&#8217;\u0131 iyi bir \u015fekilde a\u011f\u0131rlamaya \u00e7al\u0131\u015ft\u0131klar\u0131n\u0131 belirterek, y\u00fcksek bilet fiyat\u0131n\u0131 protesto i\u00e7in ma\u00e7\u0131 taraftarlarla birlikte seyreden Adnan Polat&#8217;\u0131 ele\u015ftirdi.<\/p>\n<p style=\"text-align: justify;\">Sidal, &#8221;Adnan Polat, bizi <\/p>\n","protected":false},"author":1,"featured_media":0,"comment_status":"open","ping_status":"closed","sticky":false,"template":"","format":"standard","meta":{"footnotes":""},"categories":[42],"tags":[],"class_list":["post-14987","post","type-post","status-publish","format-standard","hentry","category-spor","odd"],"_links":{"self":[{"href":"http:\/\/www.korhanyilmaz.com\/index.php?rest_route=\/wp\/v2\/posts\/14987","targetHints":{"allow":["GET"]}}],"collection":[{"href":"http:\/\/www.korhanyilmaz.com\/index.php?rest_route=\/wp\/v2\/posts"}],"about":[{"href":"http:\/\/www.korhanyilmaz.com\/index.php?rest_route=\/wp\/v2\/types\/post"}],"author":[{"embeddable":true,"href":"http:\/\/www.korhanyilmaz.com\/index.php?rest_route=\/wp\/v2\/users\/1"}],"replies":[{"embeddable":true,"href":"http:\/\/www.korhanyilmaz.com\/index.php?rest_route=%2Fwp%2Fv2%2Fcomments&post=14987"}],"version-history":[{"count":0,"href":"http:\/\/www.korhanyilmaz.com\/index.php?rest_route=\/wp\/v2\/posts\/14987\/revisions"}],"wp:attachment":[{"href":"http:\/\/www.korhanyilmaz.com\/index.php?rest_route=%2Fwp%2Fv2%2Fmedia&parent=14987"}],"wp:term":[{"taxonomy":"category","embeddable":true,"href":"http:\/\/www.korhanyilmaz.com\/index.php?rest_route=%2Fwp%2Fv2%2Fcategories&post=14987"},{"taxonomy":"post_tag","embeddable":true,"href":"http:\/\/www.korhanyilmaz.com\/index.php?rest_route=%2Fwp%2Fv2%2Ftags&post=14987"}],"curies":[{"name":"wp","href":"https:\/\/api.w.org\/{rel}","templated":true}]}}