{"id":14975,"date":"2009-09-23T15:16:26","date_gmt":"2009-09-23T12:16:26","guid":{"rendered":"http:\/\/www.korhanyilmaz.com\/?p=14975"},"modified":"2009-09-23T15:16:26","modified_gmt":"2009-09-23T12:16:26","slug":"muhalefetten-basbuga-tepki","status":"publish","type":"post","link":"http:\/\/www.korhanyilmaz.com\/?p=14975","title":{"rendered":"Muhalefetten Ba\u015fbu\u011f&#039;a tepki"},"content":{"rendered":"<p style=\"text-align: center;\"><a href=\"http:\/\/www.korhanyilmaz.com\/wp-content\/uploads\/2009\/09\/basbug.jpg\"  class=\"lightview\"><img loading=\"lazy\" decoding=\"async\" class=\"aligncenter size-full wp-image-14976\" src=\"http:\/\/www.korhanyilmaz.com\/wp-content\/uploads\/2009\/09\/basbug.jpg\" alt=\"\" width=\"329\" height=\"210\" \/><\/a><\/p>\n<p style=\"text-align: justify;\">&#8216;TSK\u2019n\u0131n bu kadar siyasetin i\u00e7inde olmas\u0131 do\u011fru de\u011fil&#8217;<\/p>\n<p style=\"text-align: justify;\">Ba\u015fbu\u011f\u2019un \u201cA\u00e7\u0131k oturumlar\u0131 dinlemeyin, TV\u2019leri seyretmeyin\u201d s\u00f6zleri muhalefetin ele\u015ftirilerine hedef oldu. \u201cTSK\u2019n\u0131n da bu kadar g\u00fcncel siyasetin i\u00e7inde yer almas\u0131n\u0131 do\u011fru g\u00f6rm\u00fcyorum\u201d diyen CHP\u2019li Okay\u2019a MHP\u2019li Vural da destek verdi.<\/p>\n<p style=\"text-align: justify;\">Genelkurmay Ba\u015fkan\u0131 Orgeneral \u0130lker Ba\u015fbu\u011f\u2019un, halkta \u201cB\u00f6l\u00fcnecek miyiz tedirginli\u011fi\u201d ya\u015fand\u0131\u011f\u0131n\u0131 vurgularken, \u201cDemokrasidir her \u015fey s\u00f6ylenir ama insanlar\u0131n genel dengesinin bozulmamas\u0131 laz\u0131m. \u2019B\u00f6l\u00fcnecek miyiz?\u2019 diye tedirginlik olu\u015fuyor. Bana, \u2019Komutan\u0131m ne oluyor?\u2019 diye soruluyor. \u2019Ciddiye almay\u0131n. A\u00e7\u0131k oturumlar\u0131 dinlemeyin. Seyretmeyin \u015fu televizyonlar\u0131\u2019diyorum\u201d a\u00e7\u0131klamas\u0131n\u0131 yapmas\u0131, muhalefetin ele\u015ftirilerine hedef oldu. <!--more--><\/p>\n<p style=\"text-align: justify;\">CHP Grup Ba\u015fkanvekili Hakk\u0131 S\u00fcha Okay, d\u00fcn d\u00fczenledi\u011fi bas\u0131n toplant\u0131s\u0131nda, Orgeneral Ba\u015fbu\u011f\u2019un s\u00f6zlerinin an\u0131msat\u0131lmas\u0131 \u00fczerine, Genelkurmay Ba\u015fkan\u0131\u2019n\u0131n bas\u0131n mensuplar\u0131n\u0131 alarak b\u00f6yle bir ziyaret yapmas\u0131n\u0131n \u201cbir\u015feyler a\u00e7\u0131klamak amac\u0131 ta\u015f\u0131d\u0131\u011f\u0131n\u0131\u201d ifade etti. Okay ard\u0131ndan \u015fu de\u011ferlendirmeyi yapt\u0131:<\/p>\n<p style=\"text-align: justify;\">\u201cSay\u0131n Genelkurmay Ba\u015fkan\u0131 \u20192006 y\u0131l\u0131ndaki a\u00e7\u0131klamam\u0131z\u0131n arkas\u0131nday\u0131z\u2019da diyor. Siyaset\u00e7ilerin TSK\u2019n\u0131n bu t\u00fcr a\u00e7\u0131klamalar\u0131n\u0131 siyasi platforma \u00e7ekip tart\u0131\u015fmas\u0131n\u0131 do\u011fru g\u00f6rm\u00fcyorum. TSK\u2019n\u0131n da bu kadar g\u00fcncel siyasetin i\u00e7inde yer almas\u0131n\u0131 do\u011fru g\u00f6rm\u00fcyorum. Bu bir s\u00fcre\u00e7tir. Bu s\u00fcrecin i\u00e7erisinde anayasa de\u011fi\u015fikli\u011fi olacaksa bu T\u00fcrkiye\u2019de \u00e7ok ciddi bir ayr\u0131\u015fman\u0131n ba\u015flang\u0131c\u0131 olabilir. Onun i\u00e7in bug\u00fcn\u00fcn de\u011fil, gelece\u011fin hesab\u0131n\u0131 herkes yapmak durumundad\u0131r. Bu s\u00fcre\u00e7, T\u00fcrkiye\u2019de ilk kez insanlar\u0131n etnik kimliklerinden dolay\u0131 sorguland\u0131\u011f\u0131 bir s\u00fcre\u00e7 haline d\u00f6n\u00fc\u015fm\u00fc\u015ft\u00fcr. Bu s\u00fcre\u00e7 i\u00e7erisinde \u2019bu tart\u0131\u015fmalar\u0131 izlemeyin\u2019d\u00fc\u015f\u00fcncesine kat\u0131lmak m\u00fcmk\u00fcn de\u011fildir. Demokraside herkes \u00f6zg\u00fcrce d\u00fc\u015f\u00fcncesini ifade edecektir. Bu, T\u00fcrkiye i\u00e7in \u00f6nemli bir tart\u0131\u015fma platformu olmu\u015ftur. Vatanda\u015f\u0131n kendi tercihidir, ister dinler, ister dinlemez.\u201d<\/p>\n<p style=\"text-align: justify;\"><strong><em>\u201cNiye bu laflar\u0131 kullan\u0131yor?\u201d <\/em><\/strong><\/p>\n<p style=\"text-align: justify;\">MHP Grup Ba\u015fkanvekili Oktay Vural da, NTV\u2019de kat\u0131ld\u0131\u011f\u0131 programda ve VATAN\u2019a yapt\u0131\u011f\u0131 de\u011ferlendirmelerde, Ba\u015fbu\u011f\u2019un a\u00e7\u0131klamalar\u0131na tepki g\u00f6sterdi. \u201cTSK\u2019n\u0131n ne zaman nerede konu\u015faca\u011f\u0131 konusunda fikir beyan etmemiz do\u011fru de\u011fil, ama biz g\u00f6r\u00fc\u015flerimizi her yerde s\u00f6yl\u00fcyoruz. MGK bildirisini de ele\u015ftirdik\u201d diyen Vural, \u201cTSK\u2019n\u0131n siyasete bula\u015fmas\u0131n\u0131 do\u011fru bulmuyoruz. Anayasa nezdinde bu kuruma verilmi\u015f g\u00f6revler vard\u0131r. Bu g\u00f6revleri yerine getirmesini bekliyoruz\u201d diye konu\u015ftu. Vural \u00f6zetle \u015funlar\u0131 s\u00f6yledi:<\/p>\n<p style=\"text-align: justify;\">\u201cH\u00fck\u00fcmetin siyasal duru\u015funun T\u00fcrkiye\u2019nin b\u00f6l\u00fcnmesine y\u00f6nelik PKK istekleriyle \u00f6rt\u00fc\u015ft\u00fc\u011f\u00fcn\u00fc d\u00fc\u015f\u00fcn\u00fcyoruz. H\u00fck\u00fcmet PKK\u2019n\u0131n arzular\u0131n\u0131 yerine getirerek s\u00f6zde onunla m\u00fccadele etmek yolunu benimsemi\u015f durumda. Bu y\u00f6n\u00fcyle bak\u0131ld\u0131\u011f\u0131nda a\u00e7\u0131k\u00e7as\u0131, \u2019ciddiye almay\u0131n,b\u00f6l\u00fcnmez\u2019falan, filan&#8230; \u00dcniter devlet, ulusal devlet, T\u00fcrk\u00e7e konusunda endi\u015feleri payla\u015fm\u0131yorsa niye bu laflar\u0131 kullan\u0131yor?<\/p>\n<p style=\"text-align: justify;\">Okullar, s\u0131n\u0131flar, camiler b\u00f6l\u00fcn\u00fcyorsa, TV\u2019ler b\u00f6l\u00fcn\u00fcyorsa bu bir b\u00f6l\u00fcc\u00fcl\u00fck hareketiyle kar\u015f\u0131 kar\u015f\u0131ya oldu\u011fumuzu g\u00f6sterir. Biz b\u00fct\u00fcn devlet kurumlar\u0131ndan, devletin birlik ve b\u00fct\u00fcnl\u00fc\u011f\u00fcne sahip \u00e7\u0131kmas\u0131n\u0131 bekliyoruz. Biz TSK \u00fczerinden siyaset yapmay\u0131, siyaset yap\u0131lmas\u0131n\u0131 do\u011fru bulmuyoruz. Muhatab\u0131m\u0131z h\u00fck\u00fcmettir. Ancak TSK\u2019n\u0131n anayasa \u00e7er\u00e7evesinde kendine verilen g\u00f6revi, anayasal kurumlarla ili\u015fkiler \u00e7ere\u00e7evesinde dile getirmesini ve bunlara sahip \u00e7\u0131kmas\u0131n\u0131 bekliyoruz.<\/p>\n<p style=\"text-align: justify;\">Israrla T\u00fcrk milletinin direnci olan, bunun i\u00e7in milli birlik i\u00e7in kan vermi\u015f kurumlar\u0131 a\u00e7\u0131l\u0131m\u0131n i\u00e7inde g\u00f6sterme gayretleri var. Bu bir psikolojik sava\u015ft\u0131r. Bunu daha \u00f6nce TSK da ifade etmi\u015ftir. Psikolojik bir sava\u015fla TSK\u2019n\u0131n ucu belirsiz bu s\u00fcre\u00e7 i\u00e7ine sokulmak istendi\u011fini d\u00fc\u015f\u00fcn\u00fcyorum.<\/p>\n<p style=\"text-align: justify;\">Say\u0131n Ba\u015fbu\u011f\u2019un \u2019A\u00e7\u0131k oturumlar\u0131 dinlemeyin, T\u00fcrkiye b\u00f6l\u00fcnmez\u2019ifadesi kar\u015f\u0131s\u0131nda Hayati Yaz\u0131c\u0131\u2019n\u0131n K\u00fcrt\u00e7e\u2019yi \u2019ders olmal\u0131\u2019diyerek e\u011fitime sokmak istemesi var. \u00d6calan ile a\u00e7\u0131l\u0131m isteyen AKP\u2019li vekiller var. Bunlar\u0131n vatanda\u015f taraf\u0131ndan bilinmesi gerekiyor. Bence bu m\u00fccadelede vatanda\u015f ne kadar bilgili olursa, kimin ne yapmak istedi\u011fini tespit edebilirsek toplumla b\u00fct\u00fcnle\u015ferek bu oyunlar\u0131 bozabiliriz.\u201d<\/p>\n<p style=\"text-align: justify;\"><strong><em>Ba\u015fbu\u011f Ne Demi\u015fti <\/em><\/strong><\/p>\n<p style=\"text-align: justify;\">Genelkurmay Ba\u015fkan\u0131 Orgeneral \u0130lker Ba\u015fbu\u011f, Suriye s\u0131n\u0131r\u0131ndaki S\u0131n\u0131rtepe karakoluyla bayramla\u015fmas\u0131 ard\u0131ndan Ankara\u2019ya d\u00f6nerken bir grup gazeteciyle yapt\u0131\u011f\u0131 sohbet s\u0131ras\u0131nda \u201c(Ya\u015fanan geli\u015fmelerden tedirginlik duyanlar var) dediniz. Tedirginlik duyanlar kimler?\u201d sorusuna \u015fu yan\u0131t\u0131 vermi\u015fti: \u201cHalk\u0131m\u0131z\u0131n bir b\u00f6l\u00fcm\u00fcnde tedirginlik var. Televizyonlarda s\u00f6ylenmeyen bir \u015fey kald\u0131 m\u0131? \u0130nsanlar buna inan\u0131yor. \u2018Eyvah b\u00f6yle mi olacak?\u2019 diyor. Sivil, asker herkeste tedirginlik g\u00f6rd\u00fcm. Demokrasidir her \u015fey s\u00f6ylenir ama insanlar\u0131n genel dengesinin bozulmamas\u0131 laz\u0131m. \u2018B\u00f6l\u00fcnecek miyiz?\u2019 diye tedirginlik olu\u015fuyor. \u00c7evrenizde size s\u00f6yleyen yok mu? Bana, \u2018Komutan\u0131m ne oluyor?\u2019 diye soruluyor. \u2018Ciddiye almay\u0131n. A\u00e7\u0131k oturumlar\u0131 dinlemeyin. Seyretmeyin \u015fu televizyonlar\u0131\u2019 diyorum.\u201d<\/p>\n<p style=\"text-align: justify;\"><span style=\"color: #888888;\">Kaynak : Vatan<\/span><\/p>\n","protected":false},"excerpt":{"rendered":"<p style=\"text-align: center;\">\n<p style=\"text-align: justify;\">&#8216;TSK\u2019n\u0131n bu kadar siyasetin i\u00e7inde olmas\u0131 do\u011fru de\u011fil&#8217;<\/p>\n<p style=\"text-align: justify;\">Ba\u015fbu\u011f\u2019un \u201cA\u00e7\u0131k oturumlar\u0131 dinlemeyin, TV\u2019leri seyretmeyin\u201d s\u00f6zleri muhalefetin ele\u015ftirilerine hedef oldu. \u201cTSK\u2019n\u0131n da bu kadar g\u00fcncel siyasetin i\u00e7inde yer almas\u0131n\u0131 do\u011fru g\u00f6rm\u00fcyorum\u201d diyen CHP\u2019li Okay\u2019a MHP\u2019li Vural da destek verdi.<\/p>\n<p style=\"text-align: justify;\">Genelkurmay Ba\u015fkan\u0131 Orgeneral \u0130lker Ba\u015fbu\u011f\u2019un, halkta \u201cB\u00f6l\u00fcnecek miyiz <\/p>\n","protected":false},"author":1,"featured_media":0,"comment_status":"open","ping_status":"closed","sticky":false,"template":"","format":"standard","meta":{"footnotes":""},"categories":[105],"tags":[],"class_list":["post-14975","post","type-post","status-publish","format-standard","hentry","category-gundem","odd"],"_links":{"self":[{"href":"http:\/\/www.korhanyilmaz.com\/index.php?rest_route=\/wp\/v2\/posts\/14975","targetHints":{"allow":["GET"]}}],"collection":[{"href":"http:\/\/www.korhanyilmaz.com\/index.php?rest_route=\/wp\/v2\/posts"}],"about":[{"href":"http:\/\/www.korhanyilmaz.com\/index.php?rest_route=\/wp\/v2\/types\/post"}],"author":[{"embeddable":true,"href":"http:\/\/www.korhanyilmaz.com\/index.php?rest_route=\/wp\/v2\/users\/1"}],"replies":[{"embeddable":true,"href":"http:\/\/www.korhanyilmaz.com\/index.php?rest_route=%2Fwp%2Fv2%2Fcomments&post=14975"}],"version-history":[{"count":0,"href":"http:\/\/www.korhanyilmaz.com\/index.php?rest_route=\/wp\/v2\/posts\/14975\/revisions"}],"wp:attachment":[{"href":"http:\/\/www.korhanyilmaz.com\/index.php?rest_route=%2Fwp%2Fv2%2Fmedia&parent=14975"}],"wp:term":[{"taxonomy":"category","embeddable":true,"href":"http:\/\/www.korhanyilmaz.com\/index.php?rest_route=%2Fwp%2Fv2%2Fcategories&post=14975"},{"taxonomy":"post_tag","embeddable":true,"href":"http:\/\/www.korhanyilmaz.com\/index.php?rest_route=%2Fwp%2Fv2%2Ftags&post=14975"}],"curies":[{"name":"wp","href":"https:\/\/api.w.org\/{rel}","templated":true}]}}