{"id":14952,"date":"2009-09-23T23:45:33","date_gmt":"2009-09-23T20:45:33","guid":{"rendered":"http:\/\/www.korhanyilmaz.com\/?p=14952"},"modified":"2026-01-28T11:13:28","modified_gmt":"2026-01-28T08:13:28","slug":"artvinde-sel-felaketi","status":"publish","type":"post","link":"http:\/\/www.korhanyilmaz.com\/?p=14952","title":{"rendered":"Artvin&#8217;de sel felaketi"},"content":{"rendered":"<p style=\"text-align: center;\">\n<p><a href=\"http:\/\/www.korhanyilmaz.com\/wp-content\/uploads\/2009\/09\/527d71eb992df10e2c377e76.jpg\"  class=\"lightview\"><img loading=\"lazy\" decoding=\"async\" class=\"aligncenter size-full wp-image-2095995\" src=\"http:\/\/www.korhanyilmaz.com\/wp-content\/uploads\/2009\/09\/527d71eb992df10e2c377e76.jpg\" alt=\"\" width=\"500\" height=\"375\" \/><\/a><\/p>\n<p style=\"text-align: justify;\">Artvin&#8217;in Bor\u00e7ka il\u00e7esine ba\u011fl\u0131 D\u00fczk\u00f6y&#8217;de a\u015f\u0131r\u0131 ya\u011f\u0131\u015flar sel ve heyelana neden oldu. \u00c7\u00f6ken 5 katl\u0131 bir apartmanda iki ki\u015fi \u00f6ld\u00fc, 3 ki\u015fi ise hala toprak alt\u0131nda.<\/p>\n<p style=\"text-align: justify;\">Artvin&#8217;deki sel felaketinde Bor\u00e7ka il\u00e7esine ba\u011fl\u0131 D\u00fczk\u00f6y&#8217;\u00fcn D\u00fczhanlar mevkiindeki 5 katl\u0131 bir binan\u0131n y\u0131k\u0131ld\u0131\u011f\u0131 bildirildi.<\/p>\n<p style=\"text-align: justify;\">Bina enkaz\u0131ndan \u015fu ana kadar Hacer Demirci (55) ile G\u00fcls\u00fcm Demirci (33) adl\u0131 kad\u0131nlar\u0131n cesetleri \u00e7\u0131kar\u0131ld\u0131. <!--more--><\/p>\n<p style=\"text-align: justify;\">Enkaz alt\u0131nda halen 3 ki\u015finin bulundu\u011fu bildiriliyor.<\/p>\n<p style=\"text-align: justify;\">Kay\u0131p oldu\u011fu bildirilen Ali, Re\u015fit ve Ne\u015fe Demirci&#8217;yi arama \u00e7al\u0131\u015fmalar\u0131 s\u00fcr\u00fcyor.<\/p>\n<p style=\"text-align: justify;\"><em><strong>Meteoroloji uyard\u0131 <\/strong><\/em><\/p>\n<p style=\"text-align: justify;\">Artvin&#8217;de kuvvetli g\u00f6k g\u00fcr\u00fclt\u00fcl\u00fc sa\u011fanak bekleniyor. Devlet Meteoroloji \u0130\u015fleri Genel M\u00fcd\u00fcrl\u00fc\u011f\u00fc&#8217;nden yap\u0131lan &#8220;Meteorolojik Uyar\u0131&#8221;da, Rize ve Hopa&#8217;n\u0131n yan\u0131 s\u0131ra Artvin \u00e7evrelerinde de gece saat 03.00&#8217;a kadar kuvvetli g\u00f6k g\u00fcr\u00fclt\u00fcl\u00fc sa\u011fanak beklendi\u011fi duyuruldu.<\/p>\n<p style=\"text-align: justify;\">Uyar\u0131da, vatanda\u015flar\u0131n su bask\u0131n\u0131, ani sel, heyelan ve y\u0131ld\u0131r\u0131mlara kar\u015f\u0131 dikkatli olmalar\u0131 istendi.<\/p>\n<p style=\"text-align: justify;\"><span style=\"color: #888888;\">CNN T\u00dcRK<\/span><\/p>\n","protected":false},"excerpt":{"rendered":"<p style=\"text-align: center;\">\n<p style=\"text-align: justify;\">Artvin&#8217;in Bor\u00e7ka il\u00e7esine ba\u011fl\u0131 D\u00fczk\u00f6y&#8217;de a\u015f\u0131r\u0131 ya\u011f\u0131\u015flar sel ve heyelana neden oldu. \u00c7\u00f6ken 5 katl\u0131 bir apartmanda iki ki\u015fi \u00f6ld\u00fc, 3 ki\u015fi ise hala toprak alt\u0131nda.<\/p>\n<p style=\"text-align: justify;\">Artvin&#8217;deki sel felaketinde Bor\u00e7ka il\u00e7esine ba\u011fl\u0131 D\u00fczk\u00f6y&#8217;\u00fcn D\u00fczhanlar mevkiindeki 5 katl\u0131 bir binan\u0131n y\u0131k\u0131ld\u0131\u011f\u0131 bildirildi.<\/p>\n<p style=\"text-align: justify;\">Bina enkaz\u0131ndan \u015fu ana <\/p>\n","protected":false},"author":1,"featured_media":0,"comment_status":"open","ping_status":"closed","sticky":false,"template":"","format":"standard","meta":{"footnotes":""},"categories":[105],"tags":[],"class_list":["post-14952","post","type-post","status-publish","format-standard","hentry","category-gundem","odd"],"_links":{"self":[{"href":"http:\/\/www.korhanyilmaz.com\/index.php?rest_route=\/wp\/v2\/posts\/14952","targetHints":{"allow":["GET"]}}],"collection":[{"href":"http:\/\/www.korhanyilmaz.com\/index.php?rest_route=\/wp\/v2\/posts"}],"about":[{"href":"http:\/\/www.korhanyilmaz.com\/index.php?rest_route=\/wp\/v2\/types\/post"}],"author":[{"embeddable":true,"href":"http:\/\/www.korhanyilmaz.com\/index.php?rest_route=\/wp\/v2\/users\/1"}],"replies":[{"embeddable":true,"href":"http:\/\/www.korhanyilmaz.com\/index.php?rest_route=%2Fwp%2Fv2%2Fcomments&post=14952"}],"version-history":[{"count":0,"href":"http:\/\/www.korhanyilmaz.com\/index.php?rest_route=\/wp\/v2\/posts\/14952\/revisions"}],"wp:attachment":[{"href":"http:\/\/www.korhanyilmaz.com\/index.php?rest_route=%2Fwp%2Fv2%2Fmedia&parent=14952"}],"wp:term":[{"taxonomy":"category","embeddable":true,"href":"http:\/\/www.korhanyilmaz.com\/index.php?rest_route=%2Fwp%2Fv2%2Fcategories&post=14952"},{"taxonomy":"post_tag","embeddable":true,"href":"http:\/\/www.korhanyilmaz.com\/index.php?rest_route=%2Fwp%2Fv2%2Ftags&post=14952"}],"curies":[{"name":"wp","href":"https:\/\/api.w.org\/{rel}","templated":true}]}}