{"id":14943,"date":"2009-09-21T15:24:06","date_gmt":"2009-09-21T12:24:06","guid":{"rendered":"http:\/\/www.korhanyilmaz.com\/?p=14943"},"modified":"2009-09-21T15:24:06","modified_gmt":"2009-09-21T12:24:06","slug":"erdgan-diyarbakiri-nereye-merkez-yapacak","status":"publish","type":"post","link":"http:\/\/www.korhanyilmaz.com\/?p=14943","title":{"rendered":"Erd\u011fan Diyarbak\u0131r&#039;\u0131 Nereye Merkez Yapacak?"},"content":{"rendered":"<p><a href=\"http:\/\/www.korhanyilmaz.com\/wp-content\/uploads\/2009\/09\/erdgan13.jpg\"  class=\"lightview\"><img loading=\"lazy\" decoding=\"async\" class=\"aligncenter size-full wp-image-14944\" src=\"http:\/\/www.korhanyilmaz.com\/wp-content\/uploads\/2009\/09\/erdgan13.jpg\" alt=\"\" width=\"409\" height=\"206\" \/><\/a><\/p>\n<p style=\"text-align: justify;\">Ba\u015fbakan Erdo\u011fan, Erbil\u2019e ba\u015fkonsolosluk a\u00e7acaklar\u0131n\u0131 ilan etti. Ba\u015fbakan\u2019\u0131n ilan\u0131 birka\u00e7 nedenle b\u00fcy\u00fck \u00f6nem ta\u015f\u0131yor.<\/p>\n<p style=\"text-align: justify;\">\u00d6ncelikle, herkes Erbil\u2019e \u201ckonsolosluk\u201d a\u00e7arken, bir tek AKP h\u00fck\u00fcmeti \u201cba\u015fkonsolosluk\u201d a\u00e7\u0131yor. Bunun \u00f6zel bir anlam\u0131 var!<\/p>\n<p style=\"text-align: justify;\">Cumhurba\u015fkan\u0131 G\u00fcl\u2019\u00fcn \u201cK\u00fcrdistan\u201d\u0131 ilk defa telaffuz etmesinin \u00fczerinden ge\u00e7en bu 6 ay i\u00e7inde, Ankara ad\u0131m ad\u0131m ABD\u2019nin  kurdu\u011fu K\u00fcrt Devleti&#8217; ini tan\u0131may\u0131 s\u00fcrd\u00fcrd\u00fc. Barzani\u2019ye \u201cdevlet\u201d ba\u015fkan\u0131 s\u0131fat\u0131 verildi; \u201cb\u00f6lge h\u00fck\u00fcmeti\u201d ile resmi g\u00f6r\u00fc\u015fmeler yap\u0131ld\u0131! Bir yandan da \u201cK\u00fcrt a\u00e7\u0131l\u0131m\u0131\u201d yap\u0131larak, ABD\u2019nin \u201cT\u00fcrkiye himayesinde K\u00fcrdistan\u201d plan\u0131 i\u00e7in i\u00e7eride ta\u015flar d\u00f6\u015fendi.<!--more--><\/p>\n<p style=\"text-align: justify;\">Bu arada Ba\u015fbakan\u2019\u0131n \u201cba\u015fkonsolosluk\u201d ilan\u0131n\u0131n yeni olmad\u0131\u011f\u0131n\u0131n da alt\u0131n\u0131 \u00e7izelim. Ba\u015fbakan Erdo\u011fan, iktidar\u0131 \u00f6ncesinde Atlantik \u00f6tesinden tasarlanan bir s\u00fcrecin a\u015famalar\u0131n\u0131 ad\u0131m ad\u0131m uygulamakla m\u00fckellef! (Ki e\u015fba\u015fkan\u0131 oldu\u011funu \u00f6vg\u00fcyle dile getirdi\u011fi BOP, bunu gerektiriyor)<\/p>\n<p style=\"text-align: justify;\">\u00d6rne\u011fin, Ankara\u2019n\u0131n Erbil\u2019e \u201cba\u015f\u201d konsolosluk a\u00e7aca\u011f\u0131 asl\u0131nda 7 y\u0131l \u00f6nce saptand\u0131; ge\u00e7en y\u0131l da tebli\u011f edildi:<\/p>\n<p style=\"text-align: justify;\">Irak Cumhurba\u015fkan\u0131 Yard\u0131mc\u0131s\u0131 Tar\u0131k Ha\u015fimi, Ba\u011fdat B\u00fcy\u00fckel\u00e7imiz Derya Kanbay\u2019\u0131 17 Mart 2008 g\u00fcn\u00fc makam\u0131nda kabul eder ve T\u00fcrkiye\u2019nin Basra ve Erbil\u2019de konsolosluk a\u00e7mak istemesinden b\u00fcy\u00fck memnuniyet duyduklar\u0131n\u0131 s\u00f6yler! (19 Mart 2008 g\u00fcnl\u00fc gazeteler)<\/p>\n<p style=\"text-align: justify;\">Ki bu beyan\u0131n iki hafta \u00f6ncesinde Talabani, Irak Cumhurba\u015fkan\u0131 s\u0131fat\u0131yla Cumhurba\u015fkan\u0131 G\u00fcl\u2019\u00fc ziyaret etmi\u015f ve plan y\u00fcr\u00fcrl\u00fcl\u00fc\u011fe konmu\u015ftu!<\/p>\n<p style=\"text-align: justify;\">\u00d6te yandan Ba\u015fbakan Erdo\u011fan\u2019\u0131n Erbil\u2019e \u201cba\u015f\u201dkonsolosluk a\u00e7ma ilanl\u0131 konu\u015fmas\u0131nda, \u201cKuzey Irak y\u00f6netimiyle de irtibatlar\u0131m\u0131z\u0131 \u00e7ok farkl\u0131 bir \u015fekilde geli\u015ftirece\u011fiz\u201d dedi\u011finin alt\u0131n\u0131 \u00f6zellikle \u00e7izelim ve 5 y\u0131l \u00f6ncesine d\u00f6nelim:<\/p>\n<p style=\"text-align: justify;\">\u201cABD\u2019nin B\u00fcy\u00fck Ortado\u011fu Projesi i\u00e7erisinde Diyarbak\u0131r\u2019\u0131 bir merkez yapaca\u011f\u0131z\u201d (15 \u015eubat 2004, Kanal D, Teke Tek)<\/p>\n<p style=\"text-align: justify;\">Erbil\u2019e \u201cba\u015f\u201dkonsolosluk a\u00e7aca\u011f\u0131n\u0131 ilan eden Ba\u015fbakan Erdo\u011fan, e\u015fba\u015fkan\u0131 da oldu\u011fu ABD\u2019nin B\u00fcy\u00fck Ortado\u011fu Plan\u0131 i\u00e7erisinde Diyarbak\u0131r\u2019\u0131 acaba nereye merkez yapacak?<\/p>\n<p style=\"text-align: justify;\"><a href=\"http:\/\/www.odatv.com\/Siyaset\/erdogan_diyarbakiri_nereye_merkez_yapacak-17735.html\" target=\"_blank\"><span style=\"color: #888888;\">Mehmet Ali G\u00fcller &#8211; Odatv.com &#8211; 21 Eyl\u00fcl 2009<\/span><\/a><\/p>\n","protected":false},"excerpt":{"rendered":"<\/p>\n<p style=\"text-align: justify;\">Ba\u015fbakan Erdo\u011fan, Erbil\u2019e ba\u015fkonsolosluk a\u00e7acaklar\u0131n\u0131 ilan etti. Ba\u015fbakan\u2019\u0131n ilan\u0131 birka\u00e7 nedenle b\u00fcy\u00fck \u00f6nem ta\u015f\u0131yor.<\/p>\n<p style=\"text-align: justify;\">\u00d6ncelikle, herkes Erbil\u2019e \u201ckonsolosluk\u201d a\u00e7arken, bir tek AKP h\u00fck\u00fcmeti \u201cba\u015fkonsolosluk\u201d a\u00e7\u0131yor. Bunun \u00f6zel bir anlam\u0131 var!<\/p>\n<p style=\"text-align: justify;\">Cumhurba\u015fkan\u0131 G\u00fcl\u2019\u00fcn \u201cK\u00fcrdistan\u201d\u0131 ilk defa telaffuz etmesinin \u00fczerinden ge\u00e7en bu 6 ay i\u00e7inde, Ankara ad\u0131m ad\u0131m ABD\u2019nin kurdu\u011fu <\/p>\n","protected":false},"author":1,"featured_media":0,"comment_status":"open","ping_status":"closed","sticky":false,"template":"","format":"standard","meta":{"footnotes":""},"categories":[105],"tags":[],"class_list":["post-14943","post","type-post","status-publish","format-standard","hentry","category-gundem","odd"],"_links":{"self":[{"href":"http:\/\/www.korhanyilmaz.com\/index.php?rest_route=\/wp\/v2\/posts\/14943","targetHints":{"allow":["GET"]}}],"collection":[{"href":"http:\/\/www.korhanyilmaz.com\/index.php?rest_route=\/wp\/v2\/posts"}],"about":[{"href":"http:\/\/www.korhanyilmaz.com\/index.php?rest_route=\/wp\/v2\/types\/post"}],"author":[{"embeddable":true,"href":"http:\/\/www.korhanyilmaz.com\/index.php?rest_route=\/wp\/v2\/users\/1"}],"replies":[{"embeddable":true,"href":"http:\/\/www.korhanyilmaz.com\/index.php?rest_route=%2Fwp%2Fv2%2Fcomments&post=14943"}],"version-history":[{"count":0,"href":"http:\/\/www.korhanyilmaz.com\/index.php?rest_route=\/wp\/v2\/posts\/14943\/revisions"}],"wp:attachment":[{"href":"http:\/\/www.korhanyilmaz.com\/index.php?rest_route=%2Fwp%2Fv2%2Fmedia&parent=14943"}],"wp:term":[{"taxonomy":"category","embeddable":true,"href":"http:\/\/www.korhanyilmaz.com\/index.php?rest_route=%2Fwp%2Fv2%2Fcategories&post=14943"},{"taxonomy":"post_tag","embeddable":true,"href":"http:\/\/www.korhanyilmaz.com\/index.php?rest_route=%2Fwp%2Fv2%2Ftags&post=14943"}],"curies":[{"name":"wp","href":"https:\/\/api.w.org\/{rel}","templated":true}]}}