{"id":14935,"date":"2009-09-23T09:25:34","date_gmt":"2009-09-23T06:25:34","guid":{"rendered":"http:\/\/www.korhanyilmaz.com\/?p=14935"},"modified":"2009-09-23T09:25:34","modified_gmt":"2009-09-23T06:25:34","slug":"sam%e2%80%99in-katkisi-cok-ciddi-olur","status":"publish","type":"post","link":"http:\/\/www.korhanyilmaz.com\/?p=14935","title":{"rendered":"\u015eam\u2019\u0131n katk\u0131s\u0131 \u00e7ok ciddi olur"},"content":{"rendered":"<div id=\"attachment_14937\" style=\"width: 94px\" class=\"wp-caption alignleft\"><a href=\"http:\/\/www.korhanyilmaz.com\/wp-content\/uploads\/2009\/09\/fikret_bila.jpg\"  class=\"lightview\"><img loading=\"lazy\" decoding=\"async\" aria-describedby=\"caption-attachment-14937\" class=\"size-full wp-image-14937\" title=\"Fikret Bila - Milliyet Gazetesi Yazar\u0131\" src=\"http:\/\/www.korhanyilmaz.com\/wp-content\/uploads\/2009\/09\/fikret_bila.jpg\" alt=\"Fikret Bila\" width=\"84\" height=\"90\" \/><\/a><p id=\"caption-attachment-14937\" class=\"wp-caption-text\">Fikret Bila<\/p><\/div>\n<p style=\"text-align: justify;\">Org. Ba\u015fbu\u011f, &#8220;\u2018K\u00fcrt a\u00e7\u0131l\u0131m\u0131&#8217; konusunda, 2006&#8217;da ne s\u00f6ylediysek bug\u00fcn farkl\u0131 bir noktada de\u011filiz. K\u00fcrt\u00e7e \u00f6\u011fretme, K\u00fcrt\u00e7e okuma-yazma diyen mi var? Halk\u0131m\u0131z\u0131n bir b\u00f6l\u00fcm\u00fcnde tedirginlik var. \u2018B\u00f6l\u00fcnecek miyiz?&#8217; diye soruyorlar bize&#8221; dedi.<\/p>\n<p style=\"text-align: justify;\">Genelkurmay Ba\u015fkan\u0131 Orgeneral \u0130lker Ba\u015fbu\u011f&#8217;la S\u0131n\u0131rtepe Karakolu&#8217;ndan d\u00f6n\u00fc\u015fte Mardin Havaalan\u0131&#8217;nda bir s\u00fcre daha sohbet ettik. Ba\u015fbu\u011f, gazetecilerin sorular\u0131n\u0131 yan\u0131tlarken, yapt\u0131\u011f\u0131 konu\u015fmaya da zaman zaman a\u00e7\u0131kl\u0131k getirdi. Suriye Devlet Ba\u015fkan\u0131 Be\u015far Esad&#8217;\u0131n &#8220;Da\u011fdan inecek Suriye uyruklu PKK&#8217;l\u0131lar\u0131 affederiz&#8221; s\u00f6zlerinin sorulmas\u0131 \u00fczerine, bu a\u00e7\u0131klamay\u0131 \u00e7ok olumlu buldu\u011funu belirterek, &#8220;Suriye&#8217;nin ter\u00f6rle m\u00fccadeleye \u00e7ok ciddi katk\u0131s\u0131 olur&#8221; dedi.<\/p>\n<p style=\"text-align: justify;\">Org. Ba\u015fbu\u011f, &#8220;T\u00fcrk ordusu bilmem kimin ordusu de\u011fildir&#8221; s\u00f6zlerinin sorulmas\u0131 \u00fczerine de T\u00fcrk ordusunun, \u015eah&#8217;\u0131n ordusu veya Kom\u00fcnist Parti&#8217;nin K\u0131z\u0131l Ordu&#8217;su gibi olmad\u0131\u011f\u0131n\u0131, millet ordusu oldu\u011fu vurgusunu yapt\u0131.<!--more--><\/p>\n<p style=\"text-align: justify;\">Ba\u015fbu\u011f&#8217;a y\u00f6neltti\u011fimiz sorular ve yan\u0131tlar\u0131 \u015f\u00f6yle:<\/p>\n<p style=\"text-align: justify;\"><strong><em>\u2018Nerede durdu\u011fumuz belli&#8217;<\/em><\/strong><\/p>\n<p style=\"text-align: justify;\">T\u00fcrk Silahl\u0131 Kuvvetleri (TSK), h\u00fck\u00fcmetin K\u00fcrt a\u00e7\u0131l\u0131m\u0131n\u0131n neresinde?<\/p>\n<p style=\"text-align: justify;\">&#8211; B\u00f6l\u00fcc\u00fc ter\u00f6rle m\u00fccadelede nerede oldu\u011fumuz ne d\u00fc\u015f\u00fcnd\u00fc\u011f\u00fcm\u00fcz gayet a\u00e7\u0131k. En a\u00e7\u0131k olan biziz. Nas\u0131l bakt\u0131\u011f\u0131m\u0131z a\u00e7\u0131k ve net. Bunu Zafer Bayram\u0131 mesaj\u0131m\u0131zda da bug\u00fcn de s\u00f6yledik. 2006&#8217;da ne s\u00f6ylediysek bug\u00fcn farkl\u0131 bir noktada de\u011filiz. Bug\u00fcn tekrar s\u00f6yledik. Ben TSK ad\u0131na konu\u015fuyorum. TSK&#8217;n\u0131n pozisyonu belli. Bu konuda kafalarda sual kalmamas\u0131 laz\u0131m.<\/p>\n<p style=\"text-align: justify;\"><strong><em>\u2018Demokratik a\u00e7\u0131l\u0131m\u0131n \u00e7er\u00e7evesi&#8217;<\/em><\/strong><\/p>\n<p style=\"text-align: justify;\">30 A\u011fustos Zafer Bayram\u0131&#8217;ndaki konu\u015fman\u0131zda \u00e7er\u00e7evesini \u00e7izdiniz. S\u00f6yledikleriniz bu \u00e7er\u00e7eve i\u00e7inde a\u00e7\u0131l\u0131m\u0131 destekledi\u011finiz anlam\u0131na gelir mi?<\/p>\n<p style=\"text-align: justify;\">&#8211; Bu \u00e7er\u00e7evede gayet tabii&#8230;<\/p>\n<p style=\"text-align: justify;\"><strong><em>\u2018K\u00fcrt\u00e7e e\u011fitim diye bir sorun yok&#8217;<\/em><\/strong><\/p>\n<p style=\"text-align: justify;\">Siz T\u00fcrk\u00e7e e\u011fitime vurgu yapt\u0131n\u0131z. Mardin&#8217;de K\u00fcrt\u00e7e enstit\u00fcs\u00fc a\u00e7\u0131lacak. K\u00fcrt\u00e7e enstit\u00fc konusunda ne d\u00fc\u015f\u00fcn\u00fcyorsunuz?<\/p>\n<p style=\"text-align: justify;\">&#8211; Onu siz yorumlay\u0131n\u0131z. T\u00fcrk\u00e7e resmi dil. Ekonomik dil. S\u0131n\u0131rtepe k\u00f6y\u00fcn\u00fc birlikte g\u00f6rd\u00fck. S\u0131n\u0131rtepe \u00f6yle problemli bir k\u00f6y de\u011fil. Ona ra\u011fmen s\u0131k\u0131nt\u0131y\u0131 g\u00f6rd\u00fcn\u00fcz. Okumak isteyen k\u0131z\u0131 g\u00f6rd\u00fcn\u00fcz. B\u00f6lgede T\u00fcrk\u00e7e okuma-yazma bilmeyenlerin oran\u0131 y\u00fczde 20. H\u00e2l\u00e2 5 s\u0131n\u0131f ayn\u0131 s\u0131n\u0131fta \u00f6\u011frenim g\u00f6r\u00fcyor. Ger\u00e7i k\u00f6ydeki b\u00fct\u00fcn \u00f6\u011frenci say\u0131s\u0131 25. Zor tabii. Her 5 \u00e7ocu\u011fa bir \u00f6\u011fretmen veremezsiniz. E\u011fitim b\u00f6lgede ciddi sorun.<\/p>\n<p style=\"text-align: justify;\">K\u00fcrt\u00e7e e\u011fitim diye bir sorun var m\u0131?<\/p>\n<p style=\"text-align: justify;\">&#8211; Ben oldu\u011fu kanaatinde de\u011filim. K\u00fcrt\u00e7eyi nerede \u00f6\u011frenecek bu insanlar? Anadil nerede \u00f6\u011frenilir? Anadili \u00f6\u011frenmekte engel var m\u0131? Anadil anneden, babadan \u00f6\u011frenilir. Ana babaya K\u00fcrt\u00e7e \u00f6\u011fretme diyen mi var? K\u00fcrt\u00e7e okuma-yazma diyen mi var? Sorun daha \u00e7ok ya\u015fl\u0131larda. Gen\u00e7lerde T\u00fcrk\u00e7e okuma-yazma bilme oran\u0131 y\u00fczde 90&#8217;lar\u0131n \u00fczerinde. Gelecek daha iyi olacak.<\/p>\n<p style=\"text-align: justify;\"><strong><em>\u2018Affa tak\u0131lmay\u0131n&#8217;<\/em><\/strong><\/p>\n<p style=\"text-align: justify;\">A\u00e7\u0131l\u0131m konusunda kurumlar aras\u0131 uyumdan s\u00f6z ediliyor. TSK&#8217;n\u0131n pozisyonu, tutumu nedir?<\/p>\n<p style=\"text-align: justify;\">&#8211; Flu oldu\u011fumuzu zannetmiyorum.<\/p>\n<p style=\"text-align: justify;\">\u00d6rne\u011fin af konusunda TSK ne d\u00fc\u015f\u00fcn\u00fcyor?<\/p>\n<p style=\"text-align: justify;\">&#8211; Affa tak\u0131lmayal\u0131m. Ba\u015fbakan, \u0130\u00e7i\u015fleri Bakan\u0131 da s\u00f6yledi. \u0130\u015fte TCK 221 kapsam\u0131nda teslim olanlar, sal\u0131verilenler var. Rakam az diyebilirsiniz. Ama \u00f6nemsiz de de\u011fil.<\/p>\n<p style=\"text-align: justify;\"><strong><em>\u2018Suriye \u00e7ok ciddi etkiler&#8217;<\/em><\/strong><\/p>\n<p style=\"text-align: justify;\">Suriye Cumhurba\u015fkan\u0131 Be\u015far Esad, &#8220;Silahlar\u0131n\u0131 b\u0131rak\u0131p gelirlerse PKK militanlar\u0131n\u0131 affedebiliriz&#8221; diyor. Bu, T\u00fcrkiye&#8217;deki ter\u00f6rle m\u00fccadeleyi nas\u0131l etkiler?<\/p>\n<p style=\"text-align: justify;\">&#8211; \u00c7ok ciddi etkiler.<\/p>\n<p style=\"text-align: justify;\">Olumlu mu, olumsuz mu ciddi etkiler?<\/p>\n<p style=\"text-align: justify;\">&#8211; Olumlu buluyorum. \u00c7ok ciddi etkiler. Ter\u00f6rle m\u00fccadele bir s\u00fcre\u00e7tir. Bunun bir sihirli form\u00fcl\u00fc yok. Ne kazan\u0131rsan\u0131z art\u0131 hanenize yazacaks\u0131n\u0131z. Hemen her \u015feyi s\u0131f\u0131rlamak m\u00fcmk\u00fcn de\u011fil. Suriyeli 1500 diyor, 1000 ki\u015fi dahi olsa&#8230; Bir k\u0131sm\u0131 \u00f6rg\u00fctten kopsa, bu ter\u00f6rle m\u00fccadelemizi \u00e7ok ciddi etkiler. Bir de \u015fu var: Hemen sona ermesini beklemeyin. T\u0131p\u0131\u015f t\u0131p\u0131\u015f gelecekler, b\u00f6yle bir \u015fey olmaz. 300-500 ne koparsa kopsun. Ter\u00f6rle m\u00fccadelede mucize olmaz. Mucize form\u00fcl yok. Irak&#8217;\u0131n kuzeyindeki PKK varl\u0131\u011f\u0131n\u0131 par\u00e7alayamazsan\u0131z olmaz. \u00d6ncelik yurti\u00e7inde, yurtd\u0131\u015f\u0131nda deniyor; bunlar yanl\u0131\u015f. Her f\u0131rsattan istifade ederek darbe vuracaks\u0131n\u0131z. Mutlaka Irak&#8217;\u0131n kuzeyindeki varl\u0131\u011f\u0131n\u0131n \u00e7\u00f6z\u00fclmesi laz\u0131m.<\/p>\n<p style=\"text-align: justify;\"><strong><em>\u2018Her kazan\u00e7 \u00f6nemli&#8217;<\/em><\/strong><\/p>\n<p style=\"text-align: justify;\">Suriye&#8217;nin karar\u0131n\u0131 geli\u015fme olarak nitelediniz. Bunun gibi bu s\u00fcre\u00e7te ba\u015fka geli\u015fme var m\u0131?<\/p>\n<p style=\"text-align: justify;\">&#8211; Geli\u015fme var. \u0130stenilen seviyede mi? Hay\u0131r. Ter\u00f6rle m\u00fccadelenin yurti\u00e7i, Irak ve Avrupa aya\u011f\u0131 var. \u00d6rg\u00fct\u00fcn Avrupa&#8217;dan sa\u011flad\u0131\u011f\u0131 mali deste\u011fin kesilmesi, Avrupa&#8217;da siyasalla\u015fmas\u0131, siyasi faaliyetlerinin \u00f6nlenmesi gerekli. Her alanda b\u00fct\u00fcn g\u00fcc\u00fcn\u00fczle m\u00fccadele edeceksiniz. Her kazan\u00e7 \u00f6nemli.<\/p>\n<p style=\"text-align: justify;\"><strong><em>\u2018Ne oluyoruz komutan\u0131m?&#8217;<\/em><\/strong><\/p>\n<p style=\"text-align: justify;\">&#8220;Tedirginlik duyanlar var&#8221; dediniz. Tedirginlik duyanlar kimler?<\/p>\n<p style=\"text-align: justify;\">&#8211; A\u00e7\u0131k konu\u015fuyorum, halk\u0131m\u0131z\u0131n bir b\u00f6l\u00fcm\u00fcnde tedirginlik var. TV&#8217;lerde her \u015fey s\u00f6yleniyor, s\u00f6ylenmeyen kalmad\u0131. Vatanda\u015f, &#8220;Eyvah! B\u00f6yle mi olacak!&#8221; diye tedirginlik duyuyor. Her s\u00f6ylenene bakacak olursan\u0131z&#8230; Demokrasidir, her \u015fey s\u00f6ylenir ama insanlar\u0131n genel dengesinin bozulmamas\u0131 laz\u0131m. \u0130nsanlar, her konu\u015fulan, \u2018olacak&#8217; diye alg\u0131l\u0131yor. &#8220;B\u00f6l\u00fcnecek miyiz?&#8221; diye soruyorlar bize. &#8220;Merak etmeyin&#8221; diyorum. &#8220;L\u00fctfen, seyretmeyin \u015fu televizyonlar\u0131&#8221; diyorum. Bire bir konu\u015ftuklar\u0131ma s\u00f6yl\u00fcyorum. &#8220;Her s\u00f6yleneni ciddiye al\u0131rsan\u0131z olmaz&#8221; diyorum. Asker, sivil, emekli, herkes &#8220;Ne oluyoruz komutan\u0131m?&#8221; diye soruyor. Her s\u00f6ylenen ciddiye al\u0131n\u0131yor. \u00d6zellikle a\u00e7\u0131k oturumlarda vs.. &#8220;O zaman, seyretmeyin, dinlemeyin onlar\u0131&#8221; diyorum.<\/p>\n<p style=\"text-align: justify;\"><strong><em>\u2018Bir \u015fey pi\u015firmiyoruz&#8217;<\/em><\/strong><\/p>\n<p style=\"text-align: justify;\">Baz\u0131 yorumcular &#8220;Ankara&#8217;da bir \u015fey pi\u015firiliyor&#8221; diye yazd\u0131? Ne pi\u015firiliyor?<\/p>\n<p style=\"text-align: justify;\">&#8211; Bizim bir \u015fey pi\u015firdi\u011fimiz yok. Benim insan\u0131m i\u015f istiyor, a\u015f istiyor, e\u011fitim istiyor. K\u0131z \u00e7ocu\u011funu g\u00f6rd\u00fcn\u00fcz. &#8220;\u0130lkokulu bitirdim, liseye gidemiyorum&#8221; diyor. \u00c7ocuk say\u0131s\u0131 \u00e7ok fazla. Muhtar\u0131 g\u00f6rd\u00fcn\u00fcz, 16 \u00e7ocu\u011fu var. 9 \u00e7ocuk, 10 \u00e7ocuk. Bat\u0131da y\u00fczde 5 olan problem, burada y\u00fczde 15 oluyor. G\u00fcvenlik boyutuyla bak\u0131ld\u0131\u011f\u0131nda bu insanlar ter\u00f6r \u00f6rg\u00fct\u00fcne a\u00e7\u0131k hale geliyor. Ankara&#8217;n\u0131n 5 kilometre ilerisinde de ayn\u0131 sorunlar var ama burada ter\u00f6r sorunumuz var. O zaman bu insanlar ter\u00f6r \u00f6rg\u00fct\u00fcne daha a\u00e7\u0131k hale geliyor. Bu sorunlar\u0131 \u00e7\u00f6zerseniz, bu insanlar ter\u00f6r \u00f6rg\u00fct\u00fcn\u00fcn istismar\u0131na kapal\u0131 hale gelir. \u0130nsanlar\u0131 ter\u00f6re kar\u015f\u0131 daha diren\u00e7li hale getirmeliyiz.<\/p>\n<p style=\"text-align: justify;\"><strong><em>\u2018\u015eah&#8217;\u0131n ordusu de\u011filiz&#8217;<\/em><\/strong><\/p>\n<p style=\"text-align: justify;\">Milli ordu vurgusu yapt\u0131n\u0131z, neden gerek duydunuz?<\/p>\n<p style=\"text-align: justify;\">&#8211; Karakolda g\u00f6rd\u00fcn\u00fcz, \u00e7ocuk A\u011fr\u0131l\u0131 ama A\u011fr\u0131&#8217;y\u0131 hi\u00e7 g\u00f6rmemi\u015f. Bizim ordumuzu \u015eah&#8217;\u0131n ordusuyla kar\u015f\u0131la\u015ft\u0131r\u0131yorlar. \u0130ran ordusu, \u015eah&#8217;\u0131n ordusuydu. Sovyetler Birli\u011fi&#8217;nin ordusu kimin ordusuydu? Kom\u00fcnist Partisi Ordusu&#8217;ydu, ad\u0131 K\u0131z\u0131l Ordu&#8217;ydu. T\u00fcrk ordusunu ba\u015fka ordularla kar\u015f\u0131la\u015ft\u0131rmay\u0131n. T\u00fcrk ordusu milletin ordusudur. Bunu bozdurmayaca\u011f\u0131z.<\/p>\n<p style=\"text-align: justify;\"><strong><em>\u2018Afganistan&#8217;a muharip birlik&#8217;<\/em><\/strong><\/p>\n<p style=\"text-align: justify;\">TSK, Afganistan&#8217;daki komutay\u0131 yak\u0131nda alacak. Muharip birlik g\u00f6ndermemiz s\u00f6z konusu mu?<\/p>\n<p style=\"text-align: justify;\">&#8211; K\u00e2bil B\u00f6lge Komutanl\u0131\u011f\u0131&#8217;n\u0131 1 Kas\u0131m&#8217;da alaca\u011f\u0131z. T\u00fcrkiye&#8217;nin Afganistan&#8217;da ISAF 1&#8217;den bu yana muharip birli\u011fi var. Bu yanl\u0131\u015f biliniyor.<\/p>\n<p style=\"text-align: justify;\">Kas\u0131m ay\u0131nda rakamsal art\u0131\u015f olabilir mi?<\/p>\n<p style=\"text-align: justify;\">&#8211; Olabilir.<\/p>\n<p style=\"text-align: center;\"><a href=\"http:\/\/www.korhanyilmaz.com\/wp-content\/uploads\/2009\/09\/fft16_mf379419.Jpeg\"  class=\"lightview\"><img loading=\"lazy\" decoding=\"async\" class=\"aligncenter size-full wp-image-14936\" src=\"http:\/\/www.korhanyilmaz.com\/wp-content\/uploads\/2009\/09\/fft16_mf379419.Jpeg\" alt=\"\" width=\"404\" height=\"270\" \/><\/a><span style=\"color: #888888;\"><em>Gazeteciler, Genelkurmay Ba\u015fkan\u0131 Orgeneral \u0130lker Ba\u015fbu\u011f\u2019la S\u0131n\u0131rtepe Karakolu\u2019ndan d\u00f6n\u00fc\u015fte Mardin Havaalan\u0131\u2019nda bir s\u00fcre daha sohbet etti. Orgeneral Ba\u015fbu\u011f, gazetecilerin sorular\u0131n\u0131 yan\u0131tlad\u0131.<\/em><\/span><\/p>\n<p><span style=\"color: #888888;\">Yazara Ula\u015fmak \u0130\u00e7in : <a href=\"mailto:fbila@milliyet.com.tr\">fbila@milliyet.com.tr<\/a><\/span><\/p>\n<p style=\"text-align: justify;\"><span style=\"color: #888888;\">Kaynak : Fikret Bila &#8211; Milliyet<\/span><\/p>\n","protected":false},"excerpt":{"rendered":"<p id=\"caption-attachment-14937\" class=\"wp-caption-text\">Fikret Bila<\/p>\n<p style=\"text-align: justify;\">Org. Ba\u015fbu\u011f, &#8220;\u2018K\u00fcrt a\u00e7\u0131l\u0131m\u0131&#8217; konusunda, 2006&#8217;da ne s\u00f6ylediysek bug\u00fcn farkl\u0131 bir noktada de\u011filiz. K\u00fcrt\u00e7e \u00f6\u011fretme, K\u00fcrt\u00e7e okuma-yazma diyen mi var? Halk\u0131m\u0131z\u0131n bir b\u00f6l\u00fcm\u00fcnde tedirginlik var. \u2018B\u00f6l\u00fcnecek miyiz?&#8217; diye soruyorlar bize&#8221; dedi.<\/p>\n<p style=\"text-align: justify;\">Genelkurmay Ba\u015fkan\u0131 Orgeneral \u0130lker Ba\u015fbu\u011f&#8217;la S\u0131n\u0131rtepe Karakolu&#8217;ndan d\u00f6n\u00fc\u015fte Mardin Havaalan\u0131&#8217;nda bir s\u00fcre daha sohbet ettik. Ba\u015fbu\u011f, <\/p>\n","protected":false},"author":1,"featured_media":0,"comment_status":"open","ping_status":"closed","sticky":false,"template":"","format":"standard","meta":{"footnotes":""},"categories":[16],"tags":[],"class_list":["post-14935","post","type-post","status-publish","format-standard","hentry","category-kose-yazilari","odd"],"_links":{"self":[{"href":"http:\/\/www.korhanyilmaz.com\/index.php?rest_route=\/wp\/v2\/posts\/14935","targetHints":{"allow":["GET"]}}],"collection":[{"href":"http:\/\/www.korhanyilmaz.com\/index.php?rest_route=\/wp\/v2\/posts"}],"about":[{"href":"http:\/\/www.korhanyilmaz.com\/index.php?rest_route=\/wp\/v2\/types\/post"}],"author":[{"embeddable":true,"href":"http:\/\/www.korhanyilmaz.com\/index.php?rest_route=\/wp\/v2\/users\/1"}],"replies":[{"embeddable":true,"href":"http:\/\/www.korhanyilmaz.com\/index.php?rest_route=%2Fwp%2Fv2%2Fcomments&post=14935"}],"version-history":[{"count":0,"href":"http:\/\/www.korhanyilmaz.com\/index.php?rest_route=\/wp\/v2\/posts\/14935\/revisions"}],"wp:attachment":[{"href":"http:\/\/www.korhanyilmaz.com\/index.php?rest_route=%2Fwp%2Fv2%2Fmedia&parent=14935"}],"wp:term":[{"taxonomy":"category","embeddable":true,"href":"http:\/\/www.korhanyilmaz.com\/index.php?rest_route=%2Fwp%2Fv2%2Fcategories&post=14935"},{"taxonomy":"post_tag","embeddable":true,"href":"http:\/\/www.korhanyilmaz.com\/index.php?rest_route=%2Fwp%2Fv2%2Ftags&post=14935"}],"curies":[{"name":"wp","href":"https:\/\/api.w.org\/{rel}","templated":true}]}}