{"id":14913,"date":"2009-09-23T09:14:13","date_gmt":"2009-09-23T06:14:13","guid":{"rendered":"http:\/\/www.korhanyilmaz.com\/?p=14913"},"modified":"2009-09-23T09:14:13","modified_gmt":"2009-09-23T06:14:13","slug":"erdogan-farkliliklar-zenginliktir","status":"publish","type":"post","link":"http:\/\/www.korhanyilmaz.com\/?p=14913","title":{"rendered":"Erdo\u011fan: &#8221;Farkl\u0131l\u0131klar zenginliktir&#8230;&#8221;"},"content":{"rendered":"<p style=\"text-align: center;\"><a href=\"http:\/\/www.korhanyilmaz.com\/wp-content\/uploads\/2009\/09\/ERDGAN12.jpg\"  class=\"lightview\"><img loading=\"lazy\" decoding=\"async\" class=\"aligncenter size-full wp-image-14916\" src=\"http:\/\/www.korhanyilmaz.com\/wp-content\/uploads\/2009\/09\/ERDGAN12.jpg\" alt=\"\" width=\"307\" height=\"236\" \/><\/a><\/p>\n<p style=\"text-align: justify;\">BM Genel Kurul toplant\u0131lar\u0131 i\u00e7in New York&#8217;ta bulunan Ba\u015fbakan Recep Tayyip Erdo\u011fan, New York Devlet \u00dcniversitesi b\u00fcnyesinde faaliyet g\u00f6steren Levin Enstit\u00fcs\u00fc&#8217;nde &#8220;Medeniyetler \u0130ttifak\u0131&#8221; konulu bir konu\u015fma yapt\u0131. Erdo\u011fan, BM Genel Sekreteri Ban Ki-Mun ile de bir araya geldi.<\/p>\n<p style=\"text-align: justify;\">Levin Enstit\u00fcs\u00fc&#8217;nde konu\u015fan Erdo\u011fan, &#8220;farkl\u0131l\u0131klar\u0131 zenginlik olarak g\u00f6rmek ve o \u015fekilde de\u011ferlendirmek gibi bir bak\u0131\u015f a\u00e7\u0131s\u0131n\u0131 \u00f6ne \u00e7\u0131karmak durumunda olduklar\u0131n\u0131&#8221; belirtti.<\/p>\n<p style=\"text-align: justify;\">Ba\u015fbakan Erdo\u011fan, &#8220;\u015eunu belirtmek isterim, ayr\u0131\u015ft\u0131rmak, farkl\u0131la\u015ft\u0131rmak, b\u00f6lmek, par\u00e7alamak, y\u0131kmak kolay oland\u0131r. Zor olan ama ayn\u0131 zamanda olmas\u0131 gereken evrensel ve insani olan, yapmakt\u0131r, in\u015fa etmektir, bir arada tutmakt\u0131r&#8221; dedi. <!--more--><\/p>\n<p style=\"text-align: justify;\">Erdo\u011fan, &#8220;farkl\u0131l\u0131klar toplumlar\u0131 birbirinden ay\u0131ran unsur olarak g\u00f6r\u00fcld\u00fc\u011f\u00fcnde ter\u00f6re zemin haz\u0131rlard\u0131\u011f\u0131n\u0131&#8221; da ifade etti; &#8220;Ter\u00f6r bug\u00fcn en fazla d\u00fcnyadaki ayr\u0131\u015fmalar\u0131 bir istismar amac\u0131 olarak kullan\u0131yor. Ter\u00f6r\u00fcn en \u00e7ok nemaland\u0131\u011f\u0131 yer bu ayr\u0131\u015fmalard\u0131r. Farkl\u0131l\u0131klar\u0131 adeta ter\u00f6re zemin olarak g\u00f6rd\u00fc\u011f\u00fcm\u00fcz\u00fc biz kendi \u00fclkemizde de ya\u015f\u0131yoruz&#8221; dedi.<\/p>\n<p style=\"text-align: justify;\">&#8220;Biz de son 25 y\u0131l i\u00e7erisinde yakla\u015f\u0131k 6 bin \u015fehit verdik&#8221; diyen Erdo\u011fan, &#8220;Bunun yan\u0131nda vuru\u015fmalarda 30 bine ula\u015fan bir \u00f6l\u00fcm hadisemiz var. \u0130\u015fte biz b\u00fct\u00fcn bunlar\u0131n kar\u015f\u0131s\u0131na ortak de\u011ferleri, evrensel ve insani de\u011ferleri, ortak bir gelecek in\u015fa etme idealini korumak zorunday\u0131z. Zira d\u00fcnyan\u0131n daha da keskinle\u015fen, daha da kutupla\u015fan bir gerilimle yola devam etmesi m\u00fcmk\u00fcn de\u011fildir&#8221; diye konu\u015ftu.<\/p>\n<p style=\"text-align: justify;\">Huntington&#8217;un &#8220;medeniyetler \u00e7at\u0131\u015fmas\u0131&#8221; tezini do\u011frulamak istemediklerini dile getiren Erdo\u011fan, Yunus Emre ve Mevlana gibi d\u00fc\u015f\u00fcn\u00fcrlerin bar\u0131\u015fa y\u00f6nelik g\u00fczel s\u00f6zlerini \u00f6rnek verdi. Erdo\u011fan, &#8220;Nitekim y\u00fczy\u0131llar \u00f6ncesinden bizlere bar\u0131\u015f ve karde\u015flik \u00e7a\u011fr\u0131s\u0131 yapan &#8216;Gelin tan\u0131\u015f olal\u0131m i\u015fi kolay k\u0131lal\u0131m, sevelim sevilelim, d\u00fcnya kimseye kalmaz&#8217; diyor. Hepimiz \u00f6lecek miyiz? \u00d6lece\u011fiz. \u00d6yleyse bu kavga niye, bu sava\u015flar niye?&#8221; diye sordu.<\/p>\n<p style=\"text-align: justify;\"><strong><em>Trafik sorunu ve &#8220;k\u00fc\u00e7\u00fck Tayyip&#8221; <\/em><\/strong><\/p>\n<p style=\"text-align: justify;\">Toplant\u0131ya gelirken arabada Maliye Bakan\u0131 Mehmet \u015eim\u015fek ile yapt\u0131\u011f\u0131 konu\u015fmay\u0131 da \u00f6rnek veren Erdo\u011fan, \u015eim\u015fek ile New York&#8217;ta bir yerden bir yere yaya olarak 15 dakikada gidilebilecek mesafenin ara\u00e7la belki yar\u0131m saatte zor gidildi\u011fini konu\u015ftuklar\u0131n\u0131 s\u00f6yledi.<\/p>\n<p style=\"text-align: justify;\">Erdo\u011fan, &#8220;Bunu konu\u015ftuk ve sorduk acaba neden? Halbuki toplu ta\u015f\u0131mac\u0131l\u0131k en ideal \u015fekilde var. Peki neden? Biz t\u00fcketim ekonomisiyle, verim ekonomisini balans edemiyoruz. \u00d6nce bunun balans edilmesi laz\u0131m. Buradaki s\u00fcreklili\u011fi e\u011fer egemen k\u0131lmazsak gelecek daha tehlikeli. Herhalde bu dev kulelerin y\u0131k\u0131lmas\u0131 m\u00fcmk\u00fcn de\u011fil. Geni\u015f caddeler in\u015fa etmek de m\u00fcmk\u00fcn de\u011fil. Peki bu ara\u00e7lar\u0131 nereye koyaca\u011f\u0131z? \u00dcst \u00fcste bunlar\u0131 m\u0131 bina etmeye ba\u015flayaca\u011f\u0131z? Bu da m\u00fcmk\u00fcn de\u011fil. \u00d6yleyse gelecek \u00e7ok daha b\u00fcy\u00fck tehlike arz ediyor&#8221; dedi.<\/p>\n<p style=\"text-align: justify;\">Ba\u015fbakan, &#8220;Ben \u00e7ok fakir bir ailede b\u00fcy\u00fcd\u00fcm. Bizim kendi \u00f6zel arabam\u0131z yoktu ve okulum 30-40 dakika mesafedeydi. O yolu k\u00fc\u00e7\u00fck Tayyip olarak ben yaya gider gelirdim, annem de elimden, kolumdan tutmazd\u0131 ve ayakkab\u0131lar\u0131m delik de\u015fikti. Ya\u011fmurda, \u00e7amurda, k\u0131\u015fta ayaklar\u0131m\u0131n k\u0131zard\u0131\u011f\u0131n\u0131 bilirim. \u015eimdi biz \u00e7olu\u011fumuza \u00e7ocu\u011fumuza o ayakkab\u0131lar\u0131 lay\u0131k g\u00f6rm\u00fcyoruz, \u00e7ok daha farkl\u0131 bir noktaday\u0131z. Bununla b\u00f6yle olsun demiyoruz. \u015e\u00fcphesiz ki daha iyi ama daha iyi olmal\u0131y\u0131z. Daha iyi olmas\u0131 i\u00e7in t\u00fcketim ekonomisi ile verim ekonomisini dengelememiz laz\u0131m. \u0130sraf ekonomisine de dikkat etmeliyiz. E\u011fer bunu ba\u015far\u0131rsak biz k\u00fcresel ekonomik krizi a\u015fmay\u0131 \u00e7ok iyi \u015fekilde ba\u015far\u0131r\u0131z&#8221; dedi.<\/p>\n<p style=\"text-align: justify;\">Konu\u015fmas\u0131n\u0131n ard\u0131ndan enstit\u00fc M\u00fcd\u00fcr\u00fc Garrick Utley&#8217;in New York&#8217;un trafik sorununa \u00e7\u00f6z\u00fcm \u00f6nerisini sormas\u0131 \u00fczerine de Erdo\u011fan, kendisinin \u0130stanbul B\u00fcy\u00fck\u015fehir Belediye Ba\u015fkanl\u0131\u011f\u0131 yapt\u0131\u011f\u0131n\u0131 hat\u0131rlatt\u0131.<\/p>\n<p style=\"text-align: justify;\"><strong><em>Ban Ki-Mun ile g\u00f6r\u00fc\u015ft\u00fc <\/em><\/strong><\/p>\n<p style=\"text-align: justify;\">Ba\u015fbakan Erdo\u011fan, daha sonra BM Genel Sekreteri Ban Ki-Mun ile bir araya geldi. Genel Sekreter Ban, Erdo\u011fan&#8217;a T\u00fcrk\u00e7e &#8220;Te\u015fekk\u00fcr ederim&#8221; dedi.<\/p>\n<p style=\"text-align: justify;\">G\u00f6r\u00fc\u015fmede, K\u0131br\u0131s, Ortado\u011fu, Afganistan ve iklim de\u011fi\u015fikli\u011fi konular\u0131 g\u00fcndeme geldi.<\/p>\n<p style=\"text-align: justify;\">Genel Sekreter Ban Ki-Mun, K\u0131br\u0131s&#8217;ta y\u00fcr\u00fct\u00fclen bar\u0131\u015f g\u00f6r\u00fc\u015fmeleri ve uluslararas\u0131 alandaki \u00e7abalar\u0131ndan \u00f6t\u00fcr\u00fc Erdo\u011fan&#8217;\u0131 kutlad\u0131. T\u00fcrkiye&#8217;ye iklim de\u011fi\u015fikli\u011fi konusunda g\u00f6sterdi\u011fi liderlikten dolay\u0131 te\u015fekk\u00fcr eden Ban, ayr\u0131ca \u0130stanbul&#8217;da ya\u015fanan son sel felaketiyle ilgili \u00fcz\u00fcnt\u00fclerini dile getirdi.<\/p>\n<p style=\"text-align: justify;\">T\u00fcrkiye ile Ermenistan aras\u0131ndaki ili\u015fkilerin normalle\u015fmesine do\u011fru at\u0131lan yeni ad\u0131mlar\u0131 memnuniyetle kar\u015f\u0131lad\u0131\u011f\u0131n\u0131 da belirten Ban, Afganistan ile ilgili genel konularda da T\u00fcrkiye&#8217;ye yak\u0131n zamanda dan\u0131\u015faca\u011f\u0131n\u0131n i\u015faretini verdi.<\/p>\n<p style=\"text-align: justify;\">Erdo\u011fan ayr\u0131ca, T\u00fcrkmenistan Devlet Ba\u015fkan\u0131 Gurbanguli Berdimuhamedov ile de g\u00f6r\u00fc\u015ft\u00fc. The Plaza Otel&#8217;de ger\u00e7ekle\u015fen g\u00f6r\u00fc\u015fmede, iki \u00fclke ili\u015fkileri, b\u00f6lge ve enerji konular\u0131n\u0131n g\u00fcndeme geldi\u011fi \u00f6\u011frenildi. G\u00f6r\u00fc\u015fme bas\u0131na kapal\u0131 ger\u00e7ekle\u015fti.<\/p>\n<p style=\"text-align: justify;\"><span style=\"color: #888888;\">CNN T\u00dcRK<\/span><\/p>\n","protected":false},"excerpt":{"rendered":"<p style=\"text-align: center;\">\n<p style=\"text-align: justify;\">BM Genel Kurul toplant\u0131lar\u0131 i\u00e7in New York&#8217;ta bulunan Ba\u015fbakan Recep Tayyip Erdo\u011fan, New York Devlet \u00dcniversitesi b\u00fcnyesinde faaliyet g\u00f6steren Levin Enstit\u00fcs\u00fc&#8217;nde &#8220;Medeniyetler \u0130ttifak\u0131&#8221; konulu bir konu\u015fma yapt\u0131. Erdo\u011fan, BM Genel Sekreteri Ban Ki-Mun ile de bir araya geldi.<\/p>\n<p style=\"text-align: justify;\">Levin Enstit\u00fcs\u00fc&#8217;nde konu\u015fan Erdo\u011fan, &#8220;farkl\u0131l\u0131klar\u0131 zenginlik olarak g\u00f6rmek ve o <\/p>\n","protected":false},"author":1,"featured_media":0,"comment_status":"open","ping_status":"closed","sticky":false,"template":"","format":"standard","meta":{"footnotes":""},"categories":[3],"tags":[],"class_list":["post-14913","post","type-post","status-publish","format-standard","hentry","category-dunya","odd"],"_links":{"self":[{"href":"http:\/\/www.korhanyilmaz.com\/index.php?rest_route=\/wp\/v2\/posts\/14913","targetHints":{"allow":["GET"]}}],"collection":[{"href":"http:\/\/www.korhanyilmaz.com\/index.php?rest_route=\/wp\/v2\/posts"}],"about":[{"href":"http:\/\/www.korhanyilmaz.com\/index.php?rest_route=\/wp\/v2\/types\/post"}],"author":[{"embeddable":true,"href":"http:\/\/www.korhanyilmaz.com\/index.php?rest_route=\/wp\/v2\/users\/1"}],"replies":[{"embeddable":true,"href":"http:\/\/www.korhanyilmaz.com\/index.php?rest_route=%2Fwp%2Fv2%2Fcomments&post=14913"}],"version-history":[{"count":0,"href":"http:\/\/www.korhanyilmaz.com\/index.php?rest_route=\/wp\/v2\/posts\/14913\/revisions"}],"wp:attachment":[{"href":"http:\/\/www.korhanyilmaz.com\/index.php?rest_route=%2Fwp%2Fv2%2Fmedia&parent=14913"}],"wp:term":[{"taxonomy":"category","embeddable":true,"href":"http:\/\/www.korhanyilmaz.com\/index.php?rest_route=%2Fwp%2Fv2%2Fcategories&post=14913"},{"taxonomy":"post_tag","embeddable":true,"href":"http:\/\/www.korhanyilmaz.com\/index.php?rest_route=%2Fwp%2Fv2%2Ftags&post=14913"}],"curies":[{"name":"wp","href":"https:\/\/api.w.org\/{rel}","templated":true}]}}