{"id":14910,"date":"2009-09-22T21:47:19","date_gmt":"2009-09-22T18:47:19","guid":{"rendered":"http:\/\/www.korhanyilmaz.com\/?p=14910"},"modified":"2009-09-22T21:47:19","modified_gmt":"2009-09-22T18:47:19","slug":"sabri-tasan-memur-greve-hazirlaniyor","status":"publish","type":"post","link":"http:\/\/www.korhanyilmaz.com\/?p=14910","title":{"rendered":"Sabr\u0131 ta\u015fan memur greve haz\u0131rlan\u0131yor!"},"content":{"rendered":"<p style=\"text-align: center;\"><a href=\"http:\/\/www.korhanyilmaz.com\/wp-content\/uploads\/2009\/09\/grev.jpg\"  class=\"lightview\"><img loading=\"lazy\" decoding=\"async\" class=\"aligncenter size-full wp-image-14911\" src=\"http:\/\/www.korhanyilmaz.com\/wp-content\/uploads\/2009\/09\/grev.jpg\" alt=\"\" width=\"450\" height=\"225\" \/><\/a><\/p>\n<p style=\"text-align: justify;\"><strong><em>\u201cGreve kadar yolumuz var\u201d<\/em><\/strong><\/p>\n<p style=\"text-align: justify;\">T\u00fcrkiye Kamu-Sen Genel Ba\u015fkan\u0131 Bircan Aky\u0131ld\u0131z, kamu \u00e7al\u0131\u015fanlar\u0131n\u0131n haklar\u0131n\u0131 alabilmesi i\u00e7in \u201ceylem s\u00fcreci\u201d ba\u015flatt\u0131klar\u0131n\u0131 s\u00f6yledi. H\u00fck\u00fcmetin IMF politikalar\u0131n\u0131 uygulamak istedi\u011fini savunan Aky\u0131ld\u0131z, \u015f\u00f6yle dedi: \u201cBizim kamu \u00e7al\u0131\u015fanlar\u0131 i\u00e7in talep etti\u011fimiz \u00fccreti haks\u0131z bir talep olarak de\u011ferlendirmek veya y\u00fcksek oldu\u011funu ifade etmek m\u00fcmk\u00fcn de\u011fildir, ekonomik gerek\u00e7eleri vard\u0131r. E\u011fer siz \u00e7al\u0131\u015fma \u015fartlar\u0131n\u0131 etkin bir hale getirmek istiyorsan\u0131z, kamu \u00e7al\u0131\u015fanlar\u0131n\u0131n \u00e7al\u0131\u015fma \u015fartlar\u0131n\u0131 iyi hale getirmek zorundas\u0131n\u0131z.\u201d Aky\u0131ld\u0131z, \u201cArt\u0131k i\u015fimiz, eylem. Uzun y\u00fcr\u00fcy\u00fc\u015fler, a\u00e7l\u0131k grevi ve i\u015f b\u0131rakma eylemi yapaca\u011f\u0131z. Ad\u0131n\u0131 s\u00f6yl\u00fcyorum, bunun ad\u0131 grev olsa dahi yapaca\u011f\u0131z. Durmak yok, m\u00fccadeleye devam\u201d dedi. <!--more--><\/p>\n<p style=\"text-align: justify;\"><strong><em>Memura bayram zehir oldu<\/em><\/strong><\/p>\n<p style=\"text-align: justify;\">Bor\u00e7 bata\u011f\u0131nda inleyen memur, kap\u0131s\u0131 \u00e7al\u0131nacak diye bayram\u0131 korkuyla ge\u00e7irdi. Kamu \u00e7al\u0131\u015fanlar\u0131 evine gelen misafirine ikram edecek \u015fekeri, kolonyay\u0131 sat\u0131n almakta g\u00fc\u00e7l\u00fck \u00e7ekti.<\/p>\n<p style=\"text-align: justify;\">T\u00fcrkiye Kamu Sen Genel Te\u015fkilatland\u0131rma Sekreteri ve T\u00fcrk B\u00fcro Sen Genel Ba\u015fkan\u0131 Fahrettin Yoku\u015f, AKP h\u00fck\u00fcmetinin ba\u015far\u0131s\u0131z ekonomi politikalar\u0131 nedeniyle bayram\u0131n dahi memurlara zehir oldu\u011funu s\u00f6yledi. Yoku\u015f, iktidar\u0131n a\u00e7\u0131klad\u0131\u011f\u0131 Orta vadeli ekonomi program\u0131n\u0131 da ele\u015ftirerek, \u201cOrta Vadeli Programdan anla\u015f\u0131lan o dur ki, ekonomik kriz \u00fclkemizde 2013 y\u0131l\u0131na kadar s\u00fcrecektir. Yani, T\u00fcrkiye\u2019de dar ve sabit gelirli kesim 2013 y\u0131l\u0131na kadar,  i\u015fsiz kalmaya, haciz korkusu ya\u015famaya, iflas\u0131n e\u015fi\u011fine gelmeye devam edecektir. Halk\u0131m\u0131z, \u00e7aresiz bir \u015fekilde, h\u00fck\u00fcmetin orta vadeli ekonomik tedbirlerinin i\u015fe yaramas\u0131n\u0131 ve 2013 y\u0131l\u0131 sonunda rahata kavu\u015fmay\u0131 bekleyecektir. Ama iktidar\u0131n bu beceriksizlikle ekonomiyi 2013 y\u0131l\u0131nda da d\u00fczeltemeyece\u011fi, T\u00fcrkiye\u2019nin uzun y\u0131llar daha belini do\u011frultamayaca\u011f\u0131 ortadad\u0131r. Ayr\u0131ca, bu program\u0131n uygulanmas\u0131n\u0131n tamamlan\u0131p tamamlanmayaca\u011f\u0131 ve ne kadar ba\u015far\u0131l\u0131 olaca\u011f\u0131 da belirsizdir\u201d diye konu\u015ftu. Yoku\u015f, memurlar\u0131n bayram\u0131 korkuyla ge\u00e7irdi\u011fini vurgulayarak, \u201cH\u00fck\u00fcmetin yanl\u0131\u015f ekonomik kriz politikalar\u0131 nedeniyle, memurlar bor\u00e7 bata\u011f\u0131na s\u00fcr\u00fcklenmi\u015ftir. 2010 y\u0131l\u0131 i\u00e7in memura reva g\u00f6r\u00fclen %2,5 + 2,5 sadaka zamm\u0131 ile memur bayram yapamayacakt\u0131r. E\u011fitim ve \u00f6\u011fretim y\u0131l\u0131n\u0131n ba\u015flamas\u0131yla; k\u0131yafet, ayakkab\u0131, defter-kitap masraf\u0131, servis ve yemek \u00fccretinin de s\u0131rt\u0131na binmesiyle, memurun beli iyice b\u00fck\u00fclm\u00fc\u015ft\u00fcr. Kamu \u00e7al\u0131\u015fanlar\u0131, Ramazan Bayram\u0131nda kap\u0131s\u0131 \u00e7al\u0131nacak diye korkuyla ge\u00e7irdi bayram\u0131n\u0131. \u00c7\u00fcnk\u00fc bor\u00e7 bata\u011f\u0131nda inim inim inleyen memur, evine gelecek misafire ikram edecek \u015fekeri, kolonyay\u0131 almakta dahi zorlanmaktad\u0131r. Memura, bayram zehir olmu\u015ftur\u201d \u015feklinde konu\u015ftu. Yoku\u015f, \u201cEkonomik krizin ve bir t\u00fcrl\u00fc iyile\u015fme g\u00f6steremeyen T\u00fcrkiye ekonomisinin bedelini, siyasi iktidar \u00f6demelidir. Bu beceriksizli\u011fin bedelini millet\u00e7e, iktidara \u00f6detmeliyiz.\u201d dedi.<\/p>\n<p style=\"text-align: justify;\"><span style=\"color: #888888;\">Haber Kayna\u011f\u0131 : S\u00fcmeyra Y\u0131lmaz &#8211; <a href=\"http:\/\/www.yenicaggazetesi.com.tr\/haberdetay.php?hit=23435\" target=\"_blank\">yenicaggazetesi.com.tr<\/a><\/span><\/p>\n","protected":false},"excerpt":{"rendered":"<p style=\"text-align: center;\">\n<p style=\"text-align: justify;\">\u201cGreve kadar yolumuz var\u201d<\/p>\n<p style=\"text-align: justify;\">T\u00fcrkiye Kamu-Sen Genel Ba\u015fkan\u0131 Bircan Aky\u0131ld\u0131z, kamu \u00e7al\u0131\u015fanlar\u0131n\u0131n haklar\u0131n\u0131 alabilmesi i\u00e7in \u201ceylem s\u00fcreci\u201d ba\u015flatt\u0131klar\u0131n\u0131 s\u00f6yledi. H\u00fck\u00fcmetin IMF politikalar\u0131n\u0131 uygulamak istedi\u011fini savunan Aky\u0131ld\u0131z, \u015f\u00f6yle dedi: \u201cBizim kamu \u00e7al\u0131\u015fanlar\u0131 i\u00e7in talep etti\u011fimiz \u00fccreti haks\u0131z bir talep olarak de\u011ferlendirmek veya y\u00fcksek oldu\u011funu ifade etmek m\u00fcmk\u00fcn de\u011fildir, ekonomik <\/p>\n","protected":false},"author":1,"featured_media":0,"comment_status":"open","ping_status":"closed","sticky":false,"template":"","format":"standard","meta":{"footnotes":""},"categories":[105],"tags":[],"class_list":["post-14910","post","type-post","status-publish","format-standard","hentry","category-gundem","odd"],"_links":{"self":[{"href":"http:\/\/www.korhanyilmaz.com\/index.php?rest_route=\/wp\/v2\/posts\/14910","targetHints":{"allow":["GET"]}}],"collection":[{"href":"http:\/\/www.korhanyilmaz.com\/index.php?rest_route=\/wp\/v2\/posts"}],"about":[{"href":"http:\/\/www.korhanyilmaz.com\/index.php?rest_route=\/wp\/v2\/types\/post"}],"author":[{"embeddable":true,"href":"http:\/\/www.korhanyilmaz.com\/index.php?rest_route=\/wp\/v2\/users\/1"}],"replies":[{"embeddable":true,"href":"http:\/\/www.korhanyilmaz.com\/index.php?rest_route=%2Fwp%2Fv2%2Fcomments&post=14910"}],"version-history":[{"count":0,"href":"http:\/\/www.korhanyilmaz.com\/index.php?rest_route=\/wp\/v2\/posts\/14910\/revisions"}],"wp:attachment":[{"href":"http:\/\/www.korhanyilmaz.com\/index.php?rest_route=%2Fwp%2Fv2%2Fmedia&parent=14910"}],"wp:term":[{"taxonomy":"category","embeddable":true,"href":"http:\/\/www.korhanyilmaz.com\/index.php?rest_route=%2Fwp%2Fv2%2Fcategories&post=14910"},{"taxonomy":"post_tag","embeddable":true,"href":"http:\/\/www.korhanyilmaz.com\/index.php?rest_route=%2Fwp%2Fv2%2Ftags&post=14910"}],"curies":[{"name":"wp","href":"https:\/\/api.w.org\/{rel}","templated":true}]}}