{"id":14906,"date":"2009-09-22T21:51:21","date_gmt":"2009-09-22T18:51:21","guid":{"rendered":"http:\/\/www.korhanyilmaz.com\/?p=14906"},"modified":"2009-09-22T21:51:21","modified_gmt":"2009-09-22T18:51:21","slug":"israil-vilayeti-olmamiz-icin-ugrasiyorlar","status":"publish","type":"post","link":"http:\/\/www.korhanyilmaz.com\/?p=14906","title":{"rendered":"\u0130srail vilayeti olmam\u0131z i\u00e7in u\u011fra\u015f\u0131yorlar!"},"content":{"rendered":"<p style=\"text-align: center;\"><a href=\"http:\/\/www.korhanyilmaz.com\/wp-content\/uploads\/2009\/09\/erbakan.jpg\"  class=\"lightview\"><img loading=\"lazy\" decoding=\"async\" class=\"aligncenter size-full wp-image-14907\" src=\"http:\/\/www.korhanyilmaz.com\/wp-content\/uploads\/2009\/09\/erbakan.jpg\" alt=\"\" width=\"450\" height=\"225\" \/><\/a><\/p>\n<p style=\"text-align: justify;\"><em><strong>\u0130srail vilayeti olma pe\u015finde ko\u015fuyorlar<\/strong><\/em><\/p>\n<p style=\"text-align: justify;\">Eski Ba\u015fbakanlardan Necmettin Erbakan, AKP\u2019nin \u0130srail\u2019e vilayet olmak istedi\u011fini s\u00f6yledi. Erbakan, Saadet Partisi Ankara \u0130l Ba\u015fkanl\u0131\u011f\u0131n\u0131n bir d\u00fc\u011f\u00fcn salonunda d\u00fczenledi\u011fi bayramla\u015fma t\u00f6renine kat\u0131ld\u0131. Salona giri\u015finde, \u201cM\u00fccahit Erbakan\u201d sloganlar\u0131 e\u015fli\u011finde kar\u015f\u0131lanan Erbakan, konu\u015fmas\u0131n\u0131 k\u00fcrs\u00fc yerine oturdu\u011fu yerden yapmay\u0131 tercih etti. AB\u2019ye girmenin Hristiyanla\u015fmak oldu\u011funu \u00f6ne s\u00fcren Erbakan, \u201cDi\u011fer partilerin yeni bir d\u00fcnya kurma ideali yoktur ama Saadet Partisi\u2019nin vard\u0131r\u201d dedi. <!--more--><\/p>\n<p style=\"text-align: justify;\"><strong><em>Partilerin hepsi \u00e7oluk \u00e7ocuk<\/em><\/strong><\/p>\n<p style=\"text-align: justify;\">SP\u2019nin kurulu bulunan di\u011fer b\u00fct\u00fcn partilerden farkl\u0131 oldu\u011funu savunan Erbakan, \u201cBug\u00fcn g\u00f6rd\u00fc\u011f\u00fcn\u00fcz partilerin hepsi \u00e7oluk \u00e7ocuktur. Bunlar\u0131n kafas\u0131yla bir yere var\u0131lmaz. Meseleleri idrak edecek g\u00fc\u00e7leri yok. Saadet Partisi yeni bir d\u00fcnya kuracak. Onlar ne istiyor? Onlar \u0130srail\u2019e vilayet olmak istiyor\u201d diye konu\u015ftu. Ekonominin her ge\u00e7en g\u00fcn k\u00f6t\u00fcye gitti\u011fini \u00f6ne s\u00fcren Erbakan, \u201c(Herkesin karn\u0131 doyuyormu\u015f) hadi oradan. Kimin karn\u0131 doyuyormu\u015f? Herkes bug\u00fcn kredi kart\u0131 borcu \u00f6demek i\u00e7in \u00e7\u0131rp\u0131n\u0131p duruyor\u201d dedi.<\/p>\n<p style=\"text-align: justify;\">SP\u2019nin bayramla\u015fma t\u00f6renine kat\u0131lan Erbakan, AKP iktidar\u0131n\u0131n icraatlar\u0131n\u0131 yerden yere vurdu.<\/p>\n<p style=\"text-align: justify;\"><span style=\"color: #888888;\">Haber Kayna\u011f\u0131 : <a href=\"http:\/\/www.yenicaggazetesi.com.tr\/haberdetay.php?hit=23440\" target=\"_blank\">yenicaggazetesi.com.tr<\/a><\/span><\/p>\n","protected":false},"excerpt":{"rendered":"<p style=\"text-align: center;\">\n<p style=\"text-align: justify;\">\u0130srail vilayeti olma pe\u015finde ko\u015fuyorlar<\/p>\n<p style=\"text-align: justify;\">Eski Ba\u015fbakanlardan Necmettin Erbakan, AKP\u2019nin \u0130srail\u2019e vilayet olmak istedi\u011fini s\u00f6yledi. Erbakan, Saadet Partisi Ankara \u0130l Ba\u015fkanl\u0131\u011f\u0131n\u0131n bir d\u00fc\u011f\u00fcn salonunda d\u00fczenledi\u011fi bayramla\u015fma t\u00f6renine kat\u0131ld\u0131. Salona giri\u015finde, \u201cM\u00fccahit Erbakan\u201d sloganlar\u0131 e\u015fli\u011finde kar\u015f\u0131lanan Erbakan, konu\u015fmas\u0131n\u0131 k\u00fcrs\u00fc yerine oturdu\u011fu yerden yapmay\u0131 tercih etti. AB\u2019ye girmenin Hristiyanla\u015fmak oldu\u011funu <\/p>\n","protected":false},"author":1,"featured_media":0,"comment_status":"open","ping_status":"closed","sticky":false,"template":"","format":"standard","meta":{"footnotes":""},"categories":[105],"tags":[],"class_list":["post-14906","post","type-post","status-publish","format-standard","hentry","category-gundem","odd"],"_links":{"self":[{"href":"http:\/\/www.korhanyilmaz.com\/index.php?rest_route=\/wp\/v2\/posts\/14906","targetHints":{"allow":["GET"]}}],"collection":[{"href":"http:\/\/www.korhanyilmaz.com\/index.php?rest_route=\/wp\/v2\/posts"}],"about":[{"href":"http:\/\/www.korhanyilmaz.com\/index.php?rest_route=\/wp\/v2\/types\/post"}],"author":[{"embeddable":true,"href":"http:\/\/www.korhanyilmaz.com\/index.php?rest_route=\/wp\/v2\/users\/1"}],"replies":[{"embeddable":true,"href":"http:\/\/www.korhanyilmaz.com\/index.php?rest_route=%2Fwp%2Fv2%2Fcomments&post=14906"}],"version-history":[{"count":0,"href":"http:\/\/www.korhanyilmaz.com\/index.php?rest_route=\/wp\/v2\/posts\/14906\/revisions"}],"wp:attachment":[{"href":"http:\/\/www.korhanyilmaz.com\/index.php?rest_route=%2Fwp%2Fv2%2Fmedia&parent=14906"}],"wp:term":[{"taxonomy":"category","embeddable":true,"href":"http:\/\/www.korhanyilmaz.com\/index.php?rest_route=%2Fwp%2Fv2%2Fcategories&post=14906"},{"taxonomy":"post_tag","embeddable":true,"href":"http:\/\/www.korhanyilmaz.com\/index.php?rest_route=%2Fwp%2Fv2%2Ftags&post=14906"}],"curies":[{"name":"wp","href":"https:\/\/api.w.org\/{rel}","templated":true}]}}