{"id":14894,"date":"2009-09-22T21:00:27","date_gmt":"2009-09-22T18:00:27","guid":{"rendered":"http:\/\/www.korhanyilmaz.com\/?p=14894"},"modified":"2009-09-22T21:00:27","modified_gmt":"2009-09-22T18:00:27","slug":"ilk-temas-musevi-cemaati-temsilcileriyle-2","status":"publish","type":"post","link":"http:\/\/www.korhanyilmaz.com\/?p=14894","title":{"rendered":"\u0130lk temas Musevi cemaati temsilcileriyle"},"content":{"rendered":"<p style=\"text-align: center;\"><a href=\"http:\/\/www.korhanyilmaz.com\/wp-content\/uploads\/2009\/09\/onminute.jpg\"  class=\"lightview\"><img loading=\"lazy\" decoding=\"async\" class=\"aligncenter size-full wp-image-14895\" src=\"http:\/\/www.korhanyilmaz.com\/wp-content\/uploads\/2009\/09\/onminute.jpg\" alt=\"\" width=\"307\" height=\"236\" \/><\/a><\/p>\n<p style=\"text-align: justify;\">Ba\u015fbakan Recep Tayyip Erdo\u011fan, New York&#8217;taki Birle\u015fmi\u015f Milletler 64. Genel Kurulu ve Pitsburg&#8217;da toplanacak G-20 zirvesine kat\u0131lmak \u00fczere ABD&#8217;de. Ba\u015fbakan&#8217;\u0131n ilk g\u00f6r\u00fc\u015fmesi Musevi cemaati temsilcileriyle oldu.<\/p>\n<p style=\"text-align: justify;\">Erdo\u011fan, New York&#8217;ta kald\u0131\u011f\u0131 The Plaza Oteli&#8217;nde, aralar\u0131nda Abraham Foxman&#8217;\u0131n ulusal direkt\u00f6rl\u00fc\u011f\u00fcn\u00fc yapt\u0131\u011f\u0131 &#8220;\u0130nkar ve \u0130ftiraya Kar\u015f\u0131 Birlik&#8221; (Anti-Defamation League-ADL) kurulu\u015funun da bulundu\u011fu New York ve Washington merkezli \u00f6nemli Musevi kurulu\u015flar\u0131n\u0131n temsilcileriyle g\u00f6r\u00fc\u015ft\u00fc. <!--more--><\/p>\n<p style=\"text-align: justify;\">Ge\u00e7en y\u0131l Davos&#8217;taki krizin ard\u0131ndan, Erdo\u011fan&#8217;\u0131n ilk kez biraraya geldi\u011fi Abraham Foxman, &#8220;one minute&#8221; krizinin g\u00fcndeme bile gelmedi\u011fini, konunun tarihe g\u00f6m\u00fcld\u00fc\u011f\u00fcn\u00fc s\u00f6yledi.<\/p>\n<p style=\"text-align: justify;\">Ba\u015fbakan, toplant\u0131da, e\u015fba\u015fkanl\u0131\u011f\u0131n\u0131 ABD&#8217;nin yapt\u0131\u011f\u0131 AG\u0130T Minsk grubunun Ermenistan ile ili\u015fkilerin geli\u015ftirilmesi s\u00fcrecine katk\u0131s\u0131n\u0131n \u00f6nemli oldu\u011funu belirterek, ili\u015fkilerin geli\u015ftirilmesinde bu grubun daha fazla gayret g\u00f6stermesi gerekti\u011fini s\u00f6yledi.<\/p>\n<p style=\"text-align: justify;\">Musevi kurulu\u015flar\u0131, Ba\u015fbakan Erdo\u011fan&#8217;a Ortado\u011fu b\u00f6lgesindeki kitle imha silahlar\u0131n\u0131n yay\u0131lmas\u0131ndan ve \u0130ran Cumhurba\u015fkan\u0131 Mahmud Ahmedinecad&#8217;\u0131n Yahudi soyk\u0131r\u0131m\u0131n\u0131 yads\u0131d\u0131\u011f\u0131 konu\u015fmalardan kayg\u0131 duyduklar\u0131n\u0131 belirtti, Erdo\u011fan da T\u00fcrkiye&#8217;nin b\u00f6lgesinde ve d\u00fcnyada her t\u00fcrl\u00fc kitle imha silah\u0131na ve n\u00fckleer silaha kar\u015f\u0131 oldu\u011funu bildirdi.<\/p>\n<p style=\"text-align: justify;\">Erdo\u011fan, \u0130ran ile yapt\u0131klar\u0131 g\u00f6r\u00fc\u015fmelerde \u0130ran taraf\u0131n\u0131n T\u00fcrkiye&#8217;ye n\u00fckleer program\u0131n\u0131 bar\u0131\u015f\u00e7\u0131l ama\u00e7larla y\u00fcr\u00fctt\u00fc\u011f\u00fcn\u00fc anlatt\u0131\u011f\u0131n\u0131 ve T\u00fcrkiye&#8217;nin de n\u00fckleer silahlara kar\u015f\u0131 oldu\u011funu bu g\u00f6r\u00fc\u015fmelerde her zaman ifade etti\u011fini kaydetti.<\/p>\n<p style=\"text-align: justify;\">Musevi kurulu\u015flar\u0131 temsilcilerin Ba\u015fbakan Erdo\u011fan&#8217;a \u0130srail&#8217;i yak\u0131nda ziyaret etmesinin g\u00fcndemde olup olmad\u0131\u011f\u0131n\u0131 sorunca Erdo\u011fan&#8217;\u0131n hen\u00fcz kesinle\u015fmi\u015f bir\u015fey olmad\u0131\u011f\u0131n\u0131, ancak BM Genel Kurul toplant\u0131lar\u0131 s\u0131ras\u0131nda T\u00fcrk ve \u0130srail d\u0131\u015fi\u015fleri bakanlar\u0131n\u0131n her an g\u00f6r\u00fc\u015febileceklerini s\u00f6yledi\u011fi belirtildi.<\/p>\n<p style=\"text-align: justify;\">Erdo\u011fan&#8217;\u0131n toplant\u0131da \u0130srail ile Suriye aras\u0131nda daha \u00f6nce T\u00fcrkiye&#8217;nin arac\u0131l\u0131\u011f\u0131nda yap\u0131lan dolayl\u0131 g\u00f6r\u00fc\u015fmeler konusunda ise belli bir noktaya kadar ilerleyen, ancak \u0130srail&#8217;in Gazze&#8217;ye sald\u0131r\u0131s\u0131 nedeniyle duran bu s\u00fcreci T\u00fcrkiye&#8217;nin iki taraf\u0131n da talebi olmas\u0131 halinde devam ettirme konusunda elinden geleni yapaca\u011f\u0131n\u0131 s\u00f6yledi\u011fi ifade edildi.<\/p>\n<p style=\"text-align: justify;\">Bu arada, Musevi temsilcilerin Erdo\u011fan&#8217;a, \u0130stanbul&#8217;daki Yahudi cemaatinin T\u00fcrkiye&#8217;de ders y\u0131l\u0131n\u0131n ba\u015f\u0131nda okullarda ayr\u0131mc\u0131l\u0131\u011f\u0131n kald\u0131r\u0131lmas\u0131 ve ilk derste dil, din ve \u0131rk ayr\u0131mc\u0131l\u0131\u011f\u0131na kar\u015f\u0131 sayg\u0131, sevgi ve ho\u015fg\u00f6r\u00fc konusunun i\u015flenmesiyle ilgili &#8220;ilk ders genelgesini&#8221; \u00e7ok olumlu kar\u015f\u0131lad\u0131klar\u0131n\u0131 s\u00f6yledikleri de \u00f6\u011frenildi.<\/p>\n<p style=\"text-align: justify;\">Kalabal\u0131k bir Musevi grubunun kat\u0131ld\u0131\u011f\u0131n\u0131n g\u00f6zlemlendi\u011fi toplant\u0131da, Erdo\u011fan&#8217;\u0131n Museviler&#8217;in yeni y\u0131llar\u0131n\u0131 kutlad\u0131\u011f\u0131 bildirildi.<\/p>\n<p style=\"text-align: justify;\"><strong><em>Davuto\u011flu da g\u00f6r\u00fc\u015fmelere ba\u015flad\u0131 <\/em><\/strong><\/p>\n<p style=\"text-align: justify;\">D\u0131\u015fi\u015fleri Bakan\u0131 Ahmet Davuto\u011flu, New York&#8217;taki temaslar\u0131 \u00e7er\u00e7evesinde Gana, Kamerun ve Tanzanya D\u0131\u015fi\u015fleri Bakanlar\u0131yla g\u00f6r\u00fc\u015ft\u00fc.<\/p>\n<p style=\"text-align: justify;\">Ba\u015fbakan Recep Tayyip Erdo\u011fan&#8217;la birlikte BM Genel Kurulu&#8217;nda d\u00fczenlenen \u0130klim De\u011fi\u015fikli\u011fi Zirvesi&#8217;ne kat\u0131lan Davuto\u011flu daha sonra T\u00fcrkevi&#8217;ne gitti.<\/p>\n<p style=\"text-align: justify;\">Bakan Davuto\u011flu, New York&#8217;taki ilk ikili temas\u0131n\u0131 T\u00fcrkevi&#8217;nde Gana D\u0131\u015fi\u015fleri Bakan\u0131 Muhammed Mumini ile yapt\u0131.<\/p>\n<p style=\"text-align: justify;\">Davuto\u011flu daha sonra Kamerun D\u0131\u015fi\u015fleri Bakan\u0131 Henri Eyebe Ayissi ve Tanzanya D\u0131\u015fi\u015fleri Bakan\u0131 Kamillius Membe ile ayr\u0131 ayr\u0131 g\u00f6r\u00fc\u015ft\u00fc. T\u00fcrkevi&#8217;ndeki g\u00f6r\u00fc\u015fmeler bas\u0131na kapal\u0131 yap\u0131ld\u0131.<\/p>\n<p style=\"text-align: justify;\">Davuto\u011flu&#8217;nun \u0130slam Konferans\u0131 Te\u015fkilat\u0131 (\u0130KT) Genel Sekreteri Ekmeleddin \u0130hsano\u011flu ile de T\u00fcrkevi&#8217;nde g\u00f6r\u00fc\u015fmesi bekleniyor.<\/p>\n<p style=\"text-align: justify;\"><span style=\"color: #888888;\">CNN T\u00dcRK<\/span><\/p>\n","protected":false},"excerpt":{"rendered":"<p style=\"text-align: center;\">\n<p style=\"text-align: justify;\">Ba\u015fbakan Recep Tayyip Erdo\u011fan, New York&#8217;taki Birle\u015fmi\u015f Milletler 64. Genel Kurulu ve Pitsburg&#8217;da toplanacak G-20 zirvesine kat\u0131lmak \u00fczere ABD&#8217;de. Ba\u015fbakan&#8217;\u0131n ilk g\u00f6r\u00fc\u015fmesi Musevi cemaati temsilcileriyle oldu.<\/p>\n<p style=\"text-align: justify;\">Erdo\u011fan, New York&#8217;ta kald\u0131\u011f\u0131 The Plaza Oteli&#8217;nde, aralar\u0131nda Abraham Foxman&#8217;\u0131n ulusal direkt\u00f6rl\u00fc\u011f\u00fcn\u00fc yapt\u0131\u011f\u0131 &#8220;\u0130nkar ve \u0130ftiraya Kar\u015f\u0131 Birlik&#8221; (Anti-Defamation League-ADL) kurulu\u015funun da <\/p>\n","protected":false},"author":1,"featured_media":0,"comment_status":"open","ping_status":"closed","sticky":false,"template":"","format":"standard","meta":{"footnotes":""},"categories":[3],"tags":[],"class_list":["post-14894","post","type-post","status-publish","format-standard","hentry","category-dunya","odd"],"_links":{"self":[{"href":"http:\/\/www.korhanyilmaz.com\/index.php?rest_route=\/wp\/v2\/posts\/14894","targetHints":{"allow":["GET"]}}],"collection":[{"href":"http:\/\/www.korhanyilmaz.com\/index.php?rest_route=\/wp\/v2\/posts"}],"about":[{"href":"http:\/\/www.korhanyilmaz.com\/index.php?rest_route=\/wp\/v2\/types\/post"}],"author":[{"embeddable":true,"href":"http:\/\/www.korhanyilmaz.com\/index.php?rest_route=\/wp\/v2\/users\/1"}],"replies":[{"embeddable":true,"href":"http:\/\/www.korhanyilmaz.com\/index.php?rest_route=%2Fwp%2Fv2%2Fcomments&post=14894"}],"version-history":[{"count":0,"href":"http:\/\/www.korhanyilmaz.com\/index.php?rest_route=\/wp\/v2\/posts\/14894\/revisions"}],"wp:attachment":[{"href":"http:\/\/www.korhanyilmaz.com\/index.php?rest_route=%2Fwp%2Fv2%2Fmedia&parent=14894"}],"wp:term":[{"taxonomy":"category","embeddable":true,"href":"http:\/\/www.korhanyilmaz.com\/index.php?rest_route=%2Fwp%2Fv2%2Fcategories&post=14894"},{"taxonomy":"post_tag","embeddable":true,"href":"http:\/\/www.korhanyilmaz.com\/index.php?rest_route=%2Fwp%2Fv2%2Ftags&post=14894"}],"curies":[{"name":"wp","href":"https:\/\/api.w.org\/{rel}","templated":true}]}}