{"id":14891,"date":"2009-09-22T20:38:18","date_gmt":"2009-09-22T17:38:18","guid":{"rendered":"http:\/\/www.korhanyilmaz.com\/?p=14891"},"modified":"2009-09-22T20:38:18","modified_gmt":"2009-09-22T17:38:18","slug":"demokratik-acilim-acik-konusulacak","status":"publish","type":"post","link":"http:\/\/www.korhanyilmaz.com\/?p=14891","title":{"rendered":"&#8220;Demokratik a\u00e7\u0131l\u0131m&#8221; a\u00e7\u0131k konu\u015fulacak"},"content":{"rendered":"<p style=\"text-align: center;\"><a href=\"http:\/\/www.korhanyilmaz.com\/wp-content\/uploads\/2009\/09\/acilim1.jpg\"  class=\"lightview\"><img loading=\"lazy\" decoding=\"async\" class=\"aligncenter size-full wp-image-14892\" src=\"http:\/\/www.korhanyilmaz.com\/wp-content\/uploads\/2009\/09\/acilim1.jpg\" alt=\"\" width=\"307\" height=\"236\" \/><\/a><\/p>\n<p style=\"text-align: justify;\">Ba\u015fbakan Erdo\u011fan, &#8220;demokratik a\u00e7\u0131l\u0131m&#8221; konusunda TBMM&#8217;de yap\u0131lacak oturumun a\u00e7\u0131k olaca\u011f\u0131n\u0131 bildirdi.<\/p>\n<p style=\"text-align: justify;\">Erdo\u011fan, CHP Genel Ba\u015fkan\u0131 Deniz Baykal&#8217;\u0131n, ABD&#8217;ye seyahati konusundaki s\u00f6zlerine ili\u015fkin olarak ise &#8220;Biz, buraya demokratik a\u00e7\u0131l\u0131m i\u00e7in gelmedik. Buraya hesap vermeye gelmi\u015fiz gibi davran\u0131yor, bu \u00e7ok ay\u0131p&#8221; dedi.<\/p>\n<p style=\"text-align: justify;\">Erdo\u011fan, BM&#8217;deki etkinliklerin ard\u0131ndan New York&#8217;da 5. Avenue&#8217;da bir s\u00fcre y\u00fcr\u00fcd\u00fc.<\/p>\n<p style=\"text-align: justify;\">Daha sonra Rockefeller Center Cafe&#8217;de dinlenen Erdo\u011fan, AA, NTV ve 24 Haber&#8217;in sorular\u0131n\u0131 yan\u0131tlad\u0131. <!--more--><\/p>\n<p style=\"text-align: justify;\">CHP Genel Ba\u015fkan\u0131 Deniz Baykal&#8217;\u0131n, ABD&#8217;ye yapt\u0131\u011f\u0131 seyahate ili\u015fkin &#8220;demokratik a\u00e7\u0131l\u0131m&#8221; ba\u011flam\u0131ndaki ele\u015ftirilerine de yan\u0131t veren Erdo\u011fan, BM Genel Kurulu i\u00e7in bu \u00fclkeye geldiklerini, Baykal&#8217;\u0131n &#8220;bunu sapt\u0131rd\u0131\u011f\u0131n\u0131&#8221; s\u00f6yledi.<\/p>\n<p style=\"text-align: justify;\">&#8220;Biz, buraya demokratik a\u00e7\u0131l\u0131m i\u00e7in gelmedik. Buraya hesap vermeye gelmi\u015fiz gibi davran\u0131yor, bu \u00e7ok ay\u0131p&#8221; diyen Erdo\u011fan, &#8220;Samimiyetle bir \u015feyi tespit etmemiz laz\u0131m. Demokratik a\u00e7\u0131l\u0131m\u0131 burada m\u00fczakereye a\u00e7mak, tart\u0131\u015fmak de\u011fil buraya geli\u015fimizin nedeni. Buraya BM&#8217;nin 64. Genel Kurulu i\u00e7in geldik. Ana muhalefetin lideri bunu farkl\u0131 yerlere kanalize ediyor. &#8216;ABD&#8217;deki dura\u011fa u\u011frad\u0131&#8217; gibi \u00e7irkin bir yakla\u015f\u0131m ortaya koyuyor. Bu, bir defa T\u00fcrkiye Cumhuriyeti devletine sayg\u0131s\u0131zl\u0131kt\u0131r. B\u00f6yle bir sayg\u0131s\u0131zl\u0131\u011f\u0131 anlamakta ben zorlan\u0131yorum&#8221; dedi.<\/p>\n<p style=\"text-align: justify;\">&#8220;Bu T\u00fcrkiye&#8217;ye zarar verir, fayda vermez&#8221; diyen Erdo\u011fan, &#8220;B\u00f6yle bir yak\u0131\u015ft\u0131rmay\u0131 yapmak \u00e7ok \u00e7irkin. Bir di\u011feri de ikinci derecede \u00f6nemli olan G-20 zirvesi. Bu Pittsburgh&#8217;da olacak. G-20 zirvesinin g\u00fcndemi herhalde demokratik a\u00e7\u0131l\u0131m de\u011fil. Toplant\u0131n\u0131n g\u00fcndemi belli. O da d\u00fcnyada ba\u015f g\u00f6steren k\u00fcresel finans krizidir. Bunlar orada konu\u015fulacak&#8221; diye konu\u015ftu.<\/p>\n<p style=\"text-align: justify;\">Bu ba\u015fl\u0131k alt\u0131nda yap\u0131lacak \u00fc\u00e7\u00fcnc\u00fc zirve oldu\u011funu an\u0131msatan Erdo\u011fan, bunu farkl\u0131 yerlere \u00e7ekmenin anlams\u0131z oldu\u011funu belirtti.<\/p>\n<p style=\"text-align: justify;\">Temaslar\u0131 \u00e7er\u00e7evesinde ikili g\u00f6r\u00fc\u015fmeler de yapaca\u011f\u0131n\u0131 anlatan Ba\u015fbakan Erdo\u011fan, bu g\u00f6r\u00fc\u015fmelerde ili\u015fkilerin yan\u0131 s\u0131ra k\u00fcresel sorunlar\u0131 da de\u011ferlendirme f\u0131rsat\u0131 bulaca\u011f\u0131n\u0131 kaydetti.<\/p>\n<p style=\"text-align: justify;\">Erdo\u011fan, &#8220;Bu arada, demokratik a\u00e7\u0131l\u0131mla ilgili olarak bize y\u00f6neltilen sorular olursa, bunlar\u0131n da cevab\u0131n\u0131 veririz. Onlar\u0131 bilgilendirmek, bu noktada sorduklar\u0131 sorular konusunda ayd\u0131nlatmak bizim i\u00e7in ka\u00e7\u0131n\u0131lacak bir husus de\u011fil&#8221; diye konu\u015ftu.<\/p>\n<p style=\"text-align: justify;\"><strong><em>&#8220;TBMM&#8217;de a\u00e7\u0131k oturum&#8221; <\/em><\/strong><\/p>\n<p style=\"text-align: justify;\">D\u00fcn ABD&#8217;deki Musevi kurulu\u015flar\u0131n\u0131n temsilcileriyle yapt\u0131\u011f\u0131 g\u00f6r\u00fc\u015fmeyi an\u0131msatan Erdo\u011fan, onlara da bu mesajlar\u0131 verdi\u011fini, y\u00f6netilen sorulara da cevaplar\u0131 oldu\u011funu ifade etti.<\/p>\n<p style=\"text-align: justify;\">Erdo\u011fan, &#8220;Herhalde onlarla da ben demokratik a\u00e7\u0131l\u0131m\u0131 konu\u015fmad\u0131m. Onlar\u0131n bizim d\u00fcnyaya bak\u0131\u015f\u0131m\u0131z noktas\u0131nda \u00f6zellikle b\u00f6lgesel sorunlar \u00fczerinde sorduklar\u0131 sorular oldu. O sorunlara y\u00f6nelik d\u00fc\u015f\u00fcncelerimizi onlarla payla\u015ft\u0131k. Onlara gerekli cevaplar\u0131 bu noktada verdim ama \u015funu da s\u00f6yleyeyim e\u011fer Say\u0131n Baykal, benim demokratik a\u00e7\u0131l\u0131mdan kast\u0131m \u015fu onu biliyorsunuz, son zamanlarda dedim ki; Bizim demokratik a\u00e7\u0131l\u0131m\u0131m\u0131z\u0131n hedefi t\u00fcm sorun alanlar\u0131n\u0131 masaya yat\u0131rmakt\u0131r. Bu da sorun alanlar\u0131ndan bir tanesiyse, bunu da masaya yat\u0131rm\u0131\u015f oluyoruz. Bu konudaki d\u00fc\u015f\u00fcncelerimizi ortaya koyuyoruz. Bunlardan \u00e7ekinmemize de gerek yok. Bunlar\u0131 da a\u00e7\u0131k a\u00e7\u0131k konu\u015furuz&#8221; dedi.<\/p>\n<p style=\"text-align: justify;\">Ba\u015fbakan Erdo\u011fan, konuyla ilgili Meclis&#8217;te yap\u0131lacak oturumun &#8220;a\u00e7\u0131k m\u0131&#8221; olaca\u011f\u0131 sorusuna da &#8220;Tabii, tabii&#8221; diye yan\u0131t verdi.<\/p>\n<p style=\"text-align: justify;\">Erdo\u011fan, Baykal&#8217;\u0131n yakla\u015f\u0131m\u0131n\u0131 do\u011fru bulmad\u0131\u011f\u0131n\u0131, her seferinde ayn\u0131 \u015feyi yapt\u0131\u011f\u0131n\u0131 ifade ederek, \u00fclkenin ekonomi sorunu, Alevi sorunu, Ermeni konusu gibi alanlardaki sorunlar\u0131n\u0131 \u00e7\u00f6zmek i\u00e7in ad\u0131m att\u0131klar\u0131n\u0131 belirtti.<\/p>\n<p style=\"text-align: justify;\">ABD&#8217;deki temaslar\u0131 s\u00fcresince Ermenistan Devlet Ba\u015fkan\u0131 Serj Sarkisyan ile bir temas\u0131n\u0131n olup olmayaca\u011f\u0131 sorusu \u00fczerine Erdo\u011fan, bildi\u011fi kadar\u0131yla Sarkisyan&#8217;\u0131n gelmeyece\u011fini s\u00f6yledi.<\/p>\n<p style=\"text-align: justify;\">Bu \u00fclkenin yetkilileriyle burada bir temas\u0131n s\u00f6z konusu olup olmad\u0131\u011f\u0131 sorusu \u00fczerine de Erdo\u011fan, netle\u015fen bir temas olmad\u0131\u011f\u0131n\u0131 belirtti.<\/p>\n<p style=\"text-align: justify;\">Ermenistan ile T\u00fcrkiye aras\u0131nda paraflanan protokol konusuyla ilgili soruya da Erdo\u011fan, bunun T\u00fcrkiye&#8217;yi ba\u011flayan bir konu olmad\u0131\u011f\u0131n\u0131 ifade ederek, &#8220;Bu s\u00fcreci bekleyelim. Daha parlamentoya gelecek&#8221; dedi.<\/p>\n<p style=\"text-align: justify;\">Ba\u015fbakan Erdo\u011fan, bu y\u0131l aral\u0131k ay\u0131nda da Washington&#8217;a resmi bir ziyaret ger\u00e7ekle\u015ftirmek i\u00e7in \u00e7al\u0131\u015fmalar\u0131n yap\u0131ld\u0131\u011f\u0131n\u0131 bildirdi. Erdo\u011fan, \u0130srail Ba\u015fbakan\u0131 Binyamin Netanyahu ile de planlanan bir g\u00f6r\u00fc\u015fmesinin bulunmad\u0131\u011f\u0131n\u0131 ancak talep gelmesi halinde g\u00f6r\u00fc\u015febilece\u011fini bildirdi.<\/p>\n<p style=\"text-align: justify;\"><span style=\"color: #888888;\">CNN T\u00dcRK<\/span><\/p>\n","protected":false},"excerpt":{"rendered":"<p style=\"text-align: center;\">\n<p style=\"text-align: justify;\">Ba\u015fbakan Erdo\u011fan, &#8220;demokratik a\u00e7\u0131l\u0131m&#8221; konusunda TBMM&#8217;de yap\u0131lacak oturumun a\u00e7\u0131k olaca\u011f\u0131n\u0131 bildirdi.<\/p>\n<p style=\"text-align: justify;\">Erdo\u011fan, CHP Genel Ba\u015fkan\u0131 Deniz Baykal&#8217;\u0131n, ABD&#8217;ye seyahati konusundaki s\u00f6zlerine ili\u015fkin olarak ise &#8220;Biz, buraya demokratik a\u00e7\u0131l\u0131m i\u00e7in gelmedik. Buraya hesap vermeye gelmi\u015fiz gibi davran\u0131yor, bu \u00e7ok ay\u0131p&#8221; dedi.<\/p>\n<p style=\"text-align: justify;\">Erdo\u011fan, BM&#8217;deki etkinliklerin ard\u0131ndan New York&#8217;da <\/p>\n","protected":false},"author":1,"featured_media":0,"comment_status":"open","ping_status":"closed","sticky":false,"template":"","format":"standard","meta":{"footnotes":""},"categories":[3],"tags":[],"class_list":["post-14891","post","type-post","status-publish","format-standard","hentry","category-dunya","odd"],"_links":{"self":[{"href":"http:\/\/www.korhanyilmaz.com\/index.php?rest_route=\/wp\/v2\/posts\/14891","targetHints":{"allow":["GET"]}}],"collection":[{"href":"http:\/\/www.korhanyilmaz.com\/index.php?rest_route=\/wp\/v2\/posts"}],"about":[{"href":"http:\/\/www.korhanyilmaz.com\/index.php?rest_route=\/wp\/v2\/types\/post"}],"author":[{"embeddable":true,"href":"http:\/\/www.korhanyilmaz.com\/index.php?rest_route=\/wp\/v2\/users\/1"}],"replies":[{"embeddable":true,"href":"http:\/\/www.korhanyilmaz.com\/index.php?rest_route=%2Fwp%2Fv2%2Fcomments&post=14891"}],"version-history":[{"count":0,"href":"http:\/\/www.korhanyilmaz.com\/index.php?rest_route=\/wp\/v2\/posts\/14891\/revisions"}],"wp:attachment":[{"href":"http:\/\/www.korhanyilmaz.com\/index.php?rest_route=%2Fwp%2Fv2%2Fmedia&parent=14891"}],"wp:term":[{"taxonomy":"category","embeddable":true,"href":"http:\/\/www.korhanyilmaz.com\/index.php?rest_route=%2Fwp%2Fv2%2Fcategories&post=14891"},{"taxonomy":"post_tag","embeddable":true,"href":"http:\/\/www.korhanyilmaz.com\/index.php?rest_route=%2Fwp%2Fv2%2Ftags&post=14891"}],"curies":[{"name":"wp","href":"https:\/\/api.w.org\/{rel}","templated":true}]}}