{"id":14884,"date":"2009-09-22T14:58:34","date_gmt":"2009-09-22T11:58:34","guid":{"rendered":"http:\/\/www.korhanyilmaz.com\/?p=14884"},"modified":"2009-09-22T14:58:34","modified_gmt":"2009-09-22T11:58:34","slug":"hulya-avsara-kurt-acilimi-sorusturmasi","status":"publish","type":"post","link":"http:\/\/www.korhanyilmaz.com\/?p=14884","title":{"rendered":"H\u00fclya Av\u015far&#039;a K\u00fcrt a\u00e7\u0131l\u0131m\u0131 soru\u015fturmas\u0131"},"content":{"rendered":"<p style=\"text-align: center;\"><a href=\"http:\/\/www.korhanyilmaz.com\/wp-content\/uploads\/2009\/09\/h\u00fclya.jpg\"  class=\"lightview\"><img loading=\"lazy\" decoding=\"async\" class=\"aligncenter size-full wp-image-14885\" src=\"http:\/\/www.korhanyilmaz.com\/wp-content\/uploads\/2009\/09\/h\u00fclya.jpg\" alt=\"\" width=\"307\" height=\"236\" \/><\/a><\/p>\n<p style=\"text-align: justify;\">Milliyet gazetesine K\u00fcrt a\u00e7\u0131l\u0131m\u0131yla ilgili konu\u015fan H\u00fclya Av\u015far hakk\u0131nda &#8220;halk\u0131 kin, nefret ve d\u00fc\u015fmanl\u0131\u011fa tahrik etti\u011fi&#8221; iddias\u0131yla soru\u015fturma a\u00e7\u0131ld\u0131.<\/p>\n<p style=\"text-align: justify;\">H\u00fcrriyet gazetesinin haberine g\u00f6re \u0130stanbul Bak\u0131rk\u00f6y Cumhuriyet Ba\u015fsavc\u0131l\u0131\u011f\u0131, H\u00fclya Av\u015far ile r\u00f6portaj\u0131 yapan gazeteci Devrim Sevimay&#8217;\u0131 \u015f\u00fcpheli s\u0131fat\u0131yla ifade vermeye \u00e7a\u011f\u0131rd\u0131. <!--more--><\/p>\n<p style=\"text-align: justify;\">Savc\u0131l\u0131\u011f\u0131n \u00e7a\u011fr\u0131 ka\u011f\u0131d\u0131 H\u00fclya Av\u015far&#8217;a ula\u015ft\u0131.<\/p>\n<p style=\"text-align: justify;\">H\u00fcrriyet&#8217;e konu\u015fan Av\u015far, &#8220;Demokratik bir \u00fclkede oldu\u011fumuzu d\u00fc\u015f\u00fcnerek bunlar\u0131 konu\u015ftum. Soru\u015fturma, bana yap\u0131lm\u0131\u015f en b\u00fcy\u00fck hakaret. K\u00fcrt a\u00e7\u0131l\u0131m\u0131n\u0131n tamamen kapat\u0131lmas\u0131d\u0131r. A\u00e7\u0131l\u0131m de\u011fil, kapan\u0131\u015f oldu&#8221; dedi.<\/p>\n<p style=\"text-align: justify;\">R\u00f6portajda, &#8220;Ben sonuna kadar T\u00fcrk&#8217;\u00fcm, ama bu K\u00fcrtleri yok saymak, onlara etnik bask\u0131 yapmak anlam\u0131na gelmemeli&#8221; diyen Av\u015far hakk\u0131nda dava a\u00e7\u0131l\u0131rsa, 1.5 ile 4.5 y\u0131l hapsi istenecek.<\/p>\n<p style=\"text-align: justify;\"><span style=\"color: #888888;\">CNN T\u00dcRK<\/span><\/p>\n","protected":false},"excerpt":{"rendered":"<p style=\"text-align: center;\">\n<p style=\"text-align: justify;\">Milliyet gazetesine K\u00fcrt a\u00e7\u0131l\u0131m\u0131yla ilgili konu\u015fan H\u00fclya Av\u015far hakk\u0131nda &#8220;halk\u0131 kin, nefret ve d\u00fc\u015fmanl\u0131\u011fa tahrik etti\u011fi&#8221; iddias\u0131yla soru\u015fturma a\u00e7\u0131ld\u0131.<\/p>\n<p style=\"text-align: justify;\">H\u00fcrriyet gazetesinin haberine g\u00f6re \u0130stanbul Bak\u0131rk\u00f6y Cumhuriyet Ba\u015fsavc\u0131l\u0131\u011f\u0131, H\u00fclya Av\u015far ile r\u00f6portaj\u0131 yapan gazeteci Devrim Sevimay&#8217;\u0131 \u015f\u00fcpheli s\u0131fat\u0131yla ifade vermeye \u00e7a\u011f\u0131rd\u0131. <\/p>\n","protected":false},"author":1,"featured_media":0,"comment_status":"open","ping_status":"closed","sticky":false,"template":"","format":"standard","meta":{"footnotes":""},"categories":[105],"tags":[],"class_list":["post-14884","post","type-post","status-publish","format-standard","hentry","category-gundem","odd"],"_links":{"self":[{"href":"http:\/\/www.korhanyilmaz.com\/index.php?rest_route=\/wp\/v2\/posts\/14884","targetHints":{"allow":["GET"]}}],"collection":[{"href":"http:\/\/www.korhanyilmaz.com\/index.php?rest_route=\/wp\/v2\/posts"}],"about":[{"href":"http:\/\/www.korhanyilmaz.com\/index.php?rest_route=\/wp\/v2\/types\/post"}],"author":[{"embeddable":true,"href":"http:\/\/www.korhanyilmaz.com\/index.php?rest_route=\/wp\/v2\/users\/1"}],"replies":[{"embeddable":true,"href":"http:\/\/www.korhanyilmaz.com\/index.php?rest_route=%2Fwp%2Fv2%2Fcomments&post=14884"}],"version-history":[{"count":0,"href":"http:\/\/www.korhanyilmaz.com\/index.php?rest_route=\/wp\/v2\/posts\/14884\/revisions"}],"wp:attachment":[{"href":"http:\/\/www.korhanyilmaz.com\/index.php?rest_route=%2Fwp%2Fv2%2Fmedia&parent=14884"}],"wp:term":[{"taxonomy":"category","embeddable":true,"href":"http:\/\/www.korhanyilmaz.com\/index.php?rest_route=%2Fwp%2Fv2%2Fcategories&post=14884"},{"taxonomy":"post_tag","embeddable":true,"href":"http:\/\/www.korhanyilmaz.com\/index.php?rest_route=%2Fwp%2Fv2%2Ftags&post=14884"}],"curies":[{"name":"wp","href":"https:\/\/api.w.org\/{rel}","templated":true}]}}